{"id":1547,"date":"2023-08-13T12:13:22","date_gmt":"2023-08-13T11:13:22","guid":{"rendered":"https:\/\/heerenveenlokaal.nl\/?p=1547"},"modified":"2023-08-13T12:13:22","modified_gmt":"2023-08-13T11:13:22","slug":"vragen-aan-college-over-belvedere-uitkijktoren-oranjewoud","status":"publish","type":"post","link":"https:\/\/heerenveenlokaal.nl\/fy\/vragen-aan-college-over-belvedere-uitkijktoren-oranjewoud\/","title":{"rendered":"Fragen oan de ried oer de Belvedere \u00datsjochtoer Oranjewoud"},"content":{"rendered":"<p>Heerenveen Lokaal heeft schriftelijke vragen gesteld aan het college van Heerenveen met betrekking tot de Belved\u00e8re uitkijktoren in Oranjewoud. Deze vragen zijn ge\u00efnspireerd door eerdere vragen en een brief van omwonenden aan de Bieruma Oostingweg.<\/p>\n\n\n\n<p>De Belved\u00e8re uitkijktoren en omliggende gebieden, waaronder Tjaarda&#8217;s Bos, zijn rijksmonumenten met unieke historische waarde. Recente communicatie van HusenHiem, dat verantwoordelijk is voor welstandadvisering en monumentenzorg, heeft een negatief oordeel gegeven over de bouwaanvragen voor de Belved\u00e8re en gerelateerde plannen.<\/p>\n\n\n\n<p>Heerenveen Lokaal maakt zich zorgen over de toekomst van deze monumenten en heeft de volgende vragen gesteld:<\/p>\n\n\n\n<p><strong>Om te freegjen:<\/strong><\/p>\n\n\n\n<ol class=\"wp-block-list\">\n<li>Zal het college de vergunningen afwijzen op basis van adviezen van de Rijksdienst voor Cultureel Erfgoed en HusenHiem?<\/li>\n\n\n\n<li>Deelt het college de mening van Heerenveen Lokaal, HusenHiem en de Rijksdienst voor Cultureel Erfgoed dat de voorgestelde plannen van Staatsbosbeheer en Stichting Belvedere Oranjewoud niet voldoen aan de normen voor monumentenzorg en welstand?<\/li>\n\n\n\n<li>Is het college het eens met de aanbeveling om een beheerplan op te stellen voor de Berg en Tjaarda&#8217;s Bos, waarin toekomstig onderhoud en beheer zijn beschreven?<\/li>\n\n\n\n<li>Hoe zal het raadsbesluit van 22 september 2022, dat geen ruimte biedt voor extra attracties zoals een labyrint, worden meegenomen in de besluitvorming?<\/li>\n\n\n\n<li>Zijn zowel de Stichting Belved\u00e8re Oranjewoud als omwonenden van de Bieruma Oostingweg gelijkwaardige gesprekspartners voor het college?<\/li>\n\n\n\n<li>Heeft het college contact gehad met beide genoemde partijen en kunnen verslagen van deze gesprekken worden gedeeld?<\/li>\n\n\n\n<li>Kan het college een overzicht geven van onderhoudswerkzaamheden aan de Belved\u00e8re toren en de Berg in de afgelopen 10 jaar?<\/li>\n\n\n\n<li>Welke verplichtingen heeft de gemeente met betrekking tot het onderhoud van rijksmonumenten zoals de Berg, Tjaarda&#8217;s Bos en bijbehorende structuren?<\/li>\n\n\n\n<li>Onder welke voorwaarden kan het college nieuwe plannen voor genoemde rijksmonumenten toestaan?<\/li>\n<\/ol>\n\n\n\n<p>Voor meer informatie over dit onderwerp kunt u contact opnemen met Anton Melein, raadslid van Heerenveen Lokaal.<\/p>\n\n\n\n<p>Met vriendelijke groet,<\/p>\n\n\n\n<p>Anton Melein<br \/>Raadslid Heerenveen Lokaal<\/p>","protected":false},"excerpt":{"rendered":"<p>Heerenveen Lokaal heeft schriftelijke vragen gesteld aan het college van Heerenveen met betrekking tot de Belved\u00e8re uitkijktoren in Oranjewoud. Deze vragen zijn ge\u00efnspireerd door eerdere vragen en een brief van omwonenden aan de Bieruma Oostingweg. De Belved\u00e8re uitkijktoren en omliggende gebieden, waaronder Tjaarda&#8217;s Bos, zijn rijksmonumenten met unieke historische waarde. Recente communicatie van HusenHiem, dat [&hellip;]<\/p>\n","protected":false},"author":3,"featured_media":1548,"comment_status":"closed","ping_status":"closed","sticky":false,"template":"","format":"standard","meta":{"_acf_changed":false,"mc4wp_mailchimp_campaign":[],"footnotes":""},"categories":[13],"tags":[],"class_list":["post-1547","post","type-post","status-publish","format-standard","has-post-thumbnail","hentry","category-nieuws"],"acf":[],"yoast_head":"<!-- This site is optimized with the Yoast SEO plugin v27.4 - https:\/\/yoast.com\/product\/yoast-seo-wordpress\/ -->\n<title>Vragen aan college over Belved\u00e8re Uitkijktoren Oranjewoud - Politiek Heerenveen - Heerenveen Lokaal<\/title>\n<meta name=\"description\" content=\"Heerenveen Lokaal heeft vragen gesteld aan het college van Heerenveen met betrekking tot de Belved\u00e8re uitkijktoren in Oranjewoud\" \/>\n<meta name=\"robots\" content=\"index, follow, max-snippet:-1, max-image-preview:large, max-video-preview:-1\" \/>\n<link rel=\"canonical\" href=\"https:\/\/heerenveenlokaal.nl\/fy\/vragen-aan-college-over-belvedere-uitkijktoren-oranjewoud\/\" \/>\n<meta property=\"og:locale\" content=\"en_US\" \/>\n<meta property=\"og:type\" content=\"article\" \/>\n<meta property=\"og:title\" content=\"Vragen aan college over Belved\u00e8re Uitkijktoren Oranjewoud - Politiek Heerenveen - Heerenveen Lokaal\" \/>\n<meta property=\"og:description\" content=\"Heerenveen Lokaal heeft vragen gesteld aan het college van Heerenveen met betrekking tot de Belved\u00e8re uitkijktoren in Oranjewoud\" \/>\n<meta property=\"og:url\" content=\"https:\/\/heerenveenlokaal.nl\/fy\/vragen-aan-college-over-belvedere-uitkijktoren-oranjewoud\/\" \/>\n<meta property=\"og:site_name\" content=\"Politiek Heerenveen - Heerenveen Lokaal\" \/>\n<meta property=\"article:published_time\" content=\"2023-08-13T11:13:22+00:00\" \/>\n<meta property=\"og:image\" content=\"https:\/\/heerenveenlokaal.nl\/wp-content\/uploads\/2023\/08\/Uitkijktoren-Belvedere-heerenveen-lokaal.jpg\" \/>\n\t<meta property=\"og:image:width\" content=\"500\" \/>\n\t<meta property=\"og:image:height\" content=\"750\" \/>\n\t<meta property=\"og:image:type\" content=\"image\/jpeg\" \/>\n<meta name=\"author\" content=\"Heerenveen Lokaal\" \/>\n<meta name=\"twitter:card\" content=\"summary_large_image\" \/>\n<meta name=\"twitter:label1\" content=\"Skreaun troch\" \/>\n\t<meta name=\"twitter:data1\" content=\"Heerenveen Lokaal\" \/>\n\t<meta name=\"twitter:label2\" content=\"Est. l\u00eastiid\" \/>\n\t<meta name=\"twitter:data2\" content=\"2 minuten\" \/>\n<script type=\"application\/ld+json\" class=\"yoast-schema-graph\">{\"@context\":\"https:\\\/\\\/schema.org\",\"@graph\":[{\"@type\":\"Article\",\"@id\":\"https:\\\/\\\/heerenveenlokaal.nl\\\/vragen-aan-college-over-belvedere-uitkijktoren-oranjewoud\\\/#article\",\"isPartOf\":{\"@id\":\"https:\\\/\\\/heerenveenlokaal.nl\\\/vragen-aan-college-over-belvedere-uitkijktoren-oranjewoud\\\/\"},\"author\":{\"name\":\"Heerenveen Lokaal\",\"@id\":\"https:\\\/\\\/heerenveenlokaal.nl\\\/#\\\/schema\\\/person\\\/98668054f6b5255c57eb8070a7495491\"},\"headline\":\"Vragen aan college over Belved\u00e8re Uitkijktoren Oranjewoud\",\"datePublished\":\"2023-08-13T11:13:22+00:00\",\"mainEntityOfPage\":{\"@id\":\"https:\\\/\\\/heerenveenlokaal.nl\\\/vragen-aan-college-over-belvedere-uitkijktoren-oranjewoud\\\/\"},\"wordCount\":319,\"publisher\":{\"@id\":\"https:\\\/\\\/heerenveenlokaal.nl\\\/#organization\"},\"image\":{\"@id\":\"https:\\\/\\\/heerenveenlokaal.nl\\\/vragen-aan-college-over-belvedere-uitkijktoren-oranjewoud\\\/#primaryimage\"},\"thumbnailUrl\":\"https:\\\/\\\/heerenveenlokaal.nl\\\/wp-content\\\/uploads\\\/2023\\\/08\\\/Uitkijktoren-Belvedere-heerenveen-lokaal.webp\",\"articleSection\":[\"Nieuws\"],\"inLanguage\":\"fy\"},{\"@type\":\"WebPage\",\"@id\":\"https:\\\/\\\/heerenveenlokaal.nl\\\/vragen-aan-college-over-belvedere-uitkijktoren-oranjewoud\\\/\",\"url\":\"https:\\\/\\\/heerenveenlokaal.nl\\\/vragen-aan-college-over-belvedere-uitkijktoren-oranjewoud\\\/\",\"name\":\"Vragen aan college over Belved\u00e8re Uitkijktoren Oranjewoud - Politiek Heerenveen - Heerenveen Lokaal\",\"isPartOf\":{\"@id\":\"https:\\\/\\\/heerenveenlokaal.nl\\\/#website\"},\"primaryImageOfPage\":{\"@id\":\"https:\\\/\\\/heerenveenlokaal.nl\\\/vragen-aan-college-over-belvedere-uitkijktoren-oranjewoud\\\/#primaryimage\"},\"image\":{\"@id\":\"https:\\\/\\\/heerenveenlokaal.nl\\\/vragen-aan-college-over-belvedere-uitkijktoren-oranjewoud\\\/#primaryimage\"},\"thumbnailUrl\":\"https:\\\/\\\/heerenveenlokaal.nl\\\/wp-content\\\/uploads\\\/2023\\\/08\\\/Uitkijktoren-Belvedere-heerenveen-lokaal.webp\",\"datePublished\":\"2023-08-13T11:13:22+00:00\",\"description\":\"Heerenveen Lokaal heeft vragen gesteld aan het college van Heerenveen met betrekking tot de Belved\u00e8re uitkijktoren in Oranjewoud\",\"breadcrumb\":{\"@id\":\"https:\\\/\\\/heerenveenlokaal.nl\\\/vragen-aan-college-over-belvedere-uitkijktoren-oranjewoud\\\/#breadcrumb\"},\"inLanguage\":\"fy\",\"potentialAction\":[{\"@type\":\"ReadAction\",\"target\":[\"https:\\\/\\\/heerenveenlokaal.nl\\\/vragen-aan-college-over-belvedere-uitkijktoren-oranjewoud\\\/\"]}]},{\"@type\":\"ImageObject\",\"inLanguage\":\"fy\",\"@id\":\"https:\\\/\\\/heerenveenlokaal.nl\\\/vragen-aan-college-over-belvedere-uitkijktoren-oranjewoud\\\/#primaryimage\",\"url\":\"https:\\\/\\\/heerenveenlokaal.nl\\\/wp-content\\\/uploads\\\/2023\\\/08\\\/Uitkijktoren-Belvedere-heerenveen-lokaal.webp\",\"contentUrl\":\"https:\\\/\\\/heerenveenlokaal.nl\\\/wp-content\\\/uploads\\\/2023\\\/08\\\/Uitkijktoren-Belvedere-heerenveen-lokaal.webp\",\"width\":500,\"height\":750,\"caption\":\"Heerenveen Lokaal stelt vragen aan college over Belvedere uitkijktoren\"},{\"@type\":\"BreadcrumbList\",\"@id\":\"https:\\\/\\\/heerenveenlokaal.nl\\\/vragen-aan-college-over-belvedere-uitkijktoren-oranjewoud\\\/#breadcrumb\",\"itemListElement\":[{\"@type\":\"ListItem\",\"position\":1,\"name\":\"Home\",\"item\":\"https:\\\/\\\/heerenveenlokaal.nl\\\/\"},{\"@type\":\"ListItem\",\"position\":2,\"name\":\"Vragen aan college over Belved\u00e8re Uitkijktoren Oranjewoud\"}]},{\"@type\":\"WebSite\",\"@id\":\"https:\\\/\\\/heerenveenlokaal.nl\\\/#website\",\"url\":\"https:\\\/\\\/heerenveenlokaal.nl\\\/\",\"name\":\"Politiek Heerenveen - Heerenveen Lokaal\",\"description\":\"\",\"publisher\":{\"@id\":\"https:\\\/\\\/heerenveenlokaal.nl\\\/#organization\"},\"potentialAction\":[{\"@type\":\"SearchAction\",\"target\":{\"@type\":\"EntryPoint\",\"urlTemplate\":\"https:\\\/\\\/heerenveenlokaal.nl\\\/?s={search_term_string}\"},\"query-input\":{\"@type\":\"PropertyValueSpecification\",\"valueRequired\":true,\"valueName\":\"search_term_string\"}}],\"inLanguage\":\"fy\"},{\"@type\":\"Organization\",\"@id\":\"https:\\\/\\\/heerenveenlokaal.nl\\\/#organization\",\"name\":\"Politiek Heerenveen - Heerenveen Lokaal\",\"url\":\"https:\\\/\\\/heerenveenlokaal.nl\\\/\",\"logo\":{\"@type\":\"ImageObject\",\"inLanguage\":\"fy\",\"@id\":\"https:\\\/\\\/heerenveenlokaal.nl\\\/#\\\/schema\\\/logo\\\/image\\\/\",\"url\":\"https:\\\/\\\/heerenveenlokaal.nl\\\/wp-content\\\/uploads\\\/2019\\\/05\\\/cropped-cropped-Logo_Heerenveen_Lokaal_web.jpg\",\"contentUrl\":\"https:\\\/\\\/heerenveenlokaal.nl\\\/wp-content\\\/uploads\\\/2019\\\/05\\\/cropped-cropped-Logo_Heerenveen_Lokaal_web.jpg\",\"width\":512,\"height\":512,\"caption\":\"Politiek Heerenveen - Heerenveen Lokaal\"},\"image\":{\"@id\":\"https:\\\/\\\/heerenveenlokaal.nl\\\/#\\\/schema\\\/logo\\\/image\\\/\"}},{\"@type\":\"Person\",\"@id\":\"https:\\\/\\\/heerenveenlokaal.nl\\\/#\\\/schema\\\/person\\\/98668054f6b5255c57eb8070a7495491\",\"name\":\"Heerenveen Lokaal\",\"image\":{\"@type\":\"ImageObject\",\"inLanguage\":\"fy\",\"@id\":\"https:\\\/\\\/secure.gravatar.com\\\/avatar\\\/a4ce14b15561bb0f6dcbd7344ac3b89389066c949bfe8f9866f9c298f28ef103?s=96&d=mm&r=g\",\"url\":\"https:\\\/\\\/secure.gravatar.com\\\/avatar\\\/a4ce14b15561bb0f6dcbd7344ac3b89389066c949bfe8f9866f9c298f28ef103?s=96&d=mm&r=g\",\"contentUrl\":\"https:\\\/\\\/secure.gravatar.com\\\/avatar\\\/a4ce14b15561bb0f6dcbd7344ac3b89389066c949bfe8f9866f9c298f28ef103?s=96&d=mm&r=g\",\"caption\":\"Heerenveen Lokaal\"},\"description\":\"Heerenveen Lokaal is een dynamisch platform dat zich inzet voor de gemeenschap van Gemeente Heerenveen. Met een focus op lokale politiek, nieuws en evenementen, biedt Heerenveen Lokaal een stem aan de inwoners en bevordert het betrokkenheid en participatie. Ons team bestaat uit gepassioneerde individuen die zich inzetten voor transparantie, informatievoorziening en het versterken van de lokale democratie. Samen streven we naar een Heerenveen waar iedereen gehoord wordt en waar we gezamenlijk werken aan een betere toekomst.\",\"url\":\"https:\\\/\\\/heerenveenlokaal.nl\\\/fy\\\/author\\\/heerenveen-lokaal\\\/\"}]}<\/script>\n<!-- \/ Yoast SEO plugin. -->","yoast_head_json":{"title":"Vragen aan college over Belved\u00e8re Uitkijktoren Oranjewoud - Politiek Heerenveen - Heerenveen Lokaal","description":"Heerenveen Lokaal heeft vragen gesteld aan het college van Heerenveen met betrekking tot de Belved\u00e8re uitkijktoren in Oranjewoud","robots":{"index":"index","follow":"follow","max-snippet":"max-snippet:-1","max-image-preview":"max-image-preview:large","max-video-preview":"max-video-preview:-1"},"canonical":"https:\/\/heerenveenlokaal.nl\/fy\/vragen-aan-college-over-belvedere-uitkijktoren-oranjewoud\/","og_locale":"en_US","og_type":"article","og_title":"Vragen aan college over Belved\u00e8re Uitkijktoren Oranjewoud - Politiek Heerenveen - Heerenveen Lokaal","og_description":"Heerenveen Lokaal heeft vragen gesteld aan het college van Heerenveen met betrekking tot de Belved\u00e8re uitkijktoren in Oranjewoud","og_url":"https:\/\/heerenveenlokaal.nl\/fy\/vragen-aan-college-over-belvedere-uitkijktoren-oranjewoud\/","og_site_name":"Politiek Heerenveen - Heerenveen Lokaal","article_published_time":"2023-08-13T11:13:22+00:00","og_image":[{"width":500,"height":750,"url":"https:\/\/heerenveenlokaal.nl\/wp-content\/uploads\/2023\/08\/Uitkijktoren-Belvedere-heerenveen-lokaal.jpg","type":"image\/jpeg"}],"author":"Heerenveen Lokaal","twitter_card":"summary_large_image","twitter_misc":{"Skreaun troch":"Heerenveen Lokaal","Est. l\u00eastiid":"2 minuten"},"schema":{"@context":"https:\/\/schema.org","@graph":[{"@type":"Article","@id":"https:\/\/heerenveenlokaal.nl\/vragen-aan-college-over-belvedere-uitkijktoren-oranjewoud\/#article","isPartOf":{"@id":"https:\/\/heerenveenlokaal.nl\/vragen-aan-college-over-belvedere-uitkijktoren-oranjewoud\/"},"author":{"name":"Heerenveen Lokaal","@id":"https:\/\/heerenveenlokaal.nl\/#\/schema\/person\/98668054f6b5255c57eb8070a7495491"},"headline":"Vragen aan college over Belved\u00e8re Uitkijktoren Oranjewoud","datePublished":"2023-08-13T11:13:22+00:00","mainEntityOfPage":{"@id":"https:\/\/heerenveenlokaal.nl\/vragen-aan-college-over-belvedere-uitkijktoren-oranjewoud\/"},"wordCount":319,"publisher":{"@id":"https:\/\/heerenveenlokaal.nl\/#organization"},"image":{"@id":"https:\/\/heerenveenlokaal.nl\/vragen-aan-college-over-belvedere-uitkijktoren-oranjewoud\/#primaryimage"},"thumbnailUrl":"https:\/\/heerenveenlokaal.nl\/wp-content\/uploads\/2023\/08\/Uitkijktoren-Belvedere-heerenveen-lokaal.webp","articleSection":["Nieuws"],"inLanguage":"fy"},{"@type":"WebPage","@id":"https:\/\/heerenveenlokaal.nl\/vragen-aan-college-over-belvedere-uitkijktoren-oranjewoud\/","url":"https:\/\/heerenveenlokaal.nl\/vragen-aan-college-over-belvedere-uitkijktoren-oranjewoud\/","name":"Vragen aan college over Belved\u00e8re Uitkijktoren Oranjewoud - Politiek Heerenveen - Heerenveen Lokaal","isPartOf":{"@id":"https:\/\/heerenveenlokaal.nl\/#website"},"primaryImageOfPage":{"@id":"https:\/\/heerenveenlokaal.nl\/vragen-aan-college-over-belvedere-uitkijktoren-oranjewoud\/#primaryimage"},"image":{"@id":"https:\/\/heerenveenlokaal.nl\/vragen-aan-college-over-belvedere-uitkijktoren-oranjewoud\/#primaryimage"},"thumbnailUrl":"https:\/\/heerenveenlokaal.nl\/wp-content\/uploads\/2023\/08\/Uitkijktoren-Belvedere-heerenveen-lokaal.webp","datePublished":"2023-08-13T11:13:22+00:00","description":"Heerenveen Lokaal heeft vragen gesteld aan het college van Heerenveen met betrekking tot de Belved\u00e8re uitkijktoren in Oranjewoud","breadcrumb":{"@id":"https:\/\/heerenveenlokaal.nl\/vragen-aan-college-over-belvedere-uitkijktoren-oranjewoud\/#breadcrumb"},"inLanguage":"fy","potentialAction":[{"@type":"ReadAction","target":["https:\/\/heerenveenlokaal.nl\/vragen-aan-college-over-belvedere-uitkijktoren-oranjewoud\/"]}]},{"@type":"ImageObject","inLanguage":"fy","@id":"https:\/\/heerenveenlokaal.nl\/vragen-aan-college-over-belvedere-uitkijktoren-oranjewoud\/#primaryimage","url":"https:\/\/heerenveenlokaal.nl\/wp-content\/uploads\/2023\/08\/Uitkijktoren-Belvedere-heerenveen-lokaal.webp","contentUrl":"https:\/\/heerenveenlokaal.nl\/wp-content\/uploads\/2023\/08\/Uitkijktoren-Belvedere-heerenveen-lokaal.webp","width":500,"height":750,"caption":"Heerenveen Lokaal stelt vragen aan college over Belvedere uitkijktoren"},{"@type":"BreadcrumbList","@id":"https:\/\/heerenveenlokaal.nl\/vragen-aan-college-over-belvedere-uitkijktoren-oranjewoud\/#breadcrumb","itemListElement":[{"@type":"ListItem","position":1,"name":"Home","item":"https:\/\/heerenveenlokaal.nl\/"},{"@type":"ListItem","position":2,"name":"Vragen aan college over Belved\u00e8re Uitkijktoren Oranjewoud"}]},{"@type":"WebSite","@id":"https:\/\/heerenveenlokaal.nl\/#website","url":"https:\/\/heerenveenlokaal.nl\/","name":"Politiek Heerenveen - Heerenveen Lokaal","description":"","publisher":{"@id":"https:\/\/heerenveenlokaal.nl\/#organization"},"potentialAction":[{"@type":"SearchAction","target":{"@type":"EntryPoint","urlTemplate":"https:\/\/heerenveenlokaal.nl\/?s={search_term_string}"},"query-input":{"@type":"PropertyValueSpecification","valueRequired":true,"valueName":"search_term_string"}}],"inLanguage":"fy"},{"@type":"Organization","@id":"https:\/\/heerenveenlokaal.nl\/#organization","name":"Politiek Heerenveen - Heerenveen Lokaal","url":"https:\/\/heerenveenlokaal.nl\/","logo":{"@type":"ImageObject","inLanguage":"fy","@id":"https:\/\/heerenveenlokaal.nl\/#\/schema\/logo\/image\/","url":"https:\/\/heerenveenlokaal.nl\/wp-content\/uploads\/2019\/05\/cropped-cropped-Logo_Heerenveen_Lokaal_web.jpg","contentUrl":"https:\/\/heerenveenlokaal.nl\/wp-content\/uploads\/2019\/05\/cropped-cropped-Logo_Heerenveen_Lokaal_web.jpg","width":512,"height":512,"caption":"Politiek Heerenveen - Heerenveen Lokaal"},"image":{"@id":"https:\/\/heerenveenlokaal.nl\/#\/schema\/logo\/image\/"}},{"@type":"Person","@id":"https:\/\/heerenveenlokaal.nl\/#\/schema\/person\/98668054f6b5255c57eb8070a7495491","name":"It Hearrenfean Lokaal","image":{"@type":"ImageObject","inLanguage":"fy","@id":"https:\/\/secure.gravatar.com\/avatar\/a4ce14b15561bb0f6dcbd7344ac3b89389066c949bfe8f9866f9c298f28ef103?s=96&d=mm&r=g","url":"https:\/\/secure.gravatar.com\/avatar\/a4ce14b15561bb0f6dcbd7344ac3b89389066c949bfe8f9866f9c298f28ef103?s=96&d=mm&r=g","contentUrl":"https:\/\/secure.gravatar.com\/avatar\/a4ce14b15561bb0f6dcbd7344ac3b89389066c949bfe8f9866f9c298f28ef103?s=96&d=mm&r=g","caption":"Heerenveen Lokaal"},"description":"Heerenveen Lokaal is een dynamisch platform dat zich inzet voor de gemeenschap van Gemeente Heerenveen. Met een focus op lokale politiek, nieuws en evenementen, biedt Heerenveen Lokaal een stem aan de inwoners en bevordert het betrokkenheid en participatie. Ons team bestaat uit gepassioneerde individuen die zich inzetten voor transparantie, informatievoorziening en het versterken van de lokale democratie. Samen streven we naar een Heerenveen waar iedereen gehoord wordt en waar we gezamenlijk werken aan een betere toekomst.","url":"https:\/\/heerenveenlokaal.nl\/fy\/author\/heerenveen-lokaal\/"}]}},"_links":{"self":[{"href":"https:\/\/heerenveenlokaal.nl\/fy\/wp-json\/wp\/v2\/posts\/1547","targetHints":{"allow":["GET"]}}],"collection":[{"href":"https:\/\/heerenveenlokaal.nl\/fy\/wp-json\/wp\/v2\/posts"}],"about":[{"href":"https:\/\/heerenveenlokaal.nl\/fy\/wp-json\/wp\/v2\/types\/post"}],"author":[{"embeddable":true,"href":"https:\/\/heerenveenlokaal.nl\/fy\/wp-json\/wp\/v2\/users\/3"}],"replies":[{"embeddable":true,"href":"https:\/\/heerenveenlokaal.nl\/fy\/wp-json\/wp\/v2\/comments?post=1547"}],"version-history":[{"count":0,"href":"https:\/\/heerenveenlokaal.nl\/fy\/wp-json\/wp\/v2\/posts\/1547\/revisions"}],"wp:featuredmedia":[{"embeddable":true,"href":"https:\/\/heerenveenlokaal.nl\/fy\/wp-json\/wp\/v2\/media\/1548"}],"wp:attachment":[{"href":"https:\/\/heerenveenlokaal.nl\/fy\/wp-json\/wp\/v2\/media?parent=1547"}],"wp:term":[{"taxonomy":"category","embeddable":true,"href":"https:\/\/heerenveenlokaal.nl\/fy\/wp-json\/wp\/v2\/categories?post=1547"},{"taxonomy":"post_tag","embeddable":true,"href":"https:\/\/heerenveenlokaal.nl\/fy\/wp-json\/wp\/v2\/tags?post=1547"}],"curies":[{"name":"wp","href":"https:\/\/api.w.org\/{rel}","templated":true}]}}