{"id":1732,"date":"2024-08-24T07:56:41","date_gmt":"2024-08-24T06:56:41","guid":{"rendered":"https:\/\/heerenveenlokaal.nl\/?p=1732"},"modified":"2025-03-05T11:54:26","modified_gmt":"2025-03-05T10:54:26","slug":"in-gesprek-met-raadslid-ankie-speel-bakker","status":"publish","type":"post","link":"https:\/\/heerenveenlokaal.nl\/fy\/in-gesprek-met-raadslid-ankie-speel-bakker\/","title":{"rendered":"In gesprek met raadslid Ankie Speel-Bakker"},"content":{"rendered":"<h4 class=\"wp-block-heading\">Ankie Speel-Bakker van turnster tot raadslid.<\/h4>\n\n\n\n<p>Ankie Speel-Bakker (55), geboren in Mildam en grootgebracht in Heerenveen, ontdekte al vroeg haar liefde voor turnen bij gymnastiekvereniging WIK-FTC. De naam van de vereniging werd een springplank naar haar levensmotto: \u201cwillen is kunnen\u201d. Dit motto heeft haar door de jaren heen gemotiveerd en doet dat nog steeds. Haar politieke vonk werd ontstoken in de Participatieraad van Heerenveen, wat leidde tot een cursus \u2018Politiek actief\u2019 in 2021. Dit was het begin van haar politieke reis die haar via voorkeursstemmen naar de gemeenteraad bracht. Hoe ervaart Ankie (Gemeentebelangen Heerenveen) het raadswerk?<\/p>\n\n\n\n<h4 class=\"wp-block-heading\">Een sprong in de politiek<\/h4>\n\n\n\n<p>Ankie\u2019s politieke reis begon in de Participatieraad van Heerenveen, waar ze de kans kreeg om de cursus \u2018Politiek actief\u2019 te volgen. \u201cHet was een openbaring,\u201d vertelt Ankie. \u201cIk leerde de ins en outs van de gemeentepolitiek en kwam in contact met Gemeente Belangen Heerenveen. Voor ik het wist, stond ik eind 2021 op de kieslijst. Mijn betrokkenheid en de steun van de gemeenschap leidden ertoe dat ik via voorkeursstemmen in de gemeenteraad kwam. Ik dacht toen dat dat vrij normaal was, die enorme hoeveelheid voorkeursstemmen, maar ik was toch echt de enige nieuweling van buitenaf die als raadslid werd ge\u00efnstalleerd.\u201d Op dit moment is ze actief in de commissie SaZa (Samenlevingszaken) en houdt ze zich ook bezig met ruimtelijke vraagstukken en milieukwesties in de commissie ROM (Ruimtelijke Ordening en Milieu). Naast raadslid is ze ook commissielid in de Provinciale Staten van Friesland.<\/p>\n\n\n\n<h4 class=\"wp-block-heading\">Een duizendpoot in de gemeenschap<\/h4>\n\n\n\n<p>Ankie is getrouwd met Jerry Speel, de liefde van haar leven. Samen hebben ze twee kinderen. Ankie is al meer dan 15 jaar ondernemer en zorgt ervoor dat de administraties van de bedrijven die ze samen met haar man runt, op orde zijn. Ze heeft gewerkt in zowel de financi\u00eble sector als de zorgsector. Deze ervaringen hebben haar blik op de wereld verbreed en haar overtuiging versterkt dat welzijn en menselijke kwetsbaarheid centraal moeten staan in haar politieke werk. \u201cVooral het werken in de zorg heeft mijn leven verrijkt,\u201d zegt ze. \u201cHoe moeilijk is het leven, als je je gezondheid verliest?<\/p>\n\n\n\n<h4 class=\"wp-block-heading\">Sport als fundament<\/h4>\n\n\n\n<p>Voor Ankie is sport meer dan een hobby; het is een essentieel recht voor elk kind. \u201cSport draagt bij aan zowel fysieke als mentale veerkracht.\u201d Na haar VWO wilde ze taalwetenschappen studeren, maar daar kwam ze van terug. \u201cWant om een taal goed te leren moet je naar het buitenland. En dat voelde op die leeftijd niet juist.\u201d Haar hart bleef bij Friesland. \u201cMijn \u2018Heitel\u00e2n\u2019 riep me terug. Ik ben misschien niet Friestalig opgevoed, maar ik voel me diepgeworteld in de Friese cultuur.\u201d<\/p>\n\n\n\n<h4 class=\"wp-block-heading\">Speerpunten voor Heerenveen<\/h4>\n\n\n\n<figure class=\"wp-block-image size-thumbnail\"><img decoding=\"async\" width=\"150\" height=\"150\" src=\"https:\/\/heerenveenlokaal.nl\/wp-content\/uploads\/2024\/08\/In-gesprek-met-raadslid-Ankie-Speel-Bakker-150x150.webp\" alt=\"\" class=\"wp-image-1733\" \/><\/figure>\n\n\n\n<p>Ankie\u2019s speerpunten voor de huidige raadsperiode zijn een directe afspiegeling van haar passies: zorg en welzijn, sport, gezondheid en preventie. Ze zet zich in voor een veilige en groene leefomgeving, verbeterde infrastructuur en het verminderen van zwerfafval. \u201cHet aanpakken van leegstand, het verhogen van de veiligheid op straat en het versterken van de betrokkenheid van onze inwoners zijn essentieel voor de toekomst van Heerenveen,\u201d benadrukt Ankie. \u201cDit geldt ook voor Heerenveen als de banenmotor van het Noorden \u00e9n natuurlijk Heerenveen als \u2018gouden\u2019 sportplak!\u201d<\/p>\n\n\n\n<h4 class=\"wp-block-heading\">Samenwerking en betrokkenheid<\/h4>\n\n\n\n<p>Als raadslid staat Ankie open voor de idee\u00ebn en zorgen van de gemeenschap. Haar doel is \u00e9\u00e9n lokale onafhankelijke partij. \u201cBeter uit te leggen aan onze inwoners,\u201d vindt ze. Ze werkt dan ook nauw samen met Heerenveen Lokaal en pleit voor een proactieve betrokkenheid van de inwoners bij plannen met grote maatschappelijke impact. Ankie gelooft in politiek die vanuit de basis wordt bedreven en dicht bij de gemeenschap staat. \u201cWe moeten openstaan voor signalen uit de samenleving, vanuit het perspectief van inwoners. Ik spreek de hoop uit dat inwoners, organisaties en ondernemers vooraf beter betrokken worden bij plannen die de gemeente heeft. Vooral bij kwesties van grote maatschappelijke impact.\u201d Ze heeft het afgelopen jaar over de komst van een AZC het woord gevoerd. \u201cDaarbij heb ik vanaf het begin gepleit voor kleinschalige ge\u00efntegreerde opvang verspreid over de gemeente Heerenveen.\u201d<\/p>\n\n\n\n<h4 class=\"wp-block-heading\">Een inspirerend pad<\/h4>\n\n\n\n<p>Ankie\u2019s reis van de turnzaal naar de raadszaal is een verhaal van toewijding en gemeenschapsgevoel. Voor de inwoners van Heerenveen is zij een raadslid dat niet alleen luistert, maar ook handelt. \u201cRaadslid in de gemeente Heerenveen zijn, is mij echt op het lijf geschreven. Politiek bedrijven van onderop en dichtbij huis, past bij wie ik ben. Het is een voorrecht om dat te mogen doen in de regio die mij zo dierbaar is: mijn geliefde Friesland,\u201d sluit Ankie af met een warme glimlach.<\/p>\n\n\n\n<figure class=\"wp-block-image size-large\"><img fetchpriority=\"high\" decoding=\"async\" width=\"693\" height=\"1024\" src=\"https:\/\/heerenveenlokaal.nl\/wp-content\/uploads\/2024\/08\/In-gesprek-met-raadslid-Ankie-Speel-Bakker-693x1024.webp\" alt=\"Heerenveen Lokaal raadslid Ankie Speel-Bakker\" class=\"wp-image-1733\" srcset=\"https:\/\/heerenveenlokaal.nl\/wp-content\/uploads\/2024\/08\/In-gesprek-met-raadslid-Ankie-Speel-Bakker-693x1024.webp 693w, https:\/\/heerenveenlokaal.nl\/wp-content\/uploads\/2024\/08\/In-gesprek-met-raadslid-Ankie-Speel-Bakker-203x300.webp 203w, https:\/\/heerenveenlokaal.nl\/wp-content\/uploads\/2024\/08\/In-gesprek-met-raadslid-Ankie-Speel-Bakker-768x1135.webp 768w, https:\/\/heerenveenlokaal.nl\/wp-content\/uploads\/2024\/08\/In-gesprek-met-raadslid-Ankie-Speel-Bakker-1039x1536.webp 1039w, https:\/\/heerenveenlokaal.nl\/wp-content\/uploads\/2024\/08\/In-gesprek-met-raadslid-Ankie-Speel-Bakker.webp 1230w\" sizes=\"(max-width: 693px) 100vw, 693px\" \/><\/figure>","protected":false},"excerpt":{"rendered":"<p>Ankie Speel-Bakker van turnster tot raadslid. Ankie Speel-Bakker (55), geboren in Mildam en grootgebracht in Heerenveen, ontdekte al vroeg haar liefde voor turnen bij gymnastiekvereniging WIK-FTC. De naam van de vereniging werd een springplank naar haar levensmotto: \u201cwillen is kunnen\u201d. Dit motto heeft haar door de jaren heen gemotiveerd en doet dat nog steeds. Haar [&hellip;]<\/p>\n","protected":false},"author":3,"featured_media":1733,"comment_status":"closed","ping_status":"closed","sticky":false,"template":"","format":"standard","meta":{"_acf_changed":false,"mc4wp_mailchimp_campaign":[],"footnotes":""},"categories":[12,13],"tags":[19,78],"class_list":["post-1732","post","type-post","status-publish","format-standard","has-post-thumbnail","hentry","category-in-gesprek-met","category-nieuws","tag-ankie-speel-bakker","tag-politiek-heerenveen"],"acf":[],"yoast_head":"<!-- This site is optimized with the Yoast SEO plugin v27.4 - https:\/\/yoast.com\/product\/yoast-seo-wordpress\/ -->\n<title>In gesprek met raadslid Ankie Speel-Bakker - Politiek Heerenveen - Heerenveen Lokaal<\/title>\n<meta name=\"description\" content=\"Ankie\u2019s politieke reis begonin de Participatieraad vanHeerenveen, waar ze de kanskreeg om de cursus \u2018Politiekactief\u2019 te volgen. \u201cHet was eenopenbaring,\u201d\" \/>\n<meta name=\"robots\" content=\"index, follow, max-snippet:-1, max-image-preview:large, max-video-preview:-1\" \/>\n<link rel=\"canonical\" href=\"https:\/\/heerenveenlokaal.nl\/fy\/in-gesprek-met-raadslid-ankie-speel-bakker\/\" \/>\n<meta property=\"og:locale\" content=\"en_US\" \/>\n<meta property=\"og:type\" content=\"article\" \/>\n<meta property=\"og:title\" content=\"In gesprek met raadslid Ankie Speel-Bakker - Politiek Heerenveen - Heerenveen Lokaal\" \/>\n<meta property=\"og:description\" content=\"Ankie\u2019s politieke reis begonin de Participatieraad vanHeerenveen, waar ze de kanskreeg om de cursus \u2018Politiekactief\u2019 te volgen. \u201cHet was eenopenbaring,\u201d\" \/>\n<meta property=\"og:url\" content=\"https:\/\/heerenveenlokaal.nl\/fy\/in-gesprek-met-raadslid-ankie-speel-bakker\/\" \/>\n<meta property=\"og:site_name\" content=\"Politiek Heerenveen - Heerenveen Lokaal\" \/>\n<meta property=\"article:published_time\" content=\"2024-08-24T06:56:41+00:00\" \/>\n<meta property=\"article:modified_time\" content=\"2025-03-05T10:54:26+00:00\" \/>\n<meta property=\"og:image\" content=\"https:\/\/heerenveenlokaal.nl\/wp-content\/uploads\/2024\/08\/In-gesprek-met-raadslid-Ankie-Speel-Bakker.webp\" \/>\n\t<meta property=\"og:image:width\" content=\"1230\" \/>\n\t<meta property=\"og:image:height\" content=\"1818\" \/>\n\t<meta property=\"og:image:type\" content=\"image\/jpeg\" \/>\n<meta name=\"author\" content=\"Heerenveen Lokaal\" \/>\n<meta name=\"twitter:card\" content=\"summary_large_image\" \/>\n<meta name=\"twitter:label1\" content=\"Skreaun troch\" \/>\n\t<meta name=\"twitter:data1\" content=\"Heerenveen Lokaal\" \/>\n\t<meta name=\"twitter:label2\" content=\"Est. l\u00eastiid\" \/>\n\t<meta name=\"twitter:data2\" content=\"4 minuten\" \/>\n<script type=\"application\/ld+json\" class=\"yoast-schema-graph\">{\"@context\":\"https:\\\/\\\/schema.org\",\"@graph\":[{\"@type\":\"Article\",\"@id\":\"https:\\\/\\\/heerenveenlokaal.nl\\\/in-gesprek-met-raadslid-ankie-speel-bakker\\\/#article\",\"isPartOf\":{\"@id\":\"https:\\\/\\\/heerenveenlokaal.nl\\\/in-gesprek-met-raadslid-ankie-speel-bakker\\\/\"},\"author\":{\"name\":\"Heerenveen Lokaal\",\"@id\":\"https:\\\/\\\/heerenveenlokaal.nl\\\/#\\\/schema\\\/person\\\/98668054f6b5255c57eb8070a7495491\"},\"headline\":\"In gesprek met raadslid Ankie Speel-Bakker\",\"datePublished\":\"2024-08-24T06:56:41+00:00\",\"dateModified\":\"2025-03-05T10:54:26+00:00\",\"mainEntityOfPage\":{\"@id\":\"https:\\\/\\\/heerenveenlokaal.nl\\\/in-gesprek-met-raadslid-ankie-speel-bakker\\\/\"},\"wordCount\":759,\"publisher\":{\"@id\":\"https:\\\/\\\/heerenveenlokaal.nl\\\/#organization\"},\"image\":{\"@id\":\"https:\\\/\\\/heerenveenlokaal.nl\\\/in-gesprek-met-raadslid-ankie-speel-bakker\\\/#primaryimage\"},\"thumbnailUrl\":\"https:\\\/\\\/heerenveenlokaal.nl\\\/wp-content\\\/uploads\\\/2024\\\/08\\\/In-gesprek-met-raadslid-Ankie-Speel-Bakker.webp\",\"keywords\":[\"ankie speel-bakker\",\"politiek heerenveen\"],\"articleSection\":[\"In gesprek met\",\"Nieuws\"],\"inLanguage\":\"fy\"},{\"@type\":\"WebPage\",\"@id\":\"https:\\\/\\\/heerenveenlokaal.nl\\\/in-gesprek-met-raadslid-ankie-speel-bakker\\\/\",\"url\":\"https:\\\/\\\/heerenveenlokaal.nl\\\/in-gesprek-met-raadslid-ankie-speel-bakker\\\/\",\"name\":\"In gesprek met raadslid Ankie Speel-Bakker - Politiek Heerenveen - Heerenveen Lokaal\",\"isPartOf\":{\"@id\":\"https:\\\/\\\/heerenveenlokaal.nl\\\/#website\"},\"primaryImageOfPage\":{\"@id\":\"https:\\\/\\\/heerenveenlokaal.nl\\\/in-gesprek-met-raadslid-ankie-speel-bakker\\\/#primaryimage\"},\"image\":{\"@id\":\"https:\\\/\\\/heerenveenlokaal.nl\\\/in-gesprek-met-raadslid-ankie-speel-bakker\\\/#primaryimage\"},\"thumbnailUrl\":\"https:\\\/\\\/heerenveenlokaal.nl\\\/wp-content\\\/uploads\\\/2024\\\/08\\\/In-gesprek-met-raadslid-Ankie-Speel-Bakker.webp\",\"datePublished\":\"2024-08-24T06:56:41+00:00\",\"dateModified\":\"2025-03-05T10:54:26+00:00\",\"description\":\"Ankie\u2019s politieke reis begonin de Participatieraad vanHeerenveen, waar ze de kanskreeg om de cursus \u2018Politiekactief\u2019 te volgen. \u201cHet was eenopenbaring,\u201d\",\"breadcrumb\":{\"@id\":\"https:\\\/\\\/heerenveenlokaal.nl\\\/in-gesprek-met-raadslid-ankie-speel-bakker\\\/#breadcrumb\"},\"inLanguage\":\"fy\",\"potentialAction\":[{\"@type\":\"ReadAction\",\"target\":[\"https:\\\/\\\/heerenveenlokaal.nl\\\/in-gesprek-met-raadslid-ankie-speel-bakker\\\/\"]}]},{\"@type\":\"ImageObject\",\"inLanguage\":\"fy\",\"@id\":\"https:\\\/\\\/heerenveenlokaal.nl\\\/in-gesprek-met-raadslid-ankie-speel-bakker\\\/#primaryimage\",\"url\":\"https:\\\/\\\/heerenveenlokaal.nl\\\/wp-content\\\/uploads\\\/2024\\\/08\\\/In-gesprek-met-raadslid-Ankie-Speel-Bakker.webp\",\"contentUrl\":\"https:\\\/\\\/heerenveenlokaal.nl\\\/wp-content\\\/uploads\\\/2024\\\/08\\\/In-gesprek-met-raadslid-Ankie-Speel-Bakker.webp\",\"width\":1230,\"height\":1818,\"caption\":\"Heerenveen Lokaal raadslid Ankie Speel-Bakker\"},{\"@type\":\"BreadcrumbList\",\"@id\":\"https:\\\/\\\/heerenveenlokaal.nl\\\/in-gesprek-met-raadslid-ankie-speel-bakker\\\/#breadcrumb\",\"itemListElement\":[{\"@type\":\"ListItem\",\"position\":1,\"name\":\"Home\",\"item\":\"https:\\\/\\\/heerenveenlokaal.nl\\\/\"},{\"@type\":\"ListItem\",\"position\":2,\"name\":\"In gesprek met raadslid Ankie Speel-Bakker\"}]},{\"@type\":\"WebSite\",\"@id\":\"https:\\\/\\\/heerenveenlokaal.nl\\\/#website\",\"url\":\"https:\\\/\\\/heerenveenlokaal.nl\\\/\",\"name\":\"Politiek Heerenveen - Heerenveen Lokaal\",\"description\":\"\",\"publisher\":{\"@id\":\"https:\\\/\\\/heerenveenlokaal.nl\\\/#organization\"},\"potentialAction\":[{\"@type\":\"SearchAction\",\"target\":{\"@type\":\"EntryPoint\",\"urlTemplate\":\"https:\\\/\\\/heerenveenlokaal.nl\\\/?s={search_term_string}\"},\"query-input\":{\"@type\":\"PropertyValueSpecification\",\"valueRequired\":true,\"valueName\":\"search_term_string\"}}],\"inLanguage\":\"fy\"},{\"@type\":\"Organization\",\"@id\":\"https:\\\/\\\/heerenveenlokaal.nl\\\/#organization\",\"name\":\"Politiek Heerenveen - Heerenveen Lokaal\",\"url\":\"https:\\\/\\\/heerenveenlokaal.nl\\\/\",\"logo\":{\"@type\":\"ImageObject\",\"inLanguage\":\"fy\",\"@id\":\"https:\\\/\\\/heerenveenlokaal.nl\\\/#\\\/schema\\\/logo\\\/image\\\/\",\"url\":\"https:\\\/\\\/heerenveenlokaal.nl\\\/wp-content\\\/uploads\\\/2019\\\/05\\\/cropped-cropped-Logo_Heerenveen_Lokaal_web.jpg\",\"contentUrl\":\"https:\\\/\\\/heerenveenlokaal.nl\\\/wp-content\\\/uploads\\\/2019\\\/05\\\/cropped-cropped-Logo_Heerenveen_Lokaal_web.jpg\",\"width\":512,\"height\":512,\"caption\":\"Politiek Heerenveen - Heerenveen Lokaal\"},\"image\":{\"@id\":\"https:\\\/\\\/heerenveenlokaal.nl\\\/#\\\/schema\\\/logo\\\/image\\\/\"}},{\"@type\":\"Person\",\"@id\":\"https:\\\/\\\/heerenveenlokaal.nl\\\/#\\\/schema\\\/person\\\/98668054f6b5255c57eb8070a7495491\",\"name\":\"Heerenveen Lokaal\",\"image\":{\"@type\":\"ImageObject\",\"inLanguage\":\"fy\",\"@id\":\"https:\\\/\\\/secure.gravatar.com\\\/avatar\\\/a4ce14b15561bb0f6dcbd7344ac3b89389066c949bfe8f9866f9c298f28ef103?s=96&d=mm&r=g\",\"url\":\"https:\\\/\\\/secure.gravatar.com\\\/avatar\\\/a4ce14b15561bb0f6dcbd7344ac3b89389066c949bfe8f9866f9c298f28ef103?s=96&d=mm&r=g\",\"contentUrl\":\"https:\\\/\\\/secure.gravatar.com\\\/avatar\\\/a4ce14b15561bb0f6dcbd7344ac3b89389066c949bfe8f9866f9c298f28ef103?s=96&d=mm&r=g\",\"caption\":\"Heerenveen Lokaal\"},\"description\":\"Heerenveen Lokaal is een dynamisch platform dat zich inzet voor de gemeenschap van Gemeente Heerenveen. Met een focus op lokale politiek, nieuws en evenementen, biedt Heerenveen Lokaal een stem aan de inwoners en bevordert het betrokkenheid en participatie. Ons team bestaat uit gepassioneerde individuen die zich inzetten voor transparantie, informatievoorziening en het versterken van de lokale democratie. Samen streven we naar een Heerenveen waar iedereen gehoord wordt en waar we gezamenlijk werken aan een betere toekomst.\",\"url\":\"https:\\\/\\\/heerenveenlokaal.nl\\\/fy\\\/author\\\/heerenveen-lokaal\\\/\"}]}<\/script>\n<!-- \/ Yoast SEO plugin. -->","yoast_head_json":{"title":"In gesprek met raadslid Ankie Speel-Bakker - Politiek Heerenveen - Heerenveen Lokaal","description":"Ankie\u2019s politieke reis begonin de Participatieraad vanHeerenveen, waar ze de kanskreeg om de cursus \u2018Politiekactief\u2019 te volgen. \u201cHet was eenopenbaring,\u201d","robots":{"index":"index","follow":"follow","max-snippet":"max-snippet:-1","max-image-preview":"max-image-preview:large","max-video-preview":"max-video-preview:-1"},"canonical":"https:\/\/heerenveenlokaal.nl\/fy\/in-gesprek-met-raadslid-ankie-speel-bakker\/","og_locale":"en_US","og_type":"article","og_title":"In gesprek met raadslid Ankie Speel-Bakker - Politiek Heerenveen - Heerenveen Lokaal","og_description":"Ankie\u2019s politieke reis begonin de Participatieraad vanHeerenveen, waar ze de kanskreeg om de cursus \u2018Politiekactief\u2019 te volgen. \u201cHet was eenopenbaring,\u201d","og_url":"https:\/\/heerenveenlokaal.nl\/fy\/in-gesprek-met-raadslid-ankie-speel-bakker\/","og_site_name":"Politiek Heerenveen - Heerenveen Lokaal","article_published_time":"2024-08-24T06:56:41+00:00","article_modified_time":"2025-03-05T10:54:26+00:00","og_image":[{"width":1230,"height":1818,"url":"https:\/\/heerenveenlokaal.nl\/wp-content\/uploads\/2024\/08\/In-gesprek-met-raadslid-Ankie-Speel-Bakker.webp","type":"image\/jpeg"}],"author":"Heerenveen Lokaal","twitter_card":"summary_large_image","twitter_misc":{"Skreaun troch":"Heerenveen Lokaal","Est. l\u00eastiid":"4 minuten"},"schema":{"@context":"https:\/\/schema.org","@graph":[{"@type":"Article","@id":"https:\/\/heerenveenlokaal.nl\/in-gesprek-met-raadslid-ankie-speel-bakker\/#article","isPartOf":{"@id":"https:\/\/heerenveenlokaal.nl\/in-gesprek-met-raadslid-ankie-speel-bakker\/"},"author":{"name":"Heerenveen Lokaal","@id":"https:\/\/heerenveenlokaal.nl\/#\/schema\/person\/98668054f6b5255c57eb8070a7495491"},"headline":"In gesprek met raadslid Ankie Speel-Bakker","datePublished":"2024-08-24T06:56:41+00:00","dateModified":"2025-03-05T10:54:26+00:00","mainEntityOfPage":{"@id":"https:\/\/heerenveenlokaal.nl\/in-gesprek-met-raadslid-ankie-speel-bakker\/"},"wordCount":759,"publisher":{"@id":"https:\/\/heerenveenlokaal.nl\/#organization"},"image":{"@id":"https:\/\/heerenveenlokaal.nl\/in-gesprek-met-raadslid-ankie-speel-bakker\/#primaryimage"},"thumbnailUrl":"https:\/\/heerenveenlokaal.nl\/wp-content\/uploads\/2024\/08\/In-gesprek-met-raadslid-Ankie-Speel-Bakker.webp","keywords":["ankie speel-bakker","politiek heerenveen"],"articleSection":["In gesprek met","Nieuws"],"inLanguage":"fy"},{"@type":"WebPage","@id":"https:\/\/heerenveenlokaal.nl\/in-gesprek-met-raadslid-ankie-speel-bakker\/","url":"https:\/\/heerenveenlokaal.nl\/in-gesprek-met-raadslid-ankie-speel-bakker\/","name":"In gesprek met raadslid Ankie Speel-Bakker - Politiek Heerenveen - Heerenveen Lokaal","isPartOf":{"@id":"https:\/\/heerenveenlokaal.nl\/#website"},"primaryImageOfPage":{"@id":"https:\/\/heerenveenlokaal.nl\/in-gesprek-met-raadslid-ankie-speel-bakker\/#primaryimage"},"image":{"@id":"https:\/\/heerenveenlokaal.nl\/in-gesprek-met-raadslid-ankie-speel-bakker\/#primaryimage"},"thumbnailUrl":"https:\/\/heerenveenlokaal.nl\/wp-content\/uploads\/2024\/08\/In-gesprek-met-raadslid-Ankie-Speel-Bakker.webp","datePublished":"2024-08-24T06:56:41+00:00","dateModified":"2025-03-05T10:54:26+00:00","description":"Ankie\u2019s politieke reis begonin de Participatieraad vanHeerenveen, waar ze de kanskreeg om de cursus \u2018Politiekactief\u2019 te volgen. \u201cHet was eenopenbaring,\u201d","breadcrumb":{"@id":"https:\/\/heerenveenlokaal.nl\/in-gesprek-met-raadslid-ankie-speel-bakker\/#breadcrumb"},"inLanguage":"fy","potentialAction":[{"@type":"ReadAction","target":["https:\/\/heerenveenlokaal.nl\/in-gesprek-met-raadslid-ankie-speel-bakker\/"]}]},{"@type":"ImageObject","inLanguage":"fy","@id":"https:\/\/heerenveenlokaal.nl\/in-gesprek-met-raadslid-ankie-speel-bakker\/#primaryimage","url":"https:\/\/heerenveenlokaal.nl\/wp-content\/uploads\/2024\/08\/In-gesprek-met-raadslid-Ankie-Speel-Bakker.webp","contentUrl":"https:\/\/heerenveenlokaal.nl\/wp-content\/uploads\/2024\/08\/In-gesprek-met-raadslid-Ankie-Speel-Bakker.webp","width":1230,"height":1818,"caption":"Heerenveen Lokaal raadslid Ankie Speel-Bakker"},{"@type":"BreadcrumbList","@id":"https:\/\/heerenveenlokaal.nl\/in-gesprek-met-raadslid-ankie-speel-bakker\/#breadcrumb","itemListElement":[{"@type":"ListItem","position":1,"name":"Home","item":"https:\/\/heerenveenlokaal.nl\/"},{"@type":"ListItem","position":2,"name":"In gesprek met raadslid Ankie Speel-Bakker"}]},{"@type":"WebSite","@id":"https:\/\/heerenveenlokaal.nl\/#website","url":"https:\/\/heerenveenlokaal.nl\/","name":"Politiek Heerenveen - Heerenveen Lokaal","description":"","publisher":{"@id":"https:\/\/heerenveenlokaal.nl\/#organization"},"potentialAction":[{"@type":"SearchAction","target":{"@type":"EntryPoint","urlTemplate":"https:\/\/heerenveenlokaal.nl\/?s={search_term_string}"},"query-input":{"@type":"PropertyValueSpecification","valueRequired":true,"valueName":"search_term_string"}}],"inLanguage":"fy"},{"@type":"Organization","@id":"https:\/\/heerenveenlokaal.nl\/#organization","name":"Politiek Heerenveen - Heerenveen Lokaal","url":"https:\/\/heerenveenlokaal.nl\/","logo":{"@type":"ImageObject","inLanguage":"fy","@id":"https:\/\/heerenveenlokaal.nl\/#\/schema\/logo\/image\/","url":"https:\/\/heerenveenlokaal.nl\/wp-content\/uploads\/2019\/05\/cropped-cropped-Logo_Heerenveen_Lokaal_web.jpg","contentUrl":"https:\/\/heerenveenlokaal.nl\/wp-content\/uploads\/2019\/05\/cropped-cropped-Logo_Heerenveen_Lokaal_web.jpg","width":512,"height":512,"caption":"Politiek Heerenveen - Heerenveen Lokaal"},"image":{"@id":"https:\/\/heerenveenlokaal.nl\/#\/schema\/logo\/image\/"}},{"@type":"Person","@id":"https:\/\/heerenveenlokaal.nl\/#\/schema\/person\/98668054f6b5255c57eb8070a7495491","name":"It Hearrenfean Lokaal","image":{"@type":"ImageObject","inLanguage":"fy","@id":"https:\/\/secure.gravatar.com\/avatar\/a4ce14b15561bb0f6dcbd7344ac3b89389066c949bfe8f9866f9c298f28ef103?s=96&d=mm&r=g","url":"https:\/\/secure.gravatar.com\/avatar\/a4ce14b15561bb0f6dcbd7344ac3b89389066c949bfe8f9866f9c298f28ef103?s=96&d=mm&r=g","contentUrl":"https:\/\/secure.gravatar.com\/avatar\/a4ce14b15561bb0f6dcbd7344ac3b89389066c949bfe8f9866f9c298f28ef103?s=96&d=mm&r=g","caption":"Heerenveen Lokaal"},"description":"Heerenveen Lokaal is een dynamisch platform dat zich inzet voor de gemeenschap van Gemeente Heerenveen. Met een focus op lokale politiek, nieuws en evenementen, biedt Heerenveen Lokaal een stem aan de inwoners en bevordert het betrokkenheid en participatie. Ons team bestaat uit gepassioneerde individuen die zich inzetten voor transparantie, informatievoorziening en het versterken van de lokale democratie. Samen streven we naar een Heerenveen waar iedereen gehoord wordt en waar we gezamenlijk werken aan een betere toekomst.","url":"https:\/\/heerenveenlokaal.nl\/fy\/author\/heerenveen-lokaal\/"}]}},"_links":{"self":[{"href":"https:\/\/heerenveenlokaal.nl\/fy\/wp-json\/wp\/v2\/posts\/1732","targetHints":{"allow":["GET"]}}],"collection":[{"href":"https:\/\/heerenveenlokaal.nl\/fy\/wp-json\/wp\/v2\/posts"}],"about":[{"href":"https:\/\/heerenveenlokaal.nl\/fy\/wp-json\/wp\/v2\/types\/post"}],"author":[{"embeddable":true,"href":"https:\/\/heerenveenlokaal.nl\/fy\/wp-json\/wp\/v2\/users\/3"}],"replies":[{"embeddable":true,"href":"https:\/\/heerenveenlokaal.nl\/fy\/wp-json\/wp\/v2\/comments?post=1732"}],"version-history":[{"count":0,"href":"https:\/\/heerenveenlokaal.nl\/fy\/wp-json\/wp\/v2\/posts\/1732\/revisions"}],"wp:featuredmedia":[{"embeddable":true,"href":"https:\/\/heerenveenlokaal.nl\/fy\/wp-json\/wp\/v2\/media\/1733"}],"wp:attachment":[{"href":"https:\/\/heerenveenlokaal.nl\/fy\/wp-json\/wp\/v2\/media?parent=1732"}],"wp:term":[{"taxonomy":"category","embeddable":true,"href":"https:\/\/heerenveenlokaal.nl\/fy\/wp-json\/wp\/v2\/categories?post=1732"},{"taxonomy":"post_tag","embeddable":true,"href":"https:\/\/heerenveenlokaal.nl\/fy\/wp-json\/wp\/v2\/tags?post=1732"}],"curies":[{"name":"wp","href":"https:\/\/api.w.org\/{rel}","templated":true}]}}