{"id":2033,"date":"2018-12-06T19:27:48","date_gmt":"2018-12-06T18:27:48","guid":{"rendered":"https:\/\/heerenveenlokaal.nl\/?p=404"},"modified":"2018-12-06T19:27:48","modified_gmt":"2018-12-06T18:27:48","slug":"sluiting-ijshockeyhal-thialf-slaat-in-als-bom","status":"publish","type":"post","link":"https:\/\/heerenveenlokaal.nl\/fy\/sluiting-ijshockeyhal-thialf-slaat-in-als-bom\/","title":{"rendered":"Sluting fan Thialf Iishockeyhal komt as in bom!"},"content":{"rendered":"<p>De maatregels dy&#039;t boargemaster Van der Zwan nommen hat om de iishockeybaan fan Thialf fuortendaliks foar elkenien te sluten, binne as in skok kommen foar Heerenveen Lokaal.<\/p>\n\n\n\n<p>Eins itselde as de kraan dy&#039;t by in eardere ferbouwing troch it dak fan &#039;e iishockeybaan fallen is.<\/p>\n\n\n\n<p>It is altyd skokkend as sokke drastyske maatregels nommen wurde. Sels hoewol de boargemaster beweart dat der feilichheidsrisiko&#039;s binne en d\u00earom gjin risiko&#039;s nimme wol, is der in reden om dizze drastyske maatregels \u00fat te fieren.<\/p>\n\n\n\n<p>Hearrenfean Lokaal freget him \u00f4f w\u00earom&#039;t sa&#039;n probleem nea by ynspeksjes identifisearre is, foaral nei&#039;t de iishockeybaan by de ferbouwings yn essinsje los rekke fan Thialf.<\/p>\n\n\n\n<p>Op de parsekonferinsje waard bekend makke dat it probleem \u00fbntdutsen wie by de tariedings foar de renovaasje fan de iishockeybaan.<\/p>\n\n\n\n<p>Hearrenfean Lokaal is mear as nijsgjirrich nei de resultaten fan it \u00fbndersyk dat no \u00fatfierd wurde sil.<\/p>\n\n\n\n<p>Dit is in grutte klap foar de iishockeyklup, har spilers en organisatoaren, sponsors en fans. As it te lang trochgiet, sil it serieuze gefolgen hawwe foar it top-iishockey fan Hearrenfean.<\/p>\n\n\n\n<p>It \u00fbndersyk sil \u00fatwize yn hoefier&#039;t de eigener, de gemeente Hearrenfean, yn dizze saak, no en yn it ferline, korrekt hannele hat.<\/p>\n\n\n\n<p>Hearrenfean Lokaal wol no mear d\u00fadlikens oer de hiele strukturele tast\u00e2n fan &#039;e hal. Wy binne \u00fas bewust dat de pipen \u00fbnder de iisbaan lekke en de Zamboni amper \u00fbnder de betonnen struktuer past. Renovaasje liket no mear as needsaaklik, sels essensjeel, om de feiligens te garandearjen en hjir, yn &#039;e sportst\u00ead Hearrenfean, topsport te kinnen organisearje.<\/p>","protected":false},"excerpt":{"rendered":"<p>De maatregelen getroffen door de burgemeester van der Zwan om de ijshockeyhal Thialf per direct voor iedereen te sluiten heeft bij Heerenveen Lokaal als een bom ingeslagen. Eigenlijk gelijk als de kraan die ooit bij een eerdere verbouwing door het dak van de ijshockeyhal is gevallen. Je schrikt altijd als er dergelijke rigoureuze maatregelen worden [&hellip;]<\/p>\n","protected":false},"author":3,"featured_media":609,"comment_status":"closed","ping_status":"closed","sticky":false,"template":"","format":"standard","meta":{"_acf_changed":false,"mc4wp_mailchimp_campaign":[],"footnotes":""},"categories":[13],"tags":[27,54,94],"class_list":["post-2033","post","type-post","status-publish","format-standard","has-post-thumbnail","hentry","category-nieuws","tag-burgemeester-van-der-zwan","tag-heerenveen-lokaal","tag-sluiting-ijshockey-hal"],"acf":[],"yoast_head":"<!-- This site is optimized with the Yoast SEO plugin v27.4 - https:\/\/yoast.com\/product\/yoast-seo-wordpress\/ -->\n<title>Sluiting IJshockeyhal Thialf slaat in als bom! - Politiek Heerenveen - Heerenveen Lokaal<\/title>\n<meta name=\"description\" content=\"Door constructiefouten moest de ijshockeyhal van Gemeente Heerenveen noodgedwongen gesloten worden. Tot groot verdriet van de sporters.\" \/>\n<meta name=\"robots\" content=\"index, follow, max-snippet:-1, max-image-preview:large, max-video-preview:-1\" \/>\n<link rel=\"canonical\" href=\"https:\/\/heerenveenlokaal.nl\/fy\/sluiting-ijshockeyhal-thialf-slaat-in-als-bom\/\" \/>\n<meta property=\"og:locale\" content=\"en_US\" \/>\n<meta property=\"og:type\" content=\"article\" \/>\n<meta property=\"og:title\" content=\"Sluiting IJshockeyhal Thialf slaat in als bom! - Politiek Heerenveen - Heerenveen Lokaal\" \/>\n<meta property=\"og:description\" content=\"Door constructiefouten moest de ijshockeyhal van Gemeente Heerenveen noodgedwongen gesloten worden. Tot groot verdriet van de sporters.\" \/>\n<meta property=\"og:url\" content=\"https:\/\/heerenveenlokaal.nl\/fy\/sluiting-ijshockeyhal-thialf-slaat-in-als-bom\/\" \/>\n<meta property=\"og:site_name\" content=\"Politiek Heerenveen - Heerenveen Lokaal\" \/>\n<meta property=\"article:published_time\" content=\"2018-12-06T18:27:48+00:00\" \/>\n<meta property=\"og:image\" content=\"https:\/\/heerenveenlokaal.nl\/wp-content\/uploads\/2019\/05\/Thialf.jpg\" \/>\n\t<meta property=\"og:image:width\" content=\"1140\" \/>\n\t<meta property=\"og:image:height\" content=\"712\" \/>\n\t<meta property=\"og:image:type\" content=\"image\/jpeg\" \/>\n<meta name=\"author\" content=\"Heerenveen Lokaal\" \/>\n<meta name=\"twitter:card\" content=\"summary_large_image\" \/>\n<meta name=\"twitter:label1\" content=\"Skreaun troch\" \/>\n\t<meta name=\"twitter:data1\" content=\"Heerenveen Lokaal\" \/>\n\t<meta name=\"twitter:label2\" content=\"Est. l\u00eastiid\" \/>\n\t<meta name=\"twitter:data2\" content=\"2 minuten\" \/>\n<script type=\"application\/ld+json\" class=\"yoast-schema-graph\">{\"@context\":\"https:\\\/\\\/schema.org\",\"@graph\":[{\"@type\":\"Article\",\"@id\":\"https:\\\/\\\/heerenveenlokaal.nl\\\/sluiting-ijshockeyhal-thialf-slaat-in-als-bom\\\/#article\",\"isPartOf\":{\"@id\":\"https:\\\/\\\/heerenveenlokaal.nl\\\/sluiting-ijshockeyhal-thialf-slaat-in-als-bom\\\/\"},\"author\":{\"name\":\"Heerenveen Lokaal\",\"@id\":\"https:\\\/\\\/heerenveenlokaal.nl\\\/#\\\/schema\\\/person\\\/98668054f6b5255c57eb8070a7495491\"},\"headline\":\"Sluiting IJshockeyhal Thialf slaat in als bom!\",\"datePublished\":\"2018-12-06T18:27:48+00:00\",\"mainEntityOfPage\":{\"@id\":\"https:\\\/\\\/heerenveenlokaal.nl\\\/sluiting-ijshockeyhal-thialf-slaat-in-als-bom\\\/\"},\"wordCount\":268,\"publisher\":{\"@id\":\"https:\\\/\\\/heerenveenlokaal.nl\\\/#organization\"},\"image\":{\"@id\":\"https:\\\/\\\/heerenveenlokaal.nl\\\/sluiting-ijshockeyhal-thialf-slaat-in-als-bom\\\/#primaryimage\"},\"thumbnailUrl\":\"https:\\\/\\\/heerenveenlokaal.nl\\\/wp-content\\\/uploads\\\/2019\\\/05\\\/Thialf.webp\",\"keywords\":[\"burgemeester van der Zwan\",\"Heerenveen lokaal\",\"sluiting ijshockey hal\"],\"articleSection\":[\"Nieuws\"],\"inLanguage\":\"fy\"},{\"@type\":\"WebPage\",\"@id\":\"https:\\\/\\\/heerenveenlokaal.nl\\\/sluiting-ijshockeyhal-thialf-slaat-in-als-bom\\\/\",\"url\":\"https:\\\/\\\/heerenveenlokaal.nl\\\/sluiting-ijshockeyhal-thialf-slaat-in-als-bom\\\/\",\"name\":\"Sluiting IJshockeyhal Thialf slaat in als bom! - Politiek Heerenveen - Heerenveen Lokaal\",\"isPartOf\":{\"@id\":\"https:\\\/\\\/heerenveenlokaal.nl\\\/#website\"},\"primaryImageOfPage\":{\"@id\":\"https:\\\/\\\/heerenveenlokaal.nl\\\/sluiting-ijshockeyhal-thialf-slaat-in-als-bom\\\/#primaryimage\"},\"image\":{\"@id\":\"https:\\\/\\\/heerenveenlokaal.nl\\\/sluiting-ijshockeyhal-thialf-slaat-in-als-bom\\\/#primaryimage\"},\"thumbnailUrl\":\"https:\\\/\\\/heerenveenlokaal.nl\\\/wp-content\\\/uploads\\\/2019\\\/05\\\/Thialf.webp\",\"datePublished\":\"2018-12-06T18:27:48+00:00\",\"description\":\"Door constructiefouten moest de ijshockeyhal van Gemeente Heerenveen noodgedwongen gesloten worden. Tot groot verdriet van de sporters.\",\"breadcrumb\":{\"@id\":\"https:\\\/\\\/heerenveenlokaal.nl\\\/sluiting-ijshockeyhal-thialf-slaat-in-als-bom\\\/#breadcrumb\"},\"inLanguage\":\"fy\",\"potentialAction\":[{\"@type\":\"ReadAction\",\"target\":[\"https:\\\/\\\/heerenveenlokaal.nl\\\/sluiting-ijshockeyhal-thialf-slaat-in-als-bom\\\/\"]}]},{\"@type\":\"ImageObject\",\"inLanguage\":\"fy\",\"@id\":\"https:\\\/\\\/heerenveenlokaal.nl\\\/sluiting-ijshockeyhal-thialf-slaat-in-als-bom\\\/#primaryimage\",\"url\":\"https:\\\/\\\/heerenveenlokaal.nl\\\/wp-content\\\/uploads\\\/2019\\\/05\\\/Thialf.webp\",\"contentUrl\":\"https:\\\/\\\/heerenveenlokaal.nl\\\/wp-content\\\/uploads\\\/2019\\\/05\\\/Thialf.webp\",\"width\":1140,\"height\":712,\"caption\":\"Voorstel tooekomst ijshockeyhal\"},{\"@type\":\"BreadcrumbList\",\"@id\":\"https:\\\/\\\/heerenveenlokaal.nl\\\/sluiting-ijshockeyhal-thialf-slaat-in-als-bom\\\/#breadcrumb\",\"itemListElement\":[{\"@type\":\"ListItem\",\"position\":1,\"name\":\"Home\",\"item\":\"https:\\\/\\\/heerenveenlokaal.nl\\\/\"},{\"@type\":\"ListItem\",\"position\":2,\"name\":\"Sluiting IJshockeyhal Thialf slaat in als bom!\"}]},{\"@type\":\"WebSite\",\"@id\":\"https:\\\/\\\/heerenveenlokaal.nl\\\/#website\",\"url\":\"https:\\\/\\\/heerenveenlokaal.nl\\\/\",\"name\":\"Politiek Heerenveen - Heerenveen Lokaal\",\"description\":\"\",\"publisher\":{\"@id\":\"https:\\\/\\\/heerenveenlokaal.nl\\\/#organization\"},\"potentialAction\":[{\"@type\":\"SearchAction\",\"target\":{\"@type\":\"EntryPoint\",\"urlTemplate\":\"https:\\\/\\\/heerenveenlokaal.nl\\\/?s={search_term_string}\"},\"query-input\":{\"@type\":\"PropertyValueSpecification\",\"valueRequired\":true,\"valueName\":\"search_term_string\"}}],\"inLanguage\":\"fy\"},{\"@type\":\"Organization\",\"@id\":\"https:\\\/\\\/heerenveenlokaal.nl\\\/#organization\",\"name\":\"Politiek Heerenveen - Heerenveen Lokaal\",\"url\":\"https:\\\/\\\/heerenveenlokaal.nl\\\/\",\"logo\":{\"@type\":\"ImageObject\",\"inLanguage\":\"fy\",\"@id\":\"https:\\\/\\\/heerenveenlokaal.nl\\\/#\\\/schema\\\/logo\\\/image\\\/\",\"url\":\"https:\\\/\\\/heerenveenlokaal.nl\\\/wp-content\\\/uploads\\\/2019\\\/05\\\/cropped-cropped-Logo_Heerenveen_Lokaal_web.jpg\",\"contentUrl\":\"https:\\\/\\\/heerenveenlokaal.nl\\\/wp-content\\\/uploads\\\/2019\\\/05\\\/cropped-cropped-Logo_Heerenveen_Lokaal_web.jpg\",\"width\":512,\"height\":512,\"caption\":\"Politiek Heerenveen - Heerenveen Lokaal\"},\"image\":{\"@id\":\"https:\\\/\\\/heerenveenlokaal.nl\\\/#\\\/schema\\\/logo\\\/image\\\/\"}},{\"@type\":\"Person\",\"@id\":\"https:\\\/\\\/heerenveenlokaal.nl\\\/#\\\/schema\\\/person\\\/98668054f6b5255c57eb8070a7495491\",\"name\":\"Heerenveen Lokaal\",\"image\":{\"@type\":\"ImageObject\",\"inLanguage\":\"fy\",\"@id\":\"https:\\\/\\\/secure.gravatar.com\\\/avatar\\\/a4ce14b15561bb0f6dcbd7344ac3b89389066c949bfe8f9866f9c298f28ef103?s=96&d=mm&r=g\",\"url\":\"https:\\\/\\\/secure.gravatar.com\\\/avatar\\\/a4ce14b15561bb0f6dcbd7344ac3b89389066c949bfe8f9866f9c298f28ef103?s=96&d=mm&r=g\",\"contentUrl\":\"https:\\\/\\\/secure.gravatar.com\\\/avatar\\\/a4ce14b15561bb0f6dcbd7344ac3b89389066c949bfe8f9866f9c298f28ef103?s=96&d=mm&r=g\",\"caption\":\"Heerenveen Lokaal\"},\"description\":\"Heerenveen Lokaal is een dynamisch platform dat zich inzet voor de gemeenschap van Gemeente Heerenveen. Met een focus op lokale politiek, nieuws en evenementen, biedt Heerenveen Lokaal een stem aan de inwoners en bevordert het betrokkenheid en participatie. Ons team bestaat uit gepassioneerde individuen die zich inzetten voor transparantie, informatievoorziening en het versterken van de lokale democratie. Samen streven we naar een Heerenveen waar iedereen gehoord wordt en waar we gezamenlijk werken aan een betere toekomst.\",\"url\":\"https:\\\/\\\/heerenveenlokaal.nl\\\/fy\\\/author\\\/heerenveen-lokaal\\\/\"}]}<\/script>\n<!-- \/ Yoast SEO plugin. -->","yoast_head_json":{"title":"Sluiting IJshockeyhal Thialf slaat in als bom! - Politiek Heerenveen - Heerenveen Lokaal","description":"Door constructiefouten moest de ijshockeyhal van Gemeente Heerenveen noodgedwongen gesloten worden. Tot groot verdriet van de sporters.","robots":{"index":"index","follow":"follow","max-snippet":"max-snippet:-1","max-image-preview":"max-image-preview:large","max-video-preview":"max-video-preview:-1"},"canonical":"https:\/\/heerenveenlokaal.nl\/fy\/sluiting-ijshockeyhal-thialf-slaat-in-als-bom\/","og_locale":"en_US","og_type":"article","og_title":"Sluiting IJshockeyhal Thialf slaat in als bom! - Politiek Heerenveen - Heerenveen Lokaal","og_description":"Door constructiefouten moest de ijshockeyhal van Gemeente Heerenveen noodgedwongen gesloten worden. Tot groot verdriet van de sporters.","og_url":"https:\/\/heerenveenlokaal.nl\/fy\/sluiting-ijshockeyhal-thialf-slaat-in-als-bom\/","og_site_name":"Politiek Heerenveen - Heerenveen Lokaal","article_published_time":"2018-12-06T18:27:48+00:00","og_image":[{"width":1140,"height":712,"url":"https:\/\/heerenveenlokaal.nl\/wp-content\/uploads\/2019\/05\/Thialf.jpg","type":"image\/jpeg"}],"author":"Heerenveen Lokaal","twitter_card":"summary_large_image","twitter_misc":{"Skreaun troch":"Heerenveen Lokaal","Est. l\u00eastiid":"2 minuten"},"schema":{"@context":"https:\/\/schema.org","@graph":[{"@type":"Article","@id":"https:\/\/heerenveenlokaal.nl\/sluiting-ijshockeyhal-thialf-slaat-in-als-bom\/#article","isPartOf":{"@id":"https:\/\/heerenveenlokaal.nl\/sluiting-ijshockeyhal-thialf-slaat-in-als-bom\/"},"author":{"name":"Heerenveen Lokaal","@id":"https:\/\/heerenveenlokaal.nl\/#\/schema\/person\/98668054f6b5255c57eb8070a7495491"},"headline":"Sluiting IJshockeyhal Thialf slaat in als bom!","datePublished":"2018-12-06T18:27:48+00:00","mainEntityOfPage":{"@id":"https:\/\/heerenveenlokaal.nl\/sluiting-ijshockeyhal-thialf-slaat-in-als-bom\/"},"wordCount":268,"publisher":{"@id":"https:\/\/heerenveenlokaal.nl\/#organization"},"image":{"@id":"https:\/\/heerenveenlokaal.nl\/sluiting-ijshockeyhal-thialf-slaat-in-als-bom\/#primaryimage"},"thumbnailUrl":"https:\/\/heerenveenlokaal.nl\/wp-content\/uploads\/2019\/05\/Thialf.webp","keywords":["burgemeester van der Zwan","Heerenveen lokaal","sluiting ijshockey hal"],"articleSection":["Nieuws"],"inLanguage":"fy"},{"@type":"WebPage","@id":"https:\/\/heerenveenlokaal.nl\/sluiting-ijshockeyhal-thialf-slaat-in-als-bom\/","url":"https:\/\/heerenveenlokaal.nl\/sluiting-ijshockeyhal-thialf-slaat-in-als-bom\/","name":"Sluiting IJshockeyhal Thialf slaat in als bom! - Politiek Heerenveen - Heerenveen Lokaal","isPartOf":{"@id":"https:\/\/heerenveenlokaal.nl\/#website"},"primaryImageOfPage":{"@id":"https:\/\/heerenveenlokaal.nl\/sluiting-ijshockeyhal-thialf-slaat-in-als-bom\/#primaryimage"},"image":{"@id":"https:\/\/heerenveenlokaal.nl\/sluiting-ijshockeyhal-thialf-slaat-in-als-bom\/#primaryimage"},"thumbnailUrl":"https:\/\/heerenveenlokaal.nl\/wp-content\/uploads\/2019\/05\/Thialf.webp","datePublished":"2018-12-06T18:27:48+00:00","description":"Door constructiefouten moest de ijshockeyhal van Gemeente Heerenveen noodgedwongen gesloten worden. Tot groot verdriet van de sporters.","breadcrumb":{"@id":"https:\/\/heerenveenlokaal.nl\/sluiting-ijshockeyhal-thialf-slaat-in-als-bom\/#breadcrumb"},"inLanguage":"fy","potentialAction":[{"@type":"ReadAction","target":["https:\/\/heerenveenlokaal.nl\/sluiting-ijshockeyhal-thialf-slaat-in-als-bom\/"]}]},{"@type":"ImageObject","inLanguage":"fy","@id":"https:\/\/heerenveenlokaal.nl\/sluiting-ijshockeyhal-thialf-slaat-in-als-bom\/#primaryimage","url":"https:\/\/heerenveenlokaal.nl\/wp-content\/uploads\/2019\/05\/Thialf.webp","contentUrl":"https:\/\/heerenveenlokaal.nl\/wp-content\/uploads\/2019\/05\/Thialf.webp","width":1140,"height":712,"caption":"Voorstel tooekomst ijshockeyhal"},{"@type":"BreadcrumbList","@id":"https:\/\/heerenveenlokaal.nl\/sluiting-ijshockeyhal-thialf-slaat-in-als-bom\/#breadcrumb","itemListElement":[{"@type":"ListItem","position":1,"name":"Home","item":"https:\/\/heerenveenlokaal.nl\/"},{"@type":"ListItem","position":2,"name":"Sluiting IJshockeyhal Thialf slaat in als bom!"}]},{"@type":"WebSite","@id":"https:\/\/heerenveenlokaal.nl\/#website","url":"https:\/\/heerenveenlokaal.nl\/","name":"Politiek Heerenveen - Heerenveen Lokaal","description":"","publisher":{"@id":"https:\/\/heerenveenlokaal.nl\/#organization"},"potentialAction":[{"@type":"SearchAction","target":{"@type":"EntryPoint","urlTemplate":"https:\/\/heerenveenlokaal.nl\/?s={search_term_string}"},"query-input":{"@type":"PropertyValueSpecification","valueRequired":true,"valueName":"search_term_string"}}],"inLanguage":"fy"},{"@type":"Organization","@id":"https:\/\/heerenveenlokaal.nl\/#organization","name":"Politiek Heerenveen - Heerenveen Lokaal","url":"https:\/\/heerenveenlokaal.nl\/","logo":{"@type":"ImageObject","inLanguage":"fy","@id":"https:\/\/heerenveenlokaal.nl\/#\/schema\/logo\/image\/","url":"https:\/\/heerenveenlokaal.nl\/wp-content\/uploads\/2019\/05\/cropped-cropped-Logo_Heerenveen_Lokaal_web.jpg","contentUrl":"https:\/\/heerenveenlokaal.nl\/wp-content\/uploads\/2019\/05\/cropped-cropped-Logo_Heerenveen_Lokaal_web.jpg","width":512,"height":512,"caption":"Politiek Heerenveen - Heerenveen Lokaal"},"image":{"@id":"https:\/\/heerenveenlokaal.nl\/#\/schema\/logo\/image\/"}},{"@type":"Person","@id":"https:\/\/heerenveenlokaal.nl\/#\/schema\/person\/98668054f6b5255c57eb8070a7495491","name":"It Hearrenfean Lokaal","image":{"@type":"ImageObject","inLanguage":"fy","@id":"https:\/\/secure.gravatar.com\/avatar\/a4ce14b15561bb0f6dcbd7344ac3b89389066c949bfe8f9866f9c298f28ef103?s=96&d=mm&r=g","url":"https:\/\/secure.gravatar.com\/avatar\/a4ce14b15561bb0f6dcbd7344ac3b89389066c949bfe8f9866f9c298f28ef103?s=96&d=mm&r=g","contentUrl":"https:\/\/secure.gravatar.com\/avatar\/a4ce14b15561bb0f6dcbd7344ac3b89389066c949bfe8f9866f9c298f28ef103?s=96&d=mm&r=g","caption":"Heerenveen Lokaal"},"description":"Heerenveen Lokaal is een dynamisch platform dat zich inzet voor de gemeenschap van Gemeente Heerenveen. Met een focus op lokale politiek, nieuws en evenementen, biedt Heerenveen Lokaal een stem aan de inwoners en bevordert het betrokkenheid en participatie. Ons team bestaat uit gepassioneerde individuen die zich inzetten voor transparantie, informatievoorziening en het versterken van de lokale democratie. Samen streven we naar een Heerenveen waar iedereen gehoord wordt en waar we gezamenlijk werken aan een betere toekomst.","url":"https:\/\/heerenveenlokaal.nl\/fy\/author\/heerenveen-lokaal\/"}]}},"_links":{"self":[{"href":"https:\/\/heerenveenlokaal.nl\/fy\/wp-json\/wp\/v2\/posts\/2033","targetHints":{"allow":["GET"]}}],"collection":[{"href":"https:\/\/heerenveenlokaal.nl\/fy\/wp-json\/wp\/v2\/posts"}],"about":[{"href":"https:\/\/heerenveenlokaal.nl\/fy\/wp-json\/wp\/v2\/types\/post"}],"author":[{"embeddable":true,"href":"https:\/\/heerenveenlokaal.nl\/fy\/wp-json\/wp\/v2\/users\/3"}],"replies":[{"embeddable":true,"href":"https:\/\/heerenveenlokaal.nl\/fy\/wp-json\/wp\/v2\/comments?post=2033"}],"version-history":[{"count":0,"href":"https:\/\/heerenveenlokaal.nl\/fy\/wp-json\/wp\/v2\/posts\/2033\/revisions"}],"wp:featuredmedia":[{"embeddable":true,"href":"https:\/\/heerenveenlokaal.nl\/fy\/wp-json\/wp\/v2\/media\/609"}],"wp:attachment":[{"href":"https:\/\/heerenveenlokaal.nl\/fy\/wp-json\/wp\/v2\/media?parent=2033"}],"wp:term":[{"taxonomy":"category","embeddable":true,"href":"https:\/\/heerenveenlokaal.nl\/fy\/wp-json\/wp\/v2\/categories?post=2033"},{"taxonomy":"post_tag","embeddable":true,"href":"https:\/\/heerenveenlokaal.nl\/fy\/wp-json\/wp\/v2\/tags?post=2033"}],"curies":[{"name":"wp","href":"https:\/\/api.w.org\/{rel}","templated":true}]}}