{"id":2042,"date":"2019-07-27T22:26:44","date_gmt":"2019-07-27T20:26:44","guid":{"rendered":"https:\/\/heerenveenlokaal.nl\/?p=520"},"modified":"2019-07-27T22:26:44","modified_gmt":"2019-07-27T20:26:44","slug":"heerenveen-lokaal-in-gesprek-met","status":"publish","type":"post","link":"https:\/\/heerenveenlokaal.nl\/fy\/heerenveen-lokaal-in-gesprek-met\/","title":{"rendered":"Iris en Hylke fan Terwisga:"},"content":{"rendered":"<p>Iris en Hylke van Terwisga, twa jongerein fan It Hearrenfean.<br \/> Iris kaam op foar har broer en tagelyk, neffens har, foar in grutte groep jongeren dy&#039;t wurkje op in plak dat net by harren oplieding past.<br \/> Neffens Iris is dit in groeiende groep jonge minsken, benammen dyjingen mei in fak\u00fbnderwiisoplieding (MBO), mar ek dyjingen mei in HBO- en universit\u00eare oplieding. Har broer Hylke hat in fak\u00fbnderwiisoplieding (MBO) yn Yntegreare Feiligens helle en sollisitearret al mear as fjouwer jier nei in baan dy&#039;t oerienkomt mei syn kwalifikaasjes. Oant no ta is hy ferskate kearen \u00f4fwiisd fanwegen in gebrek oan \u00fbnderfining. <br \/> <br \/> Hylke ferklearre dat nei&#039;t er syn st\u00fadzje \u00f4fmakke hie, elke sollisitaasje fjouwer jier \u00fbnderfining easke. Hy socht fierdere oplieding op it nivo fan in hegeskoalle. De lesjildkosten, ynklusyf lesjild, wiene te heech foar ien mei in minimumynkommen. Hy moast ek de studinteskuld fan syn eardere st\u00fadzje werombetelje, krekt as elkenien. Hylke wurket no by in fitnessbedriuw d\u00ear&#039;t er de logistyk fersoarget. Hy seit dat hoe langer it duorret om in baan te finen dy&#039;t oerienkomt mei dyn oplieding, hoe mear dyn fakkennis ferdwynt. <br \/> <br \/> Hoe komme jo \u00fat dy sirkel?<br \/> <br \/> In baan fine nei it \u00f4fstudearjen, konkludearret Iris, hinget foar in grut part \u00f4f fan dyn oplieding. De karri\u00earekeuze dy&#039;tst as studint meitsje is d\u00earom tige wichtich en bepaalt dyn takomst. Iris hat sels in eftergr\u00fbn yn &#039;e s\u00fbnenssoarch en koe direkt nei it \u00f4fstudearjen begjinne te wurkjen.<br \/> <br \/> Op basis fan har eigen \u00fbnderfiningen begon Iris in enk\u00eate te meitsjen \u00fbnder jongeren mei in MBO-, HBO- of universit\u00eare oplieding. <br \/> Yn dizze enk\u00eate freget se jonge \u00f4fstudearden om harren \u00fbnderfiningen te dielen mei it finen fan wurk dat by harren oplieding past.<br \/> <br \/> Wy sille Iris en har aktiviteiten nau folgje en fine it geweldich dat jonge minsken inoar op dizze manier helpe wolle. Ien fan har folgjende stappen is om in gearkomste mei de weth\u00e2lder te plannen foar wurkgelegenheid en fierdere publisiteit te sykjen.<br \/> <br \/> Jongerein kin har oanmelde foar dizze enk\u00eate fia de Facebook-pagina fan Iris<\/p>\n\n\n\n<figure><iframe src=\"https:\/\/www.facebook.com\/plugins\/post.php?href=https%3A%2F%2Fwww.facebook.com%2Firis.vanterwisga%2Fposts%2F2229425453762029&amp;width=500\" width=\"500\" height=\"268\" style=\"border:none;overflow:hidden\" scrolling=\"no\" frameborder=\"0\" allowtransparency=\"true\" allow=\"encrypted-media\"><\/iframe><\/figure>","protected":false},"excerpt":{"rendered":"<p>Iris en Hylke van Terwisga, twee jongeren uit Heerenveen. Iris is in de bres gesprongen voor haar broer en tegelijkertijd voor een volgens haar grote groep jongeren die werken op een plek die niet bij hun opleiding past. Volgens Iris is dit een groeiende groep jongeren met name vanuit het MBO maar ook HBO en [&hellip;]<\/p>\n","protected":false},"author":3,"featured_media":625,"comment_status":"closed","ping_status":"closed","sticky":false,"template":"","format":"standard","meta":{"_acf_changed":false,"mc4wp_mailchimp_campaign":[],"footnotes":""},"categories":[12],"tags":[],"class_list":["post-2042","post","type-post","status-publish","format-standard","has-post-thumbnail","hentry","category-in-gesprek-met"],"acf":[],"yoast_head":"<!-- This site is optimized with the Yoast SEO plugin v27.4 - https:\/\/yoast.com\/product\/yoast-seo-wordpress\/ -->\n<title>Iris en Hylke van Terwisga: - Politiek Heerenveen - Heerenveen Lokaal<\/title>\n<meta name=\"description\" content=\"Heerenveen Lokaal is deze keer in gesprek met Iris van Terwisga. Zij is op zoek naar jongeren zonder baan in de gemeente Heerenveen\" \/>\n<meta name=\"robots\" content=\"index, follow, max-snippet:-1, max-image-preview:large, max-video-preview:-1\" \/>\n<link rel=\"canonical\" href=\"https:\/\/heerenveenlokaal.nl\/fy\/heerenveen-lokaal-in-gesprek-met\/\" \/>\n<meta property=\"og:locale\" content=\"en_US\" \/>\n<meta property=\"og:type\" content=\"article\" \/>\n<meta property=\"og:title\" content=\"Heerenveen Lokaal in gesprek met jongeren uit gemeente Heerenveen\" \/>\n<meta property=\"og:description\" content=\"Heerenveen Lokaal heeft speciaal voor jongeren een rubriek. Lees hier regelmatig over hun idee\u00ebn, problemen of leuke zaken\" \/>\n<meta property=\"og:url\" content=\"https:\/\/heerenveenlokaal.nl\/fy\/heerenveen-lokaal-in-gesprek-met\/\" \/>\n<meta property=\"og:site_name\" content=\"Politiek Heerenveen - Heerenveen Lokaal\" \/>\n<meta property=\"article:published_time\" content=\"2019-07-27T20:26:44+00:00\" \/>\n<meta name=\"author\" content=\"Heerenveen Lokaal\" \/>\n<meta name=\"twitter:card\" content=\"summary_large_image\" \/>\n<meta name=\"twitter:title\" content=\"Heerenveen Lokaal in gesprek met jongeren uit gemeente Heerenveen\" \/>\n<meta name=\"twitter:description\" content=\"Heerenveen Lokaal heeft speciaal voor jongeren een rubriek. Lees hier regelmatig over hun idee\u00ebn, problemen of leuke zaken\" \/>\n<meta name=\"twitter:label1\" content=\"Skreaun troch\" \/>\n\t<meta name=\"twitter:data1\" content=\"Heerenveen Lokaal\" \/>\n\t<meta name=\"twitter:label2\" content=\"Est. l\u00eastiid\" \/>\n\t<meta name=\"twitter:data2\" content=\"2 minuten\" \/>\n<script type=\"application\/ld+json\" class=\"yoast-schema-graph\">{\"@context\":\"https:\\\/\\\/schema.org\",\"@graph\":[{\"@type\":\"Article\",\"@id\":\"https:\\\/\\\/heerenveenlokaal.nl\\\/heerenveen-lokaal-in-gesprek-met\\\/#article\",\"isPartOf\":{\"@id\":\"https:\\\/\\\/heerenveenlokaal.nl\\\/heerenveen-lokaal-in-gesprek-met\\\/\"},\"author\":{\"name\":\"Heerenveen Lokaal\",\"@id\":\"https:\\\/\\\/heerenveenlokaal.nl\\\/#\\\/schema\\\/person\\\/98668054f6b5255c57eb8070a7495491\"},\"headline\":\"Iris en Hylke van Terwisga:\",\"datePublished\":\"2019-07-27T20:26:44+00:00\",\"mainEntityOfPage\":{\"@id\":\"https:\\\/\\\/heerenveenlokaal.nl\\\/heerenveen-lokaal-in-gesprek-met\\\/\"},\"wordCount\":356,\"publisher\":{\"@id\":\"https:\\\/\\\/heerenveenlokaal.nl\\\/#organization\"},\"image\":{\"@id\":\"https:\\\/\\\/heerenveenlokaal.nl\\\/heerenveen-lokaal-in-gesprek-met\\\/#primaryimage\"},\"thumbnailUrl\":\"https:\\\/\\\/heerenveenlokaal.nl\\\/wp-content\\\/uploads\\\/2019\\\/07\\\/HL-in-gesprek-met-jongeren.webp\",\"articleSection\":[\"In gesprek met\"],\"inLanguage\":\"fy\"},{\"@type\":\"WebPage\",\"@id\":\"https:\\\/\\\/heerenveenlokaal.nl\\\/heerenveen-lokaal-in-gesprek-met\\\/\",\"url\":\"https:\\\/\\\/heerenveenlokaal.nl\\\/heerenveen-lokaal-in-gesprek-met\\\/\",\"name\":\"Iris en Hylke van Terwisga: - Politiek Heerenveen - Heerenveen Lokaal\",\"isPartOf\":{\"@id\":\"https:\\\/\\\/heerenveenlokaal.nl\\\/#website\"},\"primaryImageOfPage\":{\"@id\":\"https:\\\/\\\/heerenveenlokaal.nl\\\/heerenveen-lokaal-in-gesprek-met\\\/#primaryimage\"},\"image\":{\"@id\":\"https:\\\/\\\/heerenveenlokaal.nl\\\/heerenveen-lokaal-in-gesprek-met\\\/#primaryimage\"},\"thumbnailUrl\":\"https:\\\/\\\/heerenveenlokaal.nl\\\/wp-content\\\/uploads\\\/2019\\\/07\\\/HL-in-gesprek-met-jongeren.webp\",\"datePublished\":\"2019-07-27T20:26:44+00:00\",\"description\":\"Heerenveen Lokaal is deze keer in gesprek met Iris van Terwisga. Zij is op zoek naar jongeren zonder baan in de gemeente Heerenveen\",\"breadcrumb\":{\"@id\":\"https:\\\/\\\/heerenveenlokaal.nl\\\/heerenveen-lokaal-in-gesprek-met\\\/#breadcrumb\"},\"inLanguage\":\"fy\",\"potentialAction\":[{\"@type\":\"ReadAction\",\"target\":[\"https:\\\/\\\/heerenveenlokaal.nl\\\/heerenveen-lokaal-in-gesprek-met\\\/\"]}]},{\"@type\":\"ImageObject\",\"inLanguage\":\"fy\",\"@id\":\"https:\\\/\\\/heerenveenlokaal.nl\\\/heerenveen-lokaal-in-gesprek-met\\\/#primaryimage\",\"url\":\"https:\\\/\\\/heerenveenlokaal.nl\\\/wp-content\\\/uploads\\\/2019\\\/07\\\/HL-in-gesprek-met-jongeren.webp\",\"contentUrl\":\"https:\\\/\\\/heerenveenlokaal.nl\\\/wp-content\\\/uploads\\\/2019\\\/07\\\/HL-in-gesprek-met-jongeren.webp\",\"width\":1773,\"height\":1920,\"caption\":\"Jongeren in Gemeente Heerenveen\"},{\"@type\":\"BreadcrumbList\",\"@id\":\"https:\\\/\\\/heerenveenlokaal.nl\\\/heerenveen-lokaal-in-gesprek-met\\\/#breadcrumb\",\"itemListElement\":[{\"@type\":\"ListItem\",\"position\":1,\"name\":\"Home\",\"item\":\"https:\\\/\\\/heerenveenlokaal.nl\\\/\"},{\"@type\":\"ListItem\",\"position\":2,\"name\":\"Iris en Hylke van Terwisga:\"}]},{\"@type\":\"WebSite\",\"@id\":\"https:\\\/\\\/heerenveenlokaal.nl\\\/#website\",\"url\":\"https:\\\/\\\/heerenveenlokaal.nl\\\/\",\"name\":\"Politiek Heerenveen - Heerenveen Lokaal\",\"description\":\"\",\"publisher\":{\"@id\":\"https:\\\/\\\/heerenveenlokaal.nl\\\/#organization\"},\"potentialAction\":[{\"@type\":\"SearchAction\",\"target\":{\"@type\":\"EntryPoint\",\"urlTemplate\":\"https:\\\/\\\/heerenveenlokaal.nl\\\/?s={search_term_string}\"},\"query-input\":{\"@type\":\"PropertyValueSpecification\",\"valueRequired\":true,\"valueName\":\"search_term_string\"}}],\"inLanguage\":\"fy\"},{\"@type\":\"Organization\",\"@id\":\"https:\\\/\\\/heerenveenlokaal.nl\\\/#organization\",\"name\":\"Politiek Heerenveen - Heerenveen Lokaal\",\"url\":\"https:\\\/\\\/heerenveenlokaal.nl\\\/\",\"logo\":{\"@type\":\"ImageObject\",\"inLanguage\":\"fy\",\"@id\":\"https:\\\/\\\/heerenveenlokaal.nl\\\/#\\\/schema\\\/logo\\\/image\\\/\",\"url\":\"https:\\\/\\\/heerenveenlokaal.nl\\\/wp-content\\\/uploads\\\/2019\\\/05\\\/cropped-cropped-Logo_Heerenveen_Lokaal_web.jpg\",\"contentUrl\":\"https:\\\/\\\/heerenveenlokaal.nl\\\/wp-content\\\/uploads\\\/2019\\\/05\\\/cropped-cropped-Logo_Heerenveen_Lokaal_web.jpg\",\"width\":512,\"height\":512,\"caption\":\"Politiek Heerenveen - Heerenveen Lokaal\"},\"image\":{\"@id\":\"https:\\\/\\\/heerenveenlokaal.nl\\\/#\\\/schema\\\/logo\\\/image\\\/\"}},{\"@type\":\"Person\",\"@id\":\"https:\\\/\\\/heerenveenlokaal.nl\\\/#\\\/schema\\\/person\\\/98668054f6b5255c57eb8070a7495491\",\"name\":\"Heerenveen Lokaal\",\"image\":{\"@type\":\"ImageObject\",\"inLanguage\":\"fy\",\"@id\":\"https:\\\/\\\/secure.gravatar.com\\\/avatar\\\/a4ce14b15561bb0f6dcbd7344ac3b89389066c949bfe8f9866f9c298f28ef103?s=96&d=mm&r=g\",\"url\":\"https:\\\/\\\/secure.gravatar.com\\\/avatar\\\/a4ce14b15561bb0f6dcbd7344ac3b89389066c949bfe8f9866f9c298f28ef103?s=96&d=mm&r=g\",\"contentUrl\":\"https:\\\/\\\/secure.gravatar.com\\\/avatar\\\/a4ce14b15561bb0f6dcbd7344ac3b89389066c949bfe8f9866f9c298f28ef103?s=96&d=mm&r=g\",\"caption\":\"Heerenveen Lokaal\"},\"description\":\"Heerenveen Lokaal is een dynamisch platform dat zich inzet voor de gemeenschap van Gemeente Heerenveen. Met een focus op lokale politiek, nieuws en evenementen, biedt Heerenveen Lokaal een stem aan de inwoners en bevordert het betrokkenheid en participatie. Ons team bestaat uit gepassioneerde individuen die zich inzetten voor transparantie, informatievoorziening en het versterken van de lokale democratie. Samen streven we naar een Heerenveen waar iedereen gehoord wordt en waar we gezamenlijk werken aan een betere toekomst.\",\"url\":\"https:\\\/\\\/heerenveenlokaal.nl\\\/fy\\\/author\\\/heerenveen-lokaal\\\/\"}]}<\/script>\n<!-- \/ Yoast SEO plugin. -->","yoast_head_json":{"title":"Iris en Hylke van Terwisga: - Politiek Heerenveen - Heerenveen Lokaal","description":"Heerenveen Lokaal is deze keer in gesprek met Iris van Terwisga. Zij is op zoek naar jongeren zonder baan in de gemeente Heerenveen","robots":{"index":"index","follow":"follow","max-snippet":"max-snippet:-1","max-image-preview":"max-image-preview:large","max-video-preview":"max-video-preview:-1"},"canonical":"https:\/\/heerenveenlokaal.nl\/fy\/heerenveen-lokaal-in-gesprek-met\/","og_locale":"en_US","og_type":"article","og_title":"Heerenveen Lokaal in gesprek met jongeren uit gemeente Heerenveen","og_description":"Heerenveen Lokaal heeft speciaal voor jongeren een rubriek. Lees hier regelmatig over hun idee\u00ebn, problemen of leuke zaken","og_url":"https:\/\/heerenveenlokaal.nl\/fy\/heerenveen-lokaal-in-gesprek-met\/","og_site_name":"Politiek Heerenveen - Heerenveen Lokaal","article_published_time":"2019-07-27T20:26:44+00:00","author":"Heerenveen Lokaal","twitter_card":"summary_large_image","twitter_title":"Heerenveen Lokaal in gesprek met jongeren uit gemeente Heerenveen","twitter_description":"Heerenveen Lokaal heeft speciaal voor jongeren een rubriek. Lees hier regelmatig over hun idee\u00ebn, problemen of leuke zaken","twitter_misc":{"Skreaun troch":"Heerenveen Lokaal","Est. l\u00eastiid":"2 minuten"},"schema":{"@context":"https:\/\/schema.org","@graph":[{"@type":"Article","@id":"https:\/\/heerenveenlokaal.nl\/heerenveen-lokaal-in-gesprek-met\/#article","isPartOf":{"@id":"https:\/\/heerenveenlokaal.nl\/heerenveen-lokaal-in-gesprek-met\/"},"author":{"name":"Heerenveen Lokaal","@id":"https:\/\/heerenveenlokaal.nl\/#\/schema\/person\/98668054f6b5255c57eb8070a7495491"},"headline":"Iris en Hylke van Terwisga:","datePublished":"2019-07-27T20:26:44+00:00","mainEntityOfPage":{"@id":"https:\/\/heerenveenlokaal.nl\/heerenveen-lokaal-in-gesprek-met\/"},"wordCount":356,"publisher":{"@id":"https:\/\/heerenveenlokaal.nl\/#organization"},"image":{"@id":"https:\/\/heerenveenlokaal.nl\/heerenveen-lokaal-in-gesprek-met\/#primaryimage"},"thumbnailUrl":"https:\/\/heerenveenlokaal.nl\/wp-content\/uploads\/2019\/07\/HL-in-gesprek-met-jongeren.webp","articleSection":["In gesprek met"],"inLanguage":"fy"},{"@type":"WebPage","@id":"https:\/\/heerenveenlokaal.nl\/heerenveen-lokaal-in-gesprek-met\/","url":"https:\/\/heerenveenlokaal.nl\/heerenveen-lokaal-in-gesprek-met\/","name":"Iris en Hylke van Terwisga: - Politiek Heerenveen - Heerenveen Lokaal","isPartOf":{"@id":"https:\/\/heerenveenlokaal.nl\/#website"},"primaryImageOfPage":{"@id":"https:\/\/heerenveenlokaal.nl\/heerenveen-lokaal-in-gesprek-met\/#primaryimage"},"image":{"@id":"https:\/\/heerenveenlokaal.nl\/heerenveen-lokaal-in-gesprek-met\/#primaryimage"},"thumbnailUrl":"https:\/\/heerenveenlokaal.nl\/wp-content\/uploads\/2019\/07\/HL-in-gesprek-met-jongeren.webp","datePublished":"2019-07-27T20:26:44+00:00","description":"Heerenveen Lokaal is deze keer in gesprek met Iris van Terwisga. Zij is op zoek naar jongeren zonder baan in de gemeente Heerenveen","breadcrumb":{"@id":"https:\/\/heerenveenlokaal.nl\/heerenveen-lokaal-in-gesprek-met\/#breadcrumb"},"inLanguage":"fy","potentialAction":[{"@type":"ReadAction","target":["https:\/\/heerenveenlokaal.nl\/heerenveen-lokaal-in-gesprek-met\/"]}]},{"@type":"ImageObject","inLanguage":"fy","@id":"https:\/\/heerenveenlokaal.nl\/heerenveen-lokaal-in-gesprek-met\/#primaryimage","url":"https:\/\/heerenveenlokaal.nl\/wp-content\/uploads\/2019\/07\/HL-in-gesprek-met-jongeren.webp","contentUrl":"https:\/\/heerenveenlokaal.nl\/wp-content\/uploads\/2019\/07\/HL-in-gesprek-met-jongeren.webp","width":1773,"height":1920,"caption":"Jongeren in Gemeente Heerenveen"},{"@type":"BreadcrumbList","@id":"https:\/\/heerenveenlokaal.nl\/heerenveen-lokaal-in-gesprek-met\/#breadcrumb","itemListElement":[{"@type":"ListItem","position":1,"name":"Home","item":"https:\/\/heerenveenlokaal.nl\/"},{"@type":"ListItem","position":2,"name":"Iris en Hylke van Terwisga:"}]},{"@type":"WebSite","@id":"https:\/\/heerenveenlokaal.nl\/#website","url":"https:\/\/heerenveenlokaal.nl\/","name":"Politiek Heerenveen - Heerenveen Lokaal","description":"","publisher":{"@id":"https:\/\/heerenveenlokaal.nl\/#organization"},"potentialAction":[{"@type":"SearchAction","target":{"@type":"EntryPoint","urlTemplate":"https:\/\/heerenveenlokaal.nl\/?s={search_term_string}"},"query-input":{"@type":"PropertyValueSpecification","valueRequired":true,"valueName":"search_term_string"}}],"inLanguage":"fy"},{"@type":"Organization","@id":"https:\/\/heerenveenlokaal.nl\/#organization","name":"Politiek Heerenveen - Heerenveen Lokaal","url":"https:\/\/heerenveenlokaal.nl\/","logo":{"@type":"ImageObject","inLanguage":"fy","@id":"https:\/\/heerenveenlokaal.nl\/#\/schema\/logo\/image\/","url":"https:\/\/heerenveenlokaal.nl\/wp-content\/uploads\/2019\/05\/cropped-cropped-Logo_Heerenveen_Lokaal_web.jpg","contentUrl":"https:\/\/heerenveenlokaal.nl\/wp-content\/uploads\/2019\/05\/cropped-cropped-Logo_Heerenveen_Lokaal_web.jpg","width":512,"height":512,"caption":"Politiek Heerenveen - Heerenveen Lokaal"},"image":{"@id":"https:\/\/heerenveenlokaal.nl\/#\/schema\/logo\/image\/"}},{"@type":"Person","@id":"https:\/\/heerenveenlokaal.nl\/#\/schema\/person\/98668054f6b5255c57eb8070a7495491","name":"It Hearrenfean Lokaal","image":{"@type":"ImageObject","inLanguage":"fy","@id":"https:\/\/secure.gravatar.com\/avatar\/a4ce14b15561bb0f6dcbd7344ac3b89389066c949bfe8f9866f9c298f28ef103?s=96&d=mm&r=g","url":"https:\/\/secure.gravatar.com\/avatar\/a4ce14b15561bb0f6dcbd7344ac3b89389066c949bfe8f9866f9c298f28ef103?s=96&d=mm&r=g","contentUrl":"https:\/\/secure.gravatar.com\/avatar\/a4ce14b15561bb0f6dcbd7344ac3b89389066c949bfe8f9866f9c298f28ef103?s=96&d=mm&r=g","caption":"Heerenveen Lokaal"},"description":"Heerenveen Lokaal is een dynamisch platform dat zich inzet voor de gemeenschap van Gemeente Heerenveen. Met een focus op lokale politiek, nieuws en evenementen, biedt Heerenveen Lokaal een stem aan de inwoners en bevordert het betrokkenheid en participatie. Ons team bestaat uit gepassioneerde individuen die zich inzetten voor transparantie, informatievoorziening en het versterken van de lokale democratie. Samen streven we naar een Heerenveen waar iedereen gehoord wordt en waar we gezamenlijk werken aan een betere toekomst.","url":"https:\/\/heerenveenlokaal.nl\/fy\/author\/heerenveen-lokaal\/"}]}},"_links":{"self":[{"href":"https:\/\/heerenveenlokaal.nl\/fy\/wp-json\/wp\/v2\/posts\/2042","targetHints":{"allow":["GET"]}}],"collection":[{"href":"https:\/\/heerenveenlokaal.nl\/fy\/wp-json\/wp\/v2\/posts"}],"about":[{"href":"https:\/\/heerenveenlokaal.nl\/fy\/wp-json\/wp\/v2\/types\/post"}],"author":[{"embeddable":true,"href":"https:\/\/heerenveenlokaal.nl\/fy\/wp-json\/wp\/v2\/users\/3"}],"replies":[{"embeddable":true,"href":"https:\/\/heerenveenlokaal.nl\/fy\/wp-json\/wp\/v2\/comments?post=2042"}],"version-history":[{"count":0,"href":"https:\/\/heerenveenlokaal.nl\/fy\/wp-json\/wp\/v2\/posts\/2042\/revisions"}],"wp:featuredmedia":[{"embeddable":true,"href":"https:\/\/heerenveenlokaal.nl\/fy\/wp-json\/wp\/v2\/media\/625"}],"wp:attachment":[{"href":"https:\/\/heerenveenlokaal.nl\/fy\/wp-json\/wp\/v2\/media?parent=2042"}],"wp:term":[{"taxonomy":"category","embeddable":true,"href":"https:\/\/heerenveenlokaal.nl\/fy\/wp-json\/wp\/v2\/categories?post=2042"},{"taxonomy":"post_tag","embeddable":true,"href":"https:\/\/heerenveenlokaal.nl\/fy\/wp-json\/wp\/v2\/tags?post=2042"}],"curies":[{"name":"wp","href":"https:\/\/api.w.org\/{rel}","templated":true}]}}