{"id":2051,"date":"2019-09-17T00:29:45","date_gmt":"2019-09-16T22:29:45","guid":{"rendered":"https:\/\/heerenveenlokaal.nl\/?p=620"},"modified":"2019-09-17T00:29:45","modified_gmt":"2019-09-16T22:29:45","slug":"onze-inwoners-doen-het-goed","status":"publish","type":"post","link":"https:\/\/heerenveenlokaal.nl\/fy\/onze-inwoners-doen-het-goed\/","title":{"rendered":"Us ynwenners dogge it goed"},"content":{"rendered":"<p>Op de gearkomste fan &#039;e gemeenteried fan 16 septimber hat de ried de earste evaluaasje fan Diftar+ mei it bestjoer besprutsen.<br \/>De nije manier om \u00f4ffal te skieden en per kilo te beteljen.<br \/>It riedsfoarstel dat troch it bestjoer oan &#039;e ried yntsjinne wie, waard ek besprutsen.<br \/>De evaluaasje is troch Heerenveen Lokaal notearre en wy hawwe tsjin it foarstel fan &#039;e ried stimd.<br \/>Wy wolle jo hjir\u00fbnder \u00fatlizze hoe en wat.<\/p>\n\n\n\n<p>De Diftar+ evaluaasje lit positive resultaten sjen, mar de perioade is te koart foar \u00fas om in goed byld te krijen fan de foar\u00fatgong. It is noch te betiid foar Heerenveen Lokaal om konkl\u00fazjes te l\u00fbken \u00fat dizze earste faze fan Diftar+. Bygelyks, de regeling foar \u00e2ld papier is noch net folslein \u00fbntwikkele en gen\u00f4ch besprutsen mei de papiersubsydzjeferienings. <br \/>De ried sprekt ek yn &#039;e media en yn it riedsfoarstel dat de belestingen foar \u00fas ynwenners omheech geane, as in voldongen feit. <br \/>Wy kinne gjin oanwizing fine dat it bestjoer fan doel is dit oan de ried foar te lizzen; it bestjoer hat in d\u00fadlike konkl\u00fazje lutsen s\u00fbnder dat de ried d\u00ear in miening oer \u00fatsprutsen hat. <\/p>\n\n\n\n<p>Us ynwenners binne ent\u00fbsjast en folslein dwaande mei it \u00f4ffalbehear en wolle graach bydrage. It earste ent\u00fbsjasme foar in protte ynwenners liket lykwols te ferdwinen troch it debat oer de oankundige belestingferheging.\n<\/p>\n\n\n\n<p>Yn syn evaluaasje en kommunikaasje presintearret it bestjoer in realistysk byld fan &#039;e kosten\u00fbntwikkeling, of leaver, de \u00fbn\u00fbntkomber ferheging fan \u00f4ffalferwurkingskosten foar \u00fas gemeente. <br \/>Dit makket de gearwurking mei Omrin en har oandielh\u00e2lders en de ferheging fan &#039;e nasjonale \u00f4ffalstoffenbelesting in aktueel \u00fbnderwerp.<br \/> <br \/>Heerenveen Lokaal is fan betinken dat Diftar+ in pluspunt w\u00eaze moat foar it fergrutsjen fan bewustw\u00eazen oer hoe&#039;t jo jo \u00f4ffal beheare kinne, en de kostenreduksje is in ekstra stimul\u00e2ns foar \u00fas ynwenners om har b\u00east te dwaan. Wy binne ommers allegear minsken.<\/p>\n\n\n\n<p>De diskusje oer boarneskieding liket sels no in \u00fbnskiedbere te w\u00eazen, nettsjinsteande de goede en bekende resultaten fan neiskieding. <\/p>\n\n\n\n<p>De boarne fan dizze diskusje is foar in part finansjeel, mar foar in protte is de wichtichste reden om in ekstra bydrage te leverjen oan it oplossen fan it plestikprobleem.<\/p>\n\n\n\n<p>Us ynwenners, krekt lykas dizze gemeenteried, wolle dat de wr\u00e2ld skjin is foar takomstige generaasjes.<\/p>\n\n\n\n<p>Doe&#039;t Diftar+ yntrodusearre waard, skepten guon minsken de yndruk dat it ynwenners folle mear kostje soe fanwegen de priis per kilo. De measte minsken realisearren har lykwols al gau dat it eins goedkeaper is as jo jo \u00f4ffal goed skiede.<br \/> <br \/>Hearrenfean Lokaal hie wat muoite mei dit, yn \u00fas sicht, ferkearde byld, mar wy moatte no tajaan dat it yndie djoerder wurde sil. <\/p>\n\n\n\n<p><strong>As jo op it stuit in petear hawwe mei ynwenners, fiele de measten fan harren har straft foar har goede gedrach, mar nettsjinsteande dit bliuwe se har b\u00east dwaan om \u00f4ffal better te skieden.<\/strong>. Dat is dus te ferklearjen, mar it lit ien mei in \u00fbngemaklik gefoel achter; earst seinen se dat it goedkeaper w\u00eaze soe, en no, nei in koarte perioade, de earste ferheging... dat is spitigern\u00f4ch dreger \u00fat te lizzen.<\/p>\n\n\n\n<p>Ofval giet \u00fas allegear oan en is in wr\u00e2ldwide merk foar it weromwinnen fan gr\u00fbnstoffen, de sirkul\u00eare ekonomy.<\/p>","protected":false},"excerpt":{"rendered":"<p>In de gemeenteraadsvergadering van 16 september heeft de raad met het college gesproken over de eerste evaluatie van Diftar+.De nieuwe wijze van afval scheiden en het afrekenen per kilo.ook is het raadsvoorstel besproken wat hier bij door het college aan de raad is voorgelegd.De evaluatie is door Heerenveen Lokaal voor kennisgeving aangenomen en wij hebben [&hellip;]<\/p>\n","protected":false},"author":3,"featured_media":641,"comment_status":"closed","ping_status":"closed","sticky":false,"template":"","format":"standard","meta":{"_acf_changed":false,"mc4wp_mailchimp_campaign":[],"footnotes":""},"categories":[13],"tags":[35],"class_list":["post-2051","post","type-post","status-publish","format-standard","has-post-thumbnail","hentry","category-nieuws","tag-diftar-plus"],"acf":[],"yoast_head":"<!-- This site is optimized with the Yoast SEO plugin v27.4 - https:\/\/yoast.com\/product\/yoast-seo-wordpress\/ -->\n<title>Onze inwoners doen het goed - Politiek Heerenveen - Heerenveen Lokaal<\/title>\n<meta name=\"description\" content=\"Ga je momenteel in discussie met inwoners dan voelen de meesten zich gestraft voor hun goede gedrag, maar desondanks blijft men wel scheiden.\" \/>\n<meta name=\"robots\" content=\"index, follow, max-snippet:-1, max-image-preview:large, max-video-preview:-1\" \/>\n<link rel=\"canonical\" href=\"https:\/\/heerenveenlokaal.nl\/fy\/onze-inwoners-doen-het-goed\/\" \/>\n<meta property=\"og:locale\" content=\"en_US\" \/>\n<meta property=\"og:type\" content=\"article\" \/>\n<meta property=\"og:title\" content=\"Onze inwoners doen het goed - Politiek Heerenveen - Heerenveen Lokaal\" \/>\n<meta property=\"og:description\" content=\"Ga je momenteel in discussie met inwoners dan voelen de meesten zich gestraft voor hun goede gedrag, maar desondanks blijft men wel afval scheiden\" \/>\n<meta property=\"og:url\" content=\"https:\/\/heerenveenlokaal.nl\/fy\/onze-inwoners-doen-het-goed\/\" \/>\n<meta property=\"og:site_name\" content=\"Politiek Heerenveen - Heerenveen Lokaal\" \/>\n<meta property=\"article:published_time\" content=\"2019-09-16T22:29:45+00:00\" \/>\n<meta property=\"og:image\" content=\"https:\/\/heerenveenlokaal.nl\/wp-content\/uploads\/2019\/07\/Pleidooi-Heerenveen-Lokaal-Age-Hartsuiker.jpg\" \/>\n\t<meta property=\"og:image:width\" content=\"1600\" \/>\n\t<meta property=\"og:image:height\" content=\"1200\" \/>\n\t<meta property=\"og:image:type\" content=\"image\/jpeg\" \/>\n<meta name=\"author\" content=\"Heerenveen Lokaal\" \/>\n<meta name=\"twitter:card\" content=\"summary_large_image\" \/>\n<meta name=\"twitter:label1\" content=\"Skreaun troch\" \/>\n\t<meta name=\"twitter:data1\" content=\"Heerenveen Lokaal\" \/>\n\t<meta name=\"twitter:label2\" content=\"Est. l\u00eastiid\" \/>\n\t<meta name=\"twitter:data2\" content=\"3 minuten\" \/>\n<script type=\"application\/ld+json\" class=\"yoast-schema-graph\">{\"@context\":\"https:\\\/\\\/schema.org\",\"@graph\":[{\"@type\":\"Article\",\"@id\":\"https:\\\/\\\/heerenveenlokaal.nl\\\/onze-inwoners-doen-het-goed\\\/#article\",\"isPartOf\":{\"@id\":\"https:\\\/\\\/heerenveenlokaal.nl\\\/onze-inwoners-doen-het-goed\\\/\"},\"author\":{\"name\":\"Heerenveen Lokaal\",\"@id\":\"https:\\\/\\\/heerenveenlokaal.nl\\\/#\\\/schema\\\/person\\\/98668054f6b5255c57eb8070a7495491\"},\"headline\":\"Onze inwoners doen het goed\",\"datePublished\":\"2019-09-16T22:29:45+00:00\",\"mainEntityOfPage\":{\"@id\":\"https:\\\/\\\/heerenveenlokaal.nl\\\/onze-inwoners-doen-het-goed\\\/\"},\"wordCount\":545,\"publisher\":{\"@id\":\"https:\\\/\\\/heerenveenlokaal.nl\\\/#organization\"},\"image\":{\"@id\":\"https:\\\/\\\/heerenveenlokaal.nl\\\/onze-inwoners-doen-het-goed\\\/#primaryimage\"},\"thumbnailUrl\":\"https:\\\/\\\/heerenveenlokaal.nl\\\/wp-content\\\/uploads\\\/2019\\\/09\\\/diftarplus.webp\",\"keywords\":[\"diftar plus\"],\"articleSection\":[\"Nieuws\"],\"inLanguage\":\"fy\"},{\"@type\":\"WebPage\",\"@id\":\"https:\\\/\\\/heerenveenlokaal.nl\\\/onze-inwoners-doen-het-goed\\\/\",\"url\":\"https:\\\/\\\/heerenveenlokaal.nl\\\/onze-inwoners-doen-het-goed\\\/\",\"name\":\"Onze inwoners doen het goed - Politiek Heerenveen - Heerenveen Lokaal\",\"isPartOf\":{\"@id\":\"https:\\\/\\\/heerenveenlokaal.nl\\\/#website\"},\"primaryImageOfPage\":{\"@id\":\"https:\\\/\\\/heerenveenlokaal.nl\\\/onze-inwoners-doen-het-goed\\\/#primaryimage\"},\"image\":{\"@id\":\"https:\\\/\\\/heerenveenlokaal.nl\\\/onze-inwoners-doen-het-goed\\\/#primaryimage\"},\"thumbnailUrl\":\"https:\\\/\\\/heerenveenlokaal.nl\\\/wp-content\\\/uploads\\\/2019\\\/09\\\/diftarplus.webp\",\"datePublished\":\"2019-09-16T22:29:45+00:00\",\"description\":\"Ga je momenteel in discussie met inwoners dan voelen de meesten zich gestraft voor hun goede gedrag, maar desondanks blijft men wel scheiden.\",\"breadcrumb\":{\"@id\":\"https:\\\/\\\/heerenveenlokaal.nl\\\/onze-inwoners-doen-het-goed\\\/#breadcrumb\"},\"inLanguage\":\"fy\",\"potentialAction\":[{\"@type\":\"ReadAction\",\"target\":[\"https:\\\/\\\/heerenveenlokaal.nl\\\/onze-inwoners-doen-het-goed\\\/\"]}]},{\"@type\":\"ImageObject\",\"inLanguage\":\"fy\",\"@id\":\"https:\\\/\\\/heerenveenlokaal.nl\\\/onze-inwoners-doen-het-goed\\\/#primaryimage\",\"url\":\"https:\\\/\\\/heerenveenlokaal.nl\\\/wp-content\\\/uploads\\\/2019\\\/09\\\/diftarplus.webp\",\"contentUrl\":\"https:\\\/\\\/heerenveenlokaal.nl\\\/wp-content\\\/uploads\\\/2019\\\/09\\\/diftarplus.webp\",\"width\":260,\"height\":194,\"caption\":\"Heerenveen lokaal diftar plus\"},{\"@type\":\"BreadcrumbList\",\"@id\":\"https:\\\/\\\/heerenveenlokaal.nl\\\/onze-inwoners-doen-het-goed\\\/#breadcrumb\",\"itemListElement\":[{\"@type\":\"ListItem\",\"position\":1,\"name\":\"Home\",\"item\":\"https:\\\/\\\/heerenveenlokaal.nl\\\/\"},{\"@type\":\"ListItem\",\"position\":2,\"name\":\"Onze inwoners doen het goed\"}]},{\"@type\":\"WebSite\",\"@id\":\"https:\\\/\\\/heerenveenlokaal.nl\\\/#website\",\"url\":\"https:\\\/\\\/heerenveenlokaal.nl\\\/\",\"name\":\"Politiek Heerenveen - Heerenveen Lokaal\",\"description\":\"\",\"publisher\":{\"@id\":\"https:\\\/\\\/heerenveenlokaal.nl\\\/#organization\"},\"potentialAction\":[{\"@type\":\"SearchAction\",\"target\":{\"@type\":\"EntryPoint\",\"urlTemplate\":\"https:\\\/\\\/heerenveenlokaal.nl\\\/?s={search_term_string}\"},\"query-input\":{\"@type\":\"PropertyValueSpecification\",\"valueRequired\":true,\"valueName\":\"search_term_string\"}}],\"inLanguage\":\"fy\"},{\"@type\":\"Organization\",\"@id\":\"https:\\\/\\\/heerenveenlokaal.nl\\\/#organization\",\"name\":\"Politiek Heerenveen - Heerenveen Lokaal\",\"url\":\"https:\\\/\\\/heerenveenlokaal.nl\\\/\",\"logo\":{\"@type\":\"ImageObject\",\"inLanguage\":\"fy\",\"@id\":\"https:\\\/\\\/heerenveenlokaal.nl\\\/#\\\/schema\\\/logo\\\/image\\\/\",\"url\":\"https:\\\/\\\/heerenveenlokaal.nl\\\/wp-content\\\/uploads\\\/2019\\\/05\\\/cropped-cropped-Logo_Heerenveen_Lokaal_web.jpg\",\"contentUrl\":\"https:\\\/\\\/heerenveenlokaal.nl\\\/wp-content\\\/uploads\\\/2019\\\/05\\\/cropped-cropped-Logo_Heerenveen_Lokaal_web.jpg\",\"width\":512,\"height\":512,\"caption\":\"Politiek Heerenveen - Heerenveen Lokaal\"},\"image\":{\"@id\":\"https:\\\/\\\/heerenveenlokaal.nl\\\/#\\\/schema\\\/logo\\\/image\\\/\"}},{\"@type\":\"Person\",\"@id\":\"https:\\\/\\\/heerenveenlokaal.nl\\\/#\\\/schema\\\/person\\\/98668054f6b5255c57eb8070a7495491\",\"name\":\"Heerenveen Lokaal\",\"image\":{\"@type\":\"ImageObject\",\"inLanguage\":\"fy\",\"@id\":\"https:\\\/\\\/secure.gravatar.com\\\/avatar\\\/a4ce14b15561bb0f6dcbd7344ac3b89389066c949bfe8f9866f9c298f28ef103?s=96&d=mm&r=g\",\"url\":\"https:\\\/\\\/secure.gravatar.com\\\/avatar\\\/a4ce14b15561bb0f6dcbd7344ac3b89389066c949bfe8f9866f9c298f28ef103?s=96&d=mm&r=g\",\"contentUrl\":\"https:\\\/\\\/secure.gravatar.com\\\/avatar\\\/a4ce14b15561bb0f6dcbd7344ac3b89389066c949bfe8f9866f9c298f28ef103?s=96&d=mm&r=g\",\"caption\":\"Heerenveen Lokaal\"},\"description\":\"Heerenveen Lokaal is een dynamisch platform dat zich inzet voor de gemeenschap van Gemeente Heerenveen. Met een focus op lokale politiek, nieuws en evenementen, biedt Heerenveen Lokaal een stem aan de inwoners en bevordert het betrokkenheid en participatie. Ons team bestaat uit gepassioneerde individuen die zich inzetten voor transparantie, informatievoorziening en het versterken van de lokale democratie. Samen streven we naar een Heerenveen waar iedereen gehoord wordt en waar we gezamenlijk werken aan een betere toekomst.\",\"url\":\"https:\\\/\\\/heerenveenlokaal.nl\\\/fy\\\/author\\\/heerenveen-lokaal\\\/\"}]}<\/script>\n<!-- \/ Yoast SEO plugin. -->","yoast_head_json":{"title":"Onze inwoners doen het goed - Politiek Heerenveen - Heerenveen Lokaal","description":"Ga je momenteel in discussie met inwoners dan voelen de meesten zich gestraft voor hun goede gedrag, maar desondanks blijft men wel scheiden.","robots":{"index":"index","follow":"follow","max-snippet":"max-snippet:-1","max-image-preview":"max-image-preview:large","max-video-preview":"max-video-preview:-1"},"canonical":"https:\/\/heerenveenlokaal.nl\/fy\/onze-inwoners-doen-het-goed\/","og_locale":"en_US","og_type":"article","og_title":"Onze inwoners doen het goed - Politiek Heerenveen - Heerenveen Lokaal","og_description":"Ga je momenteel in discussie met inwoners dan voelen de meesten zich gestraft voor hun goede gedrag, maar desondanks blijft men wel afval scheiden","og_url":"https:\/\/heerenveenlokaal.nl\/fy\/onze-inwoners-doen-het-goed\/","og_site_name":"Politiek Heerenveen - Heerenveen Lokaal","article_published_time":"2019-09-16T22:29:45+00:00","og_image":[{"width":1600,"height":1200,"url":"https:\/\/heerenveenlokaal.nl\/wp-content\/uploads\/2019\/07\/Pleidooi-Heerenveen-Lokaal-Age-Hartsuiker.jpg","type":"image\/jpeg"}],"author":"Heerenveen Lokaal","twitter_card":"summary_large_image","twitter_misc":{"Skreaun troch":"Heerenveen Lokaal","Est. l\u00eastiid":"3 minuten"},"schema":{"@context":"https:\/\/schema.org","@graph":[{"@type":"Article","@id":"https:\/\/heerenveenlokaal.nl\/onze-inwoners-doen-het-goed\/#article","isPartOf":{"@id":"https:\/\/heerenveenlokaal.nl\/onze-inwoners-doen-het-goed\/"},"author":{"name":"Heerenveen Lokaal","@id":"https:\/\/heerenveenlokaal.nl\/#\/schema\/person\/98668054f6b5255c57eb8070a7495491"},"headline":"Onze inwoners doen het goed","datePublished":"2019-09-16T22:29:45+00:00","mainEntityOfPage":{"@id":"https:\/\/heerenveenlokaal.nl\/onze-inwoners-doen-het-goed\/"},"wordCount":545,"publisher":{"@id":"https:\/\/heerenveenlokaal.nl\/#organization"},"image":{"@id":"https:\/\/heerenveenlokaal.nl\/onze-inwoners-doen-het-goed\/#primaryimage"},"thumbnailUrl":"https:\/\/heerenveenlokaal.nl\/wp-content\/uploads\/2019\/09\/diftarplus.webp","keywords":["diftar plus"],"articleSection":["Nieuws"],"inLanguage":"fy"},{"@type":"WebPage","@id":"https:\/\/heerenveenlokaal.nl\/onze-inwoners-doen-het-goed\/","url":"https:\/\/heerenveenlokaal.nl\/onze-inwoners-doen-het-goed\/","name":"Onze inwoners doen het goed - Politiek Heerenveen - Heerenveen Lokaal","isPartOf":{"@id":"https:\/\/heerenveenlokaal.nl\/#website"},"primaryImageOfPage":{"@id":"https:\/\/heerenveenlokaal.nl\/onze-inwoners-doen-het-goed\/#primaryimage"},"image":{"@id":"https:\/\/heerenveenlokaal.nl\/onze-inwoners-doen-het-goed\/#primaryimage"},"thumbnailUrl":"https:\/\/heerenveenlokaal.nl\/wp-content\/uploads\/2019\/09\/diftarplus.webp","datePublished":"2019-09-16T22:29:45+00:00","description":"Ga je momenteel in discussie met inwoners dan voelen de meesten zich gestraft voor hun goede gedrag, maar desondanks blijft men wel scheiden.","breadcrumb":{"@id":"https:\/\/heerenveenlokaal.nl\/onze-inwoners-doen-het-goed\/#breadcrumb"},"inLanguage":"fy","potentialAction":[{"@type":"ReadAction","target":["https:\/\/heerenveenlokaal.nl\/onze-inwoners-doen-het-goed\/"]}]},{"@type":"ImageObject","inLanguage":"fy","@id":"https:\/\/heerenveenlokaal.nl\/onze-inwoners-doen-het-goed\/#primaryimage","url":"https:\/\/heerenveenlokaal.nl\/wp-content\/uploads\/2019\/09\/diftarplus.webp","contentUrl":"https:\/\/heerenveenlokaal.nl\/wp-content\/uploads\/2019\/09\/diftarplus.webp","width":260,"height":194,"caption":"Heerenveen lokaal diftar plus"},{"@type":"BreadcrumbList","@id":"https:\/\/heerenveenlokaal.nl\/onze-inwoners-doen-het-goed\/#breadcrumb","itemListElement":[{"@type":"ListItem","position":1,"name":"Home","item":"https:\/\/heerenveenlokaal.nl\/"},{"@type":"ListItem","position":2,"name":"Onze inwoners doen het goed"}]},{"@type":"WebSite","@id":"https:\/\/heerenveenlokaal.nl\/#website","url":"https:\/\/heerenveenlokaal.nl\/","name":"Politiek Heerenveen - Heerenveen Lokaal","description":"","publisher":{"@id":"https:\/\/heerenveenlokaal.nl\/#organization"},"potentialAction":[{"@type":"SearchAction","target":{"@type":"EntryPoint","urlTemplate":"https:\/\/heerenveenlokaal.nl\/?s={search_term_string}"},"query-input":{"@type":"PropertyValueSpecification","valueRequired":true,"valueName":"search_term_string"}}],"inLanguage":"fy"},{"@type":"Organization","@id":"https:\/\/heerenveenlokaal.nl\/#organization","name":"Politiek Heerenveen - Heerenveen Lokaal","url":"https:\/\/heerenveenlokaal.nl\/","logo":{"@type":"ImageObject","inLanguage":"fy","@id":"https:\/\/heerenveenlokaal.nl\/#\/schema\/logo\/image\/","url":"https:\/\/heerenveenlokaal.nl\/wp-content\/uploads\/2019\/05\/cropped-cropped-Logo_Heerenveen_Lokaal_web.jpg","contentUrl":"https:\/\/heerenveenlokaal.nl\/wp-content\/uploads\/2019\/05\/cropped-cropped-Logo_Heerenveen_Lokaal_web.jpg","width":512,"height":512,"caption":"Politiek Heerenveen - Heerenveen Lokaal"},"image":{"@id":"https:\/\/heerenveenlokaal.nl\/#\/schema\/logo\/image\/"}},{"@type":"Person","@id":"https:\/\/heerenveenlokaal.nl\/#\/schema\/person\/98668054f6b5255c57eb8070a7495491","name":"It Hearrenfean Lokaal","image":{"@type":"ImageObject","inLanguage":"fy","@id":"https:\/\/secure.gravatar.com\/avatar\/a4ce14b15561bb0f6dcbd7344ac3b89389066c949bfe8f9866f9c298f28ef103?s=96&d=mm&r=g","url":"https:\/\/secure.gravatar.com\/avatar\/a4ce14b15561bb0f6dcbd7344ac3b89389066c949bfe8f9866f9c298f28ef103?s=96&d=mm&r=g","contentUrl":"https:\/\/secure.gravatar.com\/avatar\/a4ce14b15561bb0f6dcbd7344ac3b89389066c949bfe8f9866f9c298f28ef103?s=96&d=mm&r=g","caption":"Heerenveen Lokaal"},"description":"Heerenveen Lokaal is een dynamisch platform dat zich inzet voor de gemeenschap van Gemeente Heerenveen. Met een focus op lokale politiek, nieuws en evenementen, biedt Heerenveen Lokaal een stem aan de inwoners en bevordert het betrokkenheid en participatie. Ons team bestaat uit gepassioneerde individuen die zich inzetten voor transparantie, informatievoorziening en het versterken van de lokale democratie. Samen streven we naar een Heerenveen waar iedereen gehoord wordt en waar we gezamenlijk werken aan een betere toekomst.","url":"https:\/\/heerenveenlokaal.nl\/fy\/author\/heerenveen-lokaal\/"}]}},"_links":{"self":[{"href":"https:\/\/heerenveenlokaal.nl\/fy\/wp-json\/wp\/v2\/posts\/2051","targetHints":{"allow":["GET"]}}],"collection":[{"href":"https:\/\/heerenveenlokaal.nl\/fy\/wp-json\/wp\/v2\/posts"}],"about":[{"href":"https:\/\/heerenveenlokaal.nl\/fy\/wp-json\/wp\/v2\/types\/post"}],"author":[{"embeddable":true,"href":"https:\/\/heerenveenlokaal.nl\/fy\/wp-json\/wp\/v2\/users\/3"}],"replies":[{"embeddable":true,"href":"https:\/\/heerenveenlokaal.nl\/fy\/wp-json\/wp\/v2\/comments?post=2051"}],"version-history":[{"count":0,"href":"https:\/\/heerenveenlokaal.nl\/fy\/wp-json\/wp\/v2\/posts\/2051\/revisions"}],"wp:featuredmedia":[{"embeddable":true,"href":"https:\/\/heerenveenlokaal.nl\/fy\/wp-json\/wp\/v2\/media\/641"}],"wp:attachment":[{"href":"https:\/\/heerenveenlokaal.nl\/fy\/wp-json\/wp\/v2\/media?parent=2051"}],"wp:term":[{"taxonomy":"category","embeddable":true,"href":"https:\/\/heerenveenlokaal.nl\/fy\/wp-json\/wp\/v2\/categories?post=2051"},{"taxonomy":"post_tag","embeddable":true,"href":"https:\/\/heerenveenlokaal.nl\/fy\/wp-json\/wp\/v2\/tags?post=2051"}],"curies":[{"name":"wp","href":"https:\/\/api.w.org\/{rel}","templated":true}]}}