{"id":2886,"date":"2025-02-26T08:50:58","date_gmt":"2025-02-26T07:50:58","guid":{"rendered":"https:\/\/heerenveenlokaal.nl\/?p=2886"},"modified":"2025-03-05T10:00:07","modified_gmt":"2025-03-05T09:00:07","slug":"heerenveen-lokaal-zegt-nee-tegen-van-der-valk-hotel","status":"publish","type":"post","link":"https:\/\/heerenveenlokaal.nl\/fy\/heerenveen-lokaal-zegt-nee-tegen-van-der-valk-hotel\/","title":{"rendered":"Heerenveen Lokaal Zegt Nee tegen Van der Valk Hotel"},"content":{"rendered":"<div data-elementor-type=\"wp-post\" data-elementor-id=\"2886\" class=\"elementor elementor-2886\" data-elementor-post-type=\"post\">\n\t\t\t\t<div class=\"elementor-element elementor-element-8db19c4 e-flex e-con-boxed e-con e-parent\" data-id=\"8db19c4\" data-element_type=\"container\" data-e-type=\"container\">\n\t\t\t\t\t<div class=\"e-con-inner\">\n\t\t\t\t<div class=\"elementor-element elementor-element-25005c0 elementor-widget elementor-widget-image\" data-id=\"25005c0\" data-element_type=\"widget\" data-e-type=\"widget\" data-widget_type=\"image.default\">\n\t\t\t\t<div class=\"elementor-widget-container\">\n\t\t\t\t\t\t\t\t\t\t\t\t\t\t\t<img fetchpriority=\"high\" decoding=\"async\" width=\"800\" height=\"600\" src=\"https:\/\/heerenveenlokaal.nl\/wp-content\/uploads\/2025\/02\/Impressie-Hotel-van-der-Valk-Heerenveen-1024x768.webp\" class=\"attachment-large size-large wp-image-2887\" alt=\"Heerenveen Lokaal is tegen een van der Vak hotel in Heerenveen\" srcset=\"https:\/\/heerenveenlokaal.nl\/wp-content\/uploads\/2025\/02\/Impressie-Hotel-van-der-Valk-Heerenveen-1024x768.webp 1024w, https:\/\/heerenveenlokaal.nl\/wp-content\/uploads\/2025\/02\/Impressie-Hotel-van-der-Valk-Heerenveen-300x225.webp 300w, https:\/\/heerenveenlokaal.nl\/wp-content\/uploads\/2025\/02\/Impressie-Hotel-van-der-Valk-Heerenveen-768x576.webp 768w, https:\/\/heerenveenlokaal.nl\/wp-content\/uploads\/2025\/02\/Impressie-Hotel-van-der-Valk-Heerenveen-1536x1152.webp 1536w, https:\/\/heerenveenlokaal.nl\/wp-content\/uploads\/2025\/02\/Impressie-Hotel-van-der-Valk-Heerenveen-scaled.webp 1920w\" sizes=\"(max-width: 800px) 100vw, 800px\" \/>\t\t\t\t\t\t\t\t\t\t\t\t\t\t\t<\/div>\n\t\t\t\t<\/div>\n\t\t\t\t\t<\/div>\n\t\t\t\t<\/div>\n\t\t<div class=\"elementor-element elementor-element-e37c64b e-flex e-con-boxed e-con e-parent\" data-id=\"e37c64b\" data-element_type=\"container\" data-e-type=\"container\">\n\t\t\t\t\t<div class=\"e-con-inner\">\n\t\t\t\t<div class=\"elementor-element elementor-element-6eb63dc elementor-widget elementor-widget-text-editor\" data-id=\"6eb63dc\" data-element_type=\"widget\" data-e-type=\"widget\" data-widget_type=\"text-editor.default\">\n\t\t\t\t<div class=\"elementor-widget-container\">\n\t\t\t\t\t\t\t\t\t<p>Gisteravond waren onze raadsleden Tino van der Ven, Jeltsje van der Schaar en Anton Melein, samen met fractieondersteuner Wilfred Westerdijk, aanwezig bij de inloopbijeenkomst over de mogelijke komst van een Van der Valk hotel. De aanwezige inwoners hebben kennisgenomen van de plannen en spraken massaal hun grote zorgen uit over de komst van een hotel midden in een woonwijk.<\/p><p>Voor Heerenveen Lokaal\/GemeenteBelangen staat vast: wij delen deze zorgen volledig en blijven ons verzetten tegen dit plan! <strong>Een hotel op deze locatie past niet bij de omgeving<\/strong> en zal de leefbaarheid ernstig aantasten.<\/p><p>Wij roepen inwoners dan ook op om een zienswijze in te dienen en hun bezwaren kenbaar te maken. Dit is h\u00e9t moment om invloed uit te oefenen op de besluitvorming! Het aangepaste omgevingsplan wordt v\u00f3\u00f3r de zomervakantie van 2025 aan de gemeenteraad voorgelegd. Inwoners krijgen nog de kans om hun mening te laten horen, en wij zullen ons blijven inzetten om dit plan tegen te houden.<\/p><p>Samen zorgen we ervoor dat Heerenveen een plek blijft waar de stem van de inwoners telt! \ud83d\udcaa<\/p><p>#HeerenveenLokaal #GemeenteBelangen #GeenHotelInDeWoonwijk #ZienswijzeIndienen #InzetVoorInwoners #MaakOnsGroot<\/p>\t\t\t\t\t\t\t\t<\/div>\n\t\t\t\t<\/div>\n\t\t\t\t\t<\/div>\n\t\t\t\t<\/div>\n\t\t\t\t<\/div>","protected":false},"excerpt":{"rendered":"<p>Gisteravond waren onze raadsleden Tino van der Ven, Jeltsje van der Schaar en Anton Melein, samen met fractieondersteuner Wilfred Westerdijk, aanwezig bij de inloopbijeenkomst over de mogelijke komst van een Van der Valk hotel. De aanwezige inwoners hebben kennisgenomen van de plannen en spraken massaal hun grote zorgen uit over de komst van een hotel [&hellip;]<\/p>\n","protected":false},"author":3,"featured_media":2887,"comment_status":"closed","ping_status":"open","sticky":false,"template":"","format":"standard","meta":{"_acf_changed":false,"mc4wp_mailchimp_campaign":[],"footnotes":""},"categories":[13],"tags":[14,78,107],"class_list":["post-2886","post","type-post","status-publish","format-standard","has-post-thumbnail","hentry","category-nieuws","tag-maakonsgroot","tag-politiek-heerenveen","tag-van-der-valk-hotel"],"acf":[],"yoast_head":"<!-- This site is optimized with the Yoast SEO plugin v27.4 - https:\/\/yoast.com\/product\/yoast-seo-wordpress\/ -->\n<title>Heerenveen Lokaal Zegt Nee tegen Van der Valk Hotel - Politiek Heerenveen - Heerenveen Lokaal<\/title>\n<meta name=\"description\" content=\"&quot;Heerenveen Lokaal roept inwoners op om zich te verzetten tegen het plan voor een Van der Valk hotel in een woonwijk. Lees meer over onze standpunten en dien een zienswijze in om invloed uit te oefenen op de besluitvorming v\u00f3\u00f3r de zomervakantie 2025\" \/>\n<meta name=\"robots\" content=\"index, follow, max-snippet:-1, max-image-preview:large, max-video-preview:-1\" \/>\n<link rel=\"canonical\" href=\"https:\/\/heerenveenlokaal.nl\/fy\/heerenveen-lokaal-zegt-nee-tegen-van-der-valk-hotel\/\" \/>\n<meta property=\"og:locale\" content=\"en_US\" \/>\n<meta property=\"og:type\" content=\"article\" \/>\n<meta property=\"og:title\" content=\"Heerenveen Lokaal Zegt Nee tegen Van der Valk Hotel - Politiek Heerenveen - Heerenveen Lokaal\" \/>\n<meta property=\"og:description\" content=\"&quot;Heerenveen Lokaal roept inwoners op om zich te verzetten tegen het plan voor een Van der Valk hotel in een woonwijk. Lees meer over onze standpunten en dien een zienswijze in om invloed uit te oefenen op de besluitvorming v\u00f3\u00f3r de zomervakantie 2025\" \/>\n<meta property=\"og:url\" content=\"https:\/\/heerenveenlokaal.nl\/fy\/heerenveen-lokaal-zegt-nee-tegen-van-der-valk-hotel\/\" \/>\n<meta property=\"og:site_name\" content=\"Politiek Heerenveen - Heerenveen Lokaal\" \/>\n<meta property=\"article:published_time\" content=\"2025-02-26T07:50:58+00:00\" \/>\n<meta property=\"article:modified_time\" content=\"2025-03-05T09:00:07+00:00\" \/>\n<meta property=\"og:image\" content=\"https:\/\/heerenveenlokaal.nl\/wp-content\/uploads\/2025\/02\/Impressie-Hotel-van-der-Valk-Heerenveen-scaled.webp\" \/>\n\t<meta property=\"og:image:width\" content=\"1920\" \/>\n\t<meta property=\"og:image:height\" content=\"1440\" \/>\n\t<meta property=\"og:image:type\" content=\"image\/jpeg\" \/>\n<meta name=\"author\" content=\"Heerenveen Lokaal\" \/>\n<meta name=\"twitter:card\" content=\"summary_large_image\" \/>\n<meta name=\"twitter:label1\" content=\"Skreaun troch\" \/>\n\t<meta name=\"twitter:data1\" content=\"Heerenveen Lokaal\" \/>\n\t<meta name=\"twitter:label2\" content=\"Est. l\u00eastiid\" \/>\n\t<meta name=\"twitter:data2\" content=\"2 minuten\" \/>\n<script type=\"application\/ld+json\" class=\"yoast-schema-graph\">{\"@context\":\"https:\\\/\\\/schema.org\",\"@graph\":[{\"@type\":\"Article\",\"@id\":\"https:\\\/\\\/heerenveenlokaal.nl\\\/heerenveen-lokaal-zegt-nee-tegen-van-der-valk-hotel\\\/#article\",\"isPartOf\":{\"@id\":\"https:\\\/\\\/heerenveenlokaal.nl\\\/heerenveen-lokaal-zegt-nee-tegen-van-der-valk-hotel\\\/\"},\"author\":{\"name\":\"Heerenveen Lokaal\",\"@id\":\"https:\\\/\\\/heerenveenlokaal.nl\\\/#\\\/schema\\\/person\\\/98668054f6b5255c57eb8070a7495491\"},\"headline\":\"Heerenveen Lokaal Zegt Nee tegen Van der Valk Hotel\",\"datePublished\":\"2025-02-26T07:50:58+00:00\",\"dateModified\":\"2025-03-05T09:00:07+00:00\",\"mainEntityOfPage\":{\"@id\":\"https:\\\/\\\/heerenveenlokaal.nl\\\/heerenveen-lokaal-zegt-nee-tegen-van-der-valk-hotel\\\/\"},\"wordCount\":191,\"publisher\":{\"@id\":\"https:\\\/\\\/heerenveenlokaal.nl\\\/#organization\"},\"image\":{\"@id\":\"https:\\\/\\\/heerenveenlokaal.nl\\\/heerenveen-lokaal-zegt-nee-tegen-van-der-valk-hotel\\\/#primaryimage\"},\"thumbnailUrl\":\"https:\\\/\\\/heerenveenlokaal.nl\\\/wp-content\\\/uploads\\\/2025\\\/02\\\/Impressie-Hotel-van-der-Valk-Heerenveen-scaled.webp\",\"keywords\":[\"#maakonsgroot\",\"politiek heerenveen\",\"Van der Valk hotel\"],\"articleSection\":[\"Nieuws\"],\"inLanguage\":\"fy\"},{\"@type\":\"WebPage\",\"@id\":\"https:\\\/\\\/heerenveenlokaal.nl\\\/heerenveen-lokaal-zegt-nee-tegen-van-der-valk-hotel\\\/\",\"url\":\"https:\\\/\\\/heerenveenlokaal.nl\\\/heerenveen-lokaal-zegt-nee-tegen-van-der-valk-hotel\\\/\",\"name\":\"Heerenveen Lokaal Zegt Nee tegen Van der Valk Hotel - Politiek Heerenveen - Heerenveen Lokaal\",\"isPartOf\":{\"@id\":\"https:\\\/\\\/heerenveenlokaal.nl\\\/#website\"},\"primaryImageOfPage\":{\"@id\":\"https:\\\/\\\/heerenveenlokaal.nl\\\/heerenveen-lokaal-zegt-nee-tegen-van-der-valk-hotel\\\/#primaryimage\"},\"image\":{\"@id\":\"https:\\\/\\\/heerenveenlokaal.nl\\\/heerenveen-lokaal-zegt-nee-tegen-van-der-valk-hotel\\\/#primaryimage\"},\"thumbnailUrl\":\"https:\\\/\\\/heerenveenlokaal.nl\\\/wp-content\\\/uploads\\\/2025\\\/02\\\/Impressie-Hotel-van-der-Valk-Heerenveen-scaled.webp\",\"datePublished\":\"2025-02-26T07:50:58+00:00\",\"dateModified\":\"2025-03-05T09:00:07+00:00\",\"description\":\"\\\"Heerenveen Lokaal roept inwoners op om zich te verzetten tegen het plan voor een Van der Valk hotel in een woonwijk. Lees meer over onze standpunten en dien een zienswijze in om invloed uit te oefenen op de besluitvorming v\u00f3\u00f3r de zomervakantie 2025\",\"breadcrumb\":{\"@id\":\"https:\\\/\\\/heerenveenlokaal.nl\\\/heerenveen-lokaal-zegt-nee-tegen-van-der-valk-hotel\\\/#breadcrumb\"},\"inLanguage\":\"fy\",\"potentialAction\":[{\"@type\":\"ReadAction\",\"target\":[\"https:\\\/\\\/heerenveenlokaal.nl\\\/heerenveen-lokaal-zegt-nee-tegen-van-der-valk-hotel\\\/\"]}]},{\"@type\":\"ImageObject\",\"inLanguage\":\"fy\",\"@id\":\"https:\\\/\\\/heerenveenlokaal.nl\\\/heerenveen-lokaal-zegt-nee-tegen-van-der-valk-hotel\\\/#primaryimage\",\"url\":\"https:\\\/\\\/heerenveenlokaal.nl\\\/wp-content\\\/uploads\\\/2025\\\/02\\\/Impressie-Hotel-van-der-Valk-Heerenveen-scaled.webp\",\"contentUrl\":\"https:\\\/\\\/heerenveenlokaal.nl\\\/wp-content\\\/uploads\\\/2025\\\/02\\\/Impressie-Hotel-van-der-Valk-Heerenveen-scaled.webp\",\"width\":1920,\"height\":1440,\"caption\":\"Heerenveen Lokaal is tegen een van der Vak hotel in Heerenveen\"},{\"@type\":\"BreadcrumbList\",\"@id\":\"https:\\\/\\\/heerenveenlokaal.nl\\\/heerenveen-lokaal-zegt-nee-tegen-van-der-valk-hotel\\\/#breadcrumb\",\"itemListElement\":[{\"@type\":\"ListItem\",\"position\":1,\"name\":\"Home\",\"item\":\"https:\\\/\\\/heerenveenlokaal.nl\\\/\"},{\"@type\":\"ListItem\",\"position\":2,\"name\":\"Heerenveen Lokaal Zegt Nee tegen Van der Valk Hotel\"}]},{\"@type\":\"WebSite\",\"@id\":\"https:\\\/\\\/heerenveenlokaal.nl\\\/#website\",\"url\":\"https:\\\/\\\/heerenveenlokaal.nl\\\/\",\"name\":\"Politiek Heerenveen - Heerenveen Lokaal\",\"description\":\"\",\"publisher\":{\"@id\":\"https:\\\/\\\/heerenveenlokaal.nl\\\/#organization\"},\"potentialAction\":[{\"@type\":\"SearchAction\",\"target\":{\"@type\":\"EntryPoint\",\"urlTemplate\":\"https:\\\/\\\/heerenveenlokaal.nl\\\/?s={search_term_string}\"},\"query-input\":{\"@type\":\"PropertyValueSpecification\",\"valueRequired\":true,\"valueName\":\"search_term_string\"}}],\"inLanguage\":\"fy\"},{\"@type\":\"Organization\",\"@id\":\"https:\\\/\\\/heerenveenlokaal.nl\\\/#organization\",\"name\":\"Politiek Heerenveen - Heerenveen Lokaal\",\"url\":\"https:\\\/\\\/heerenveenlokaal.nl\\\/\",\"logo\":{\"@type\":\"ImageObject\",\"inLanguage\":\"fy\",\"@id\":\"https:\\\/\\\/heerenveenlokaal.nl\\\/#\\\/schema\\\/logo\\\/image\\\/\",\"url\":\"https:\\\/\\\/heerenveenlokaal.nl\\\/wp-content\\\/uploads\\\/2019\\\/05\\\/cropped-cropped-Logo_Heerenveen_Lokaal_web.jpg\",\"contentUrl\":\"https:\\\/\\\/heerenveenlokaal.nl\\\/wp-content\\\/uploads\\\/2019\\\/05\\\/cropped-cropped-Logo_Heerenveen_Lokaal_web.jpg\",\"width\":512,\"height\":512,\"caption\":\"Politiek Heerenveen - Heerenveen Lokaal\"},\"image\":{\"@id\":\"https:\\\/\\\/heerenveenlokaal.nl\\\/#\\\/schema\\\/logo\\\/image\\\/\"}},{\"@type\":\"Person\",\"@id\":\"https:\\\/\\\/heerenveenlokaal.nl\\\/#\\\/schema\\\/person\\\/98668054f6b5255c57eb8070a7495491\",\"name\":\"Heerenveen Lokaal\",\"image\":{\"@type\":\"ImageObject\",\"inLanguage\":\"fy\",\"@id\":\"https:\\\/\\\/secure.gravatar.com\\\/avatar\\\/a4ce14b15561bb0f6dcbd7344ac3b89389066c949bfe8f9866f9c298f28ef103?s=96&d=mm&r=g\",\"url\":\"https:\\\/\\\/secure.gravatar.com\\\/avatar\\\/a4ce14b15561bb0f6dcbd7344ac3b89389066c949bfe8f9866f9c298f28ef103?s=96&d=mm&r=g\",\"contentUrl\":\"https:\\\/\\\/secure.gravatar.com\\\/avatar\\\/a4ce14b15561bb0f6dcbd7344ac3b89389066c949bfe8f9866f9c298f28ef103?s=96&d=mm&r=g\",\"caption\":\"Heerenveen Lokaal\"},\"description\":\"Heerenveen Lokaal is een dynamisch platform dat zich inzet voor de gemeenschap van Gemeente Heerenveen. Met een focus op lokale politiek, nieuws en evenementen, biedt Heerenveen Lokaal een stem aan de inwoners en bevordert het betrokkenheid en participatie. Ons team bestaat uit gepassioneerde individuen die zich inzetten voor transparantie, informatievoorziening en het versterken van de lokale democratie. Samen streven we naar een Heerenveen waar iedereen gehoord wordt en waar we gezamenlijk werken aan een betere toekomst.\",\"url\":\"https:\\\/\\\/heerenveenlokaal.nl\\\/fy\\\/author\\\/heerenveen-lokaal\\\/\"}]}<\/script>\n<!-- \/ Yoast SEO plugin. -->","yoast_head_json":{"title":"Heerenveen Lokaal Zegt Nee tegen Van der Valk Hotel - Politiek Heerenveen - Heerenveen Lokaal","description":"\"Heerenveen Lokaal roept inwoners op om zich te verzetten tegen het plan voor een Van der Valk hotel in een woonwijk. Lees meer over onze standpunten en dien een zienswijze in om invloed uit te oefenen op de besluitvorming v\u00f3\u00f3r de zomervakantie 2025","robots":{"index":"index","follow":"follow","max-snippet":"max-snippet:-1","max-image-preview":"max-image-preview:large","max-video-preview":"max-video-preview:-1"},"canonical":"https:\/\/heerenveenlokaal.nl\/fy\/heerenveen-lokaal-zegt-nee-tegen-van-der-valk-hotel\/","og_locale":"en_US","og_type":"article","og_title":"Heerenveen Lokaal Zegt Nee tegen Van der Valk Hotel - Politiek Heerenveen - Heerenveen Lokaal","og_description":"\"Heerenveen Lokaal roept inwoners op om zich te verzetten tegen het plan voor een Van der Valk hotel in een woonwijk. Lees meer over onze standpunten en dien een zienswijze in om invloed uit te oefenen op de besluitvorming v\u00f3\u00f3r de zomervakantie 2025","og_url":"https:\/\/heerenveenlokaal.nl\/fy\/heerenveen-lokaal-zegt-nee-tegen-van-der-valk-hotel\/","og_site_name":"Politiek Heerenveen - Heerenveen Lokaal","article_published_time":"2025-02-26T07:50:58+00:00","article_modified_time":"2025-03-05T09:00:07+00:00","og_image":[{"width":1920,"height":1440,"url":"https:\/\/heerenveenlokaal.nl\/wp-content\/uploads\/2025\/02\/Impressie-Hotel-van-der-Valk-Heerenveen-scaled.webp","type":"image\/jpeg"}],"author":"Heerenveen Lokaal","twitter_card":"summary_large_image","twitter_misc":{"Skreaun troch":"Heerenveen Lokaal","Est. l\u00eastiid":"2 minuten"},"schema":{"@context":"https:\/\/schema.org","@graph":[{"@type":"Article","@id":"https:\/\/heerenveenlokaal.nl\/heerenveen-lokaal-zegt-nee-tegen-van-der-valk-hotel\/#article","isPartOf":{"@id":"https:\/\/heerenveenlokaal.nl\/heerenveen-lokaal-zegt-nee-tegen-van-der-valk-hotel\/"},"author":{"name":"Heerenveen Lokaal","@id":"https:\/\/heerenveenlokaal.nl\/#\/schema\/person\/98668054f6b5255c57eb8070a7495491"},"headline":"Heerenveen Lokaal Zegt Nee tegen Van der Valk Hotel","datePublished":"2025-02-26T07:50:58+00:00","dateModified":"2025-03-05T09:00:07+00:00","mainEntityOfPage":{"@id":"https:\/\/heerenveenlokaal.nl\/heerenveen-lokaal-zegt-nee-tegen-van-der-valk-hotel\/"},"wordCount":191,"publisher":{"@id":"https:\/\/heerenveenlokaal.nl\/#organization"},"image":{"@id":"https:\/\/heerenveenlokaal.nl\/heerenveen-lokaal-zegt-nee-tegen-van-der-valk-hotel\/#primaryimage"},"thumbnailUrl":"https:\/\/heerenveenlokaal.nl\/wp-content\/uploads\/2025\/02\/Impressie-Hotel-van-der-Valk-Heerenveen-scaled.webp","keywords":["#maakonsgroot","politiek heerenveen","Van der Valk hotel"],"articleSection":["Nieuws"],"inLanguage":"fy"},{"@type":"WebPage","@id":"https:\/\/heerenveenlokaal.nl\/heerenveen-lokaal-zegt-nee-tegen-van-der-valk-hotel\/","url":"https:\/\/heerenveenlokaal.nl\/heerenveen-lokaal-zegt-nee-tegen-van-der-valk-hotel\/","name":"Heerenveen Lokaal Zegt Nee tegen Van der Valk Hotel - Politiek Heerenveen - Heerenveen Lokaal","isPartOf":{"@id":"https:\/\/heerenveenlokaal.nl\/#website"},"primaryImageOfPage":{"@id":"https:\/\/heerenveenlokaal.nl\/heerenveen-lokaal-zegt-nee-tegen-van-der-valk-hotel\/#primaryimage"},"image":{"@id":"https:\/\/heerenveenlokaal.nl\/heerenveen-lokaal-zegt-nee-tegen-van-der-valk-hotel\/#primaryimage"},"thumbnailUrl":"https:\/\/heerenveenlokaal.nl\/wp-content\/uploads\/2025\/02\/Impressie-Hotel-van-der-Valk-Heerenveen-scaled.webp","datePublished":"2025-02-26T07:50:58+00:00","dateModified":"2025-03-05T09:00:07+00:00","description":"\"Heerenveen Lokaal roept inwoners op om zich te verzetten tegen het plan voor een Van der Valk hotel in een woonwijk. Lees meer over onze standpunten en dien een zienswijze in om invloed uit te oefenen op de besluitvorming v\u00f3\u00f3r de zomervakantie 2025","breadcrumb":{"@id":"https:\/\/heerenveenlokaal.nl\/heerenveen-lokaal-zegt-nee-tegen-van-der-valk-hotel\/#breadcrumb"},"inLanguage":"fy","potentialAction":[{"@type":"ReadAction","target":["https:\/\/heerenveenlokaal.nl\/heerenveen-lokaal-zegt-nee-tegen-van-der-valk-hotel\/"]}]},{"@type":"ImageObject","inLanguage":"fy","@id":"https:\/\/heerenveenlokaal.nl\/heerenveen-lokaal-zegt-nee-tegen-van-der-valk-hotel\/#primaryimage","url":"https:\/\/heerenveenlokaal.nl\/wp-content\/uploads\/2025\/02\/Impressie-Hotel-van-der-Valk-Heerenveen-scaled.webp","contentUrl":"https:\/\/heerenveenlokaal.nl\/wp-content\/uploads\/2025\/02\/Impressie-Hotel-van-der-Valk-Heerenveen-scaled.webp","width":1920,"height":1440,"caption":"Heerenveen Lokaal is tegen een van der Vak hotel in Heerenveen"},{"@type":"BreadcrumbList","@id":"https:\/\/heerenveenlokaal.nl\/heerenveen-lokaal-zegt-nee-tegen-van-der-valk-hotel\/#breadcrumb","itemListElement":[{"@type":"ListItem","position":1,"name":"Home","item":"https:\/\/heerenveenlokaal.nl\/"},{"@type":"ListItem","position":2,"name":"Heerenveen Lokaal Zegt Nee tegen Van der Valk Hotel"}]},{"@type":"WebSite","@id":"https:\/\/heerenveenlokaal.nl\/#website","url":"https:\/\/heerenveenlokaal.nl\/","name":"Politiek Heerenveen - Heerenveen Lokaal","description":"","publisher":{"@id":"https:\/\/heerenveenlokaal.nl\/#organization"},"potentialAction":[{"@type":"SearchAction","target":{"@type":"EntryPoint","urlTemplate":"https:\/\/heerenveenlokaal.nl\/?s={search_term_string}"},"query-input":{"@type":"PropertyValueSpecification","valueRequired":true,"valueName":"search_term_string"}}],"inLanguage":"fy"},{"@type":"Organization","@id":"https:\/\/heerenveenlokaal.nl\/#organization","name":"Politiek Heerenveen - Heerenveen Lokaal","url":"https:\/\/heerenveenlokaal.nl\/","logo":{"@type":"ImageObject","inLanguage":"fy","@id":"https:\/\/heerenveenlokaal.nl\/#\/schema\/logo\/image\/","url":"https:\/\/heerenveenlokaal.nl\/wp-content\/uploads\/2019\/05\/cropped-cropped-Logo_Heerenveen_Lokaal_web.jpg","contentUrl":"https:\/\/heerenveenlokaal.nl\/wp-content\/uploads\/2019\/05\/cropped-cropped-Logo_Heerenveen_Lokaal_web.jpg","width":512,"height":512,"caption":"Politiek Heerenveen - Heerenveen Lokaal"},"image":{"@id":"https:\/\/heerenveenlokaal.nl\/#\/schema\/logo\/image\/"}},{"@type":"Person","@id":"https:\/\/heerenveenlokaal.nl\/#\/schema\/person\/98668054f6b5255c57eb8070a7495491","name":"It Hearrenfean Lokaal","image":{"@type":"ImageObject","inLanguage":"fy","@id":"https:\/\/secure.gravatar.com\/avatar\/a4ce14b15561bb0f6dcbd7344ac3b89389066c949bfe8f9866f9c298f28ef103?s=96&d=mm&r=g","url":"https:\/\/secure.gravatar.com\/avatar\/a4ce14b15561bb0f6dcbd7344ac3b89389066c949bfe8f9866f9c298f28ef103?s=96&d=mm&r=g","contentUrl":"https:\/\/secure.gravatar.com\/avatar\/a4ce14b15561bb0f6dcbd7344ac3b89389066c949bfe8f9866f9c298f28ef103?s=96&d=mm&r=g","caption":"Heerenveen Lokaal"},"description":"Heerenveen Lokaal is een dynamisch platform dat zich inzet voor de gemeenschap van Gemeente Heerenveen. Met een focus op lokale politiek, nieuws en evenementen, biedt Heerenveen Lokaal een stem aan de inwoners en bevordert het betrokkenheid en participatie. Ons team bestaat uit gepassioneerde individuen die zich inzetten voor transparantie, informatievoorziening en het versterken van de lokale democratie. Samen streven we naar een Heerenveen waar iedereen gehoord wordt en waar we gezamenlijk werken aan een betere toekomst.","url":"https:\/\/heerenveenlokaal.nl\/fy\/author\/heerenveen-lokaal\/"}]}},"_links":{"self":[{"href":"https:\/\/heerenveenlokaal.nl\/fy\/wp-json\/wp\/v2\/posts\/2886","targetHints":{"allow":["GET"]}}],"collection":[{"href":"https:\/\/heerenveenlokaal.nl\/fy\/wp-json\/wp\/v2\/posts"}],"about":[{"href":"https:\/\/heerenveenlokaal.nl\/fy\/wp-json\/wp\/v2\/types\/post"}],"author":[{"embeddable":true,"href":"https:\/\/heerenveenlokaal.nl\/fy\/wp-json\/wp\/v2\/users\/3"}],"replies":[{"embeddable":true,"href":"https:\/\/heerenveenlokaal.nl\/fy\/wp-json\/wp\/v2\/comments?post=2886"}],"version-history":[{"count":0,"href":"https:\/\/heerenveenlokaal.nl\/fy\/wp-json\/wp\/v2\/posts\/2886\/revisions"}],"wp:featuredmedia":[{"embeddable":true,"href":"https:\/\/heerenveenlokaal.nl\/fy\/wp-json\/wp\/v2\/media\/2887"}],"wp:attachment":[{"href":"https:\/\/heerenveenlokaal.nl\/fy\/wp-json\/wp\/v2\/media?parent=2886"}],"wp:term":[{"taxonomy":"category","embeddable":true,"href":"https:\/\/heerenveenlokaal.nl\/fy\/wp-json\/wp\/v2\/categories?post=2886"},{"taxonomy":"post_tag","embeddable":true,"href":"https:\/\/heerenveenlokaal.nl\/fy\/wp-json\/wp\/v2\/tags?post=2886"}],"curies":[{"name":"wp","href":"https:\/\/api.w.org\/{rel}","templated":true}]}}