{"id":3835,"date":"2025-07-08T19:41:54","date_gmt":"2025-07-08T17:41:54","guid":{"rendered":"https:\/\/heerenveenlokaal.nl\/?p=3835"},"modified":"2025-07-08T22:05:18","modified_gmt":"2025-07-08T20:05:18","slug":"gemeenteraad-speelt-voor-sinterklaas-maar-vergeet-de-dorpen","status":"publish","type":"post","link":"https:\/\/heerenveenlokaal.nl\/fy\/gemeenteraad-speelt-voor-sinterklaas-maar-vergeet-de-dorpen\/","title":{"rendered":"Gemeenteraad speelt voor Sinterklaas\u2026 maar vergeet de dorpen\u00a0"},"content":{"rendered":"<div data-elementor-type=\"wp-post\" data-elementor-id=\"3835\" class=\"elementor elementor-3835\" data-elementor-post-type=\"post\">\n\t\t\t\t<div class=\"elementor-element elementor-element-adaa8b7 e-flex e-con-boxed e-con e-parent\" data-id=\"adaa8b7\" data-element_type=\"container\" data-e-type=\"container\">\n\t\t\t\t\t<div class=\"e-con-inner\">\n\t\t\t\t<div class=\"elementor-element elementor-element-9aafbb7 elementor-widget elementor-widget-heading\" data-id=\"9aafbb7\" data-element_type=\"widget\" data-e-type=\"widget\" data-widget_type=\"heading.default\">\n\t\t\t\t<div class=\"elementor-widget-container\">\n\t\t\t\t\t<h1 class=\"elementor-heading-title elementor-size-default\"><b>Gemeenteraad speelt voor Sinterklaas\u2026 <\/b><\/h1>\t\t\t\t<\/div>\n\t\t\t\t<\/div>\n\t\t\t\t\t<\/div>\n\t\t\t\t<\/div>\n\t\t<div class=\"elementor-element elementor-element-3198d3b e-flex e-con-boxed e-con e-parent\" data-id=\"3198d3b\" data-element_type=\"container\" data-e-type=\"container\">\n\t\t\t\t\t<div class=\"e-con-inner\">\n\t\t\t\t<div class=\"elementor-element elementor-element-cfcbd31 elementor-widget elementor-widget-heading\" data-id=\"cfcbd31\" data-element_type=\"widget\" data-e-type=\"widget\" data-widget_type=\"heading.default\">\n\t\t\t\t<div class=\"elementor-widget-container\">\n\t\t\t\t\t<h2 class=\"elementor-heading-title elementor-size-default\">maar vergeet de dorpen<\/h2>\t\t\t\t<\/div>\n\t\t\t\t<\/div>\n\t\t\t\t\t<\/div>\n\t\t\t\t<\/div>\n\t\t<div class=\"elementor-element elementor-element-6966e6a e-flex e-con-boxed e-con e-parent\" data-id=\"6966e6a\" data-element_type=\"container\" data-e-type=\"container\">\n\t\t\t\t\t<div class=\"e-con-inner\">\n\t\t\t\t<div class=\"elementor-element elementor-element-dbe3f80 elementor-widget elementor-widget-video\" data-id=\"dbe3f80\" data-element_type=\"widget\" data-e-type=\"widget\" data-settings=\"{&quot;youtube_url&quot;:&quot;https:\\\/\\\/youtu.be\\\/VEIxrhGmNQE&quot;,&quot;start&quot;:1,&quot;autoplay&quot;:&quot;yes&quot;,&quot;play_on_mobile&quot;:&quot;yes&quot;,&quot;lazy_load&quot;:&quot;yes&quot;,&quot;video_type&quot;:&quot;youtube&quot;,&quot;controls&quot;:&quot;yes&quot;}\" data-widget_type=\"video.default\">\n\t\t\t\t<div class=\"elementor-widget-container\">\n\t\t\t\t\t\t\t<div class=\"elementor-wrapper elementor-open-inline\">\n\t\t\t<div class=\"elementor-video\"><\/div>\t\t<\/div>\n\t\t\t\t\t\t<\/div>\n\t\t\t\t<\/div>\n\t\t\t\t\t<\/div>\n\t\t\t\t<\/div>\n\t\t<div class=\"elementor-element elementor-element-a468a9c e-flex e-con-boxed e-con e-parent\" data-id=\"a468a9c\" data-element_type=\"container\" data-e-type=\"container\">\n\t\t\t\t\t<div class=\"e-con-inner\">\n\t\t\t\t<div class=\"elementor-element elementor-element-f30919d elementor-widget elementor-widget-text-editor\" data-id=\"f30919d\" data-element_type=\"widget\" data-e-type=\"widget\" data-widget_type=\"text-editor.default\">\n\t\t\t\t<div class=\"elementor-widget-container\">\n\t\t\t\t\t\t\t\t\t<p>Op maandagavond 7 juli stemde een ruime meerderheid van de gemeenteraad in met maatregelen die direct ingrijpen in het dagelijks leven van inwoners.<\/p><p>Bijna alle partijen \u2013 coalitie \u00e9n oppositie \u2013 gingen akkoord met nieuwe vormen van betaald parkeren en forse prijsverhogingen.<\/p><p>Heerenveen Lokaal stemde als enige partij t\u00e9gen: betaald parkeren bij Sportstad en het verhogen van de parkeervergunningen in Plan Nijehaske, achter het station en wijk 1-2 in Heerenveen Noord (de lichtgroene zone), waar de prijs met meer dan 100% omhooggaat: van \u20ac50 naar \u20ac102 per auto per jaar.<\/p><p>Het voorstel van Heerenveen Lokaal om kort parkeren bij sportstad gratis te maken voor \u00a0bezoeken aan de fysiotherapeut, zwemles of sport, werd niet gesteund.<\/p>\t\t\t\t\t\t\t\t<\/div>\n\t\t\t\t<\/div>\n\t\t\t\t\t<\/div>\n\t\t\t\t<\/div>\n\t\t<div class=\"elementor-element elementor-element-481b28d e-flex e-con-boxed e-con e-parent\" data-id=\"481b28d\" data-element_type=\"container\" data-e-type=\"container\">\n\t\t\t\t\t<div class=\"e-con-inner\">\n\t\t\t\t<div class=\"elementor-element elementor-element-840c543 elementor-widget elementor-widget-text-editor\" data-id=\"840c543\" data-element_type=\"widget\" data-e-type=\"widget\" data-widget_type=\"text-editor.default\">\n\t\t\t\t<div class=\"elementor-widget-container\">\n\t\t\t\t\t\t\t\t\t<p><strong>Parkeren als verdienmodel \u2013 ten koste van inwoners<\/strong><\/p><p>De uitleg van het college was simpel: \u201cHet levert geld op.\u201d Maar voor inwoners betekent het extra kosten, minder gemak en meer frustratie. Wie het centrum wil mijden, wijkt uit naar woonwijken. En wie daar woont, moet nu n\u00f3g meer betalen voor een plek voor de deur.<\/p><p>\u00a0<\/p><p><strong>Ondernemers in het centrum krijgen een vaag \u2018cadeau\u2019<\/strong><\/p><p>Tegelijkertijd strooide de raad met vage beloftes voor ondernemers in het centrum, als compensatie voor de overlast tijdens de herinrichting. Wat dat \u2018cadeau\u2019 precies inhoudt, bleef onduidelijk. Gratis parkeren? Een kortingsactie? Een fruitmand? Niemand kon het uitleggen.<\/p><p>\u00a0<\/p><p>Dat ondernemers recht hebben op compensatie bij omzetverlies door gemeentelijke werkzaamheden, bleek voor sommige partijen zelfs nieuw. Dat zegt genoeg.<\/p><p>\u00a0<\/p><p><strong>Dorpen genegeerd, vragen genegeerd<\/strong><\/p><p>Op de vragen van Heerenveen Lokaal over dezelfde inzet vanuit de dorpen \u2013 zoals Jubbega, waar de herinrichting net is afgerond, en Akkrum, waar de werkzaamheden nog in volle gang zijn \u2013 bleef het oorverdovend stil. Terwijl dorpsgemeenschappen en ondernemers actief hebben meegedacht en meegewerkt, ontbreekt elke vorm van compensatie. Alsof hun inzet er niet toe doet.<\/p><p>\u00a0<\/p><p><strong>Wij zijn geen Haagse partij<\/strong><\/p><p>Heerenveen Lokaal staat tussen de mensen \u2013 in buurten, sportverenigingen, winkels en dorpen. Wij komen op voor \u00e1lle inwoners, niet voor de kas. Want Heerenveen is m\u00e9\u00e9r dan het centrum alleen.<br \/><br \/><\/p><p><strong>Gouden Plak?<\/strong><\/p><p>Is dit de \u2018Gouden Plak\u2019 die we willen zijn?* Een gemeente waarin je steeds meer betaalt om te wonen, ondernemen en sporten \u2013 terwijl inwoners nauwelijks worden gehoord?<\/p><p>\u00a0<\/p><p><em>Heerenveen Lokaal blijft opkomen voor \u00e1lle inwoners. Wij blijven vragen stellen, wij blijven alternatieven aandragen en wij blijven inwoners vertegenwoordigen die nu buiten beeld blijven. Heerenveen is van ons allemaal.<\/em><\/p><p>\u00a0<\/p><p>#HeerenveenLokaal #Parkeerprotest #NietVoorDeKasMaarVoorDeMens #StemVoorVerandering #VoorOnzeInwoners #ParkerenMetMaat #DorpenVergeten<\/p>\t\t\t\t\t\t\t\t<\/div>\n\t\t\t\t<\/div>\n\t\t\t\t\t<\/div>\n\t\t\t\t<\/div>\n\t\t\t\t<\/div>","protected":false},"excerpt":{"rendered":"<p>De gemeenteraad van Heerenveen heeft op 7 juli maatregelen goedgekeurd die het dagelijks leven van de inwoners be\u00efnvloeden, zoals nieuwe vormen van betaald parkeren en forse prijsverhogingen. Heerenveen Lokaal stemde als enige partij tegen deze maatregelen en benadrukte de nadelige gevolgen voor de inwoners en ondernemers, vooral in de dorpen<\/p>","protected":false},"author":3,"featured_media":3844,"comment_status":"closed","ping_status":"open","sticky":false,"template":"","format":"standard","meta":{"_acf_changed":false,"mc4wp_mailchimp_campaign":[],"footnotes":""},"categories":[13],"tags":[14,54,78],"class_list":["post-3835","post","type-post","status-publish","format-standard","has-post-thumbnail","hentry","category-nieuws","tag-maakonsgroot","tag-heerenveen-lokaal","tag-politiek-heerenveen"],"acf":[],"yoast_head":"<!-- This site is optimized with the Yoast SEO plugin v27.4 - https:\/\/yoast.com\/product\/yoast-seo-wordpress\/ -->\n<title>Gemeenteraad speelt voor Sinterklaas\u2026 maar vergeet de dorpen\u00a0 - Politiek Heerenveen - Heerenveen Lokaal<\/title>\n<meta name=\"description\" content=\"Gemeenteraad Heerenveen keurt nieuwe parkeermaatregelen goed, Heerenveen Lokaal verzet zich tegen prijsverhogingen en benadrukt de impact op inwoners en ondernemers.\" \/>\n<meta name=\"robots\" content=\"index, follow, max-snippet:-1, max-image-preview:large, max-video-preview:-1\" \/>\n<link rel=\"canonical\" href=\"https:\/\/heerenveenlokaal.nl\/fy\/gemeenteraad-speelt-voor-sinterklaas-maar-vergeet-de-dorpen\/\" \/>\n<meta property=\"og:locale\" content=\"en_US\" \/>\n<meta property=\"og:type\" content=\"article\" \/>\n<meta property=\"og:title\" content=\"Gemeenteraad speelt voor Sinterklaas\u2026 maar vergeet de dorpen\u00a0 - Politiek Heerenveen - Heerenveen Lokaal\" \/>\n<meta property=\"og:description\" content=\"Gemeenteraad Heerenveen keurt nieuwe parkeermaatregelen goed, Heerenveen Lokaal verzet zich tegen prijsverhogingen en benadrukt de impact op inwoners en ondernemers.\" \/>\n<meta property=\"og:url\" content=\"https:\/\/heerenveenlokaal.nl\/fy\/gemeenteraad-speelt-voor-sinterklaas-maar-vergeet-de-dorpen\/\" \/>\n<meta property=\"og:site_name\" content=\"Politiek Heerenveen - Heerenveen Lokaal\" \/>\n<meta property=\"article:published_time\" content=\"2025-07-08T17:41:54+00:00\" \/>\n<meta property=\"article:modified_time\" content=\"2025-07-08T20:05:18+00:00\" \/>\n<meta property=\"og:image\" content=\"https:\/\/heerenveenlokaal.nl\/wp-content\/uploads\/2025\/07\/Ankie-Speel-Heerenveen-Lokaal.webp\" \/>\n\t<meta property=\"og:image:width\" content=\"669\" \/>\n\t<meta property=\"og:image:height\" content=\"416\" \/>\n\t<meta property=\"og:image:type\" content=\"image\/webp\" \/>\n<meta name=\"author\" content=\"Heerenveen Lokaal\" \/>\n<meta name=\"twitter:card\" content=\"summary_large_image\" \/>\n<meta name=\"twitter:label1\" content=\"Skreaun troch\" \/>\n\t<meta name=\"twitter:data1\" content=\"Heerenveen Lokaal\" \/>\n\t<meta name=\"twitter:label2\" content=\"Est. l\u00eastiid\" \/>\n\t<meta name=\"twitter:data2\" content=\"2 minuten\" \/>\n<script type=\"application\/ld+json\" class=\"yoast-schema-graph\">{\"@context\":\"https:\\\/\\\/schema.org\",\"@graph\":[{\"@type\":\"Article\",\"@id\":\"https:\\\/\\\/heerenveenlokaal.nl\\\/gemeenteraad-speelt-voor-sinterklaas-maar-vergeet-de-dorpen\\\/#article\",\"isPartOf\":{\"@id\":\"https:\\\/\\\/heerenveenlokaal.nl\\\/gemeenteraad-speelt-voor-sinterklaas-maar-vergeet-de-dorpen\\\/\"},\"author\":{\"name\":\"Heerenveen Lokaal\",\"@id\":\"https:\\\/\\\/heerenveenlokaal.nl\\\/#\\\/schema\\\/person\\\/98668054f6b5255c57eb8070a7495491\"},\"headline\":\"Gemeenteraad speelt voor Sinterklaas\u2026 maar vergeet de dorpen\u00a0\",\"datePublished\":\"2025-07-08T17:41:54+00:00\",\"dateModified\":\"2025-07-08T20:05:18+00:00\",\"mainEntityOfPage\":{\"@id\":\"https:\\\/\\\/heerenveenlokaal.nl\\\/gemeenteraad-speelt-voor-sinterklaas-maar-vergeet-de-dorpen\\\/\"},\"wordCount\":409,\"publisher\":{\"@id\":\"https:\\\/\\\/heerenveenlokaal.nl\\\/#organization\"},\"image\":{\"@id\":\"https:\\\/\\\/heerenveenlokaal.nl\\\/gemeenteraad-speelt-voor-sinterklaas-maar-vergeet-de-dorpen\\\/#primaryimage\"},\"thumbnailUrl\":\"https:\\\/\\\/heerenveenlokaal.nl\\\/wp-content\\\/uploads\\\/2025\\\/07\\\/Ankie-Speel-Heerenveen-Lokaal.webp\",\"keywords\":[\"#maakonsgroot\",\"Heerenveen lokaal\",\"politiek heerenveen\"],\"articleSection\":[\"Nieuws\"],\"inLanguage\":\"fy\"},{\"@type\":\"WebPage\",\"@id\":\"https:\\\/\\\/heerenveenlokaal.nl\\\/gemeenteraad-speelt-voor-sinterklaas-maar-vergeet-de-dorpen\\\/\",\"url\":\"https:\\\/\\\/heerenveenlokaal.nl\\\/gemeenteraad-speelt-voor-sinterklaas-maar-vergeet-de-dorpen\\\/\",\"name\":\"Gemeenteraad speelt voor Sinterklaas\u2026 maar vergeet de dorpen\u00a0 - Politiek Heerenveen - Heerenveen Lokaal\",\"isPartOf\":{\"@id\":\"https:\\\/\\\/heerenveenlokaal.nl\\\/#website\"},\"primaryImageOfPage\":{\"@id\":\"https:\\\/\\\/heerenveenlokaal.nl\\\/gemeenteraad-speelt-voor-sinterklaas-maar-vergeet-de-dorpen\\\/#primaryimage\"},\"image\":{\"@id\":\"https:\\\/\\\/heerenveenlokaal.nl\\\/gemeenteraad-speelt-voor-sinterklaas-maar-vergeet-de-dorpen\\\/#primaryimage\"},\"thumbnailUrl\":\"https:\\\/\\\/heerenveenlokaal.nl\\\/wp-content\\\/uploads\\\/2025\\\/07\\\/Ankie-Speel-Heerenveen-Lokaal.webp\",\"datePublished\":\"2025-07-08T17:41:54+00:00\",\"dateModified\":\"2025-07-08T20:05:18+00:00\",\"description\":\"Gemeenteraad Heerenveen keurt nieuwe parkeermaatregelen goed, Heerenveen Lokaal verzet zich tegen prijsverhogingen en benadrukt de impact op inwoners en ondernemers.\",\"breadcrumb\":{\"@id\":\"https:\\\/\\\/heerenveenlokaal.nl\\\/gemeenteraad-speelt-voor-sinterklaas-maar-vergeet-de-dorpen\\\/#breadcrumb\"},\"inLanguage\":\"fy\",\"potentialAction\":[{\"@type\":\"ReadAction\",\"target\":[\"https:\\\/\\\/heerenveenlokaal.nl\\\/gemeenteraad-speelt-voor-sinterklaas-maar-vergeet-de-dorpen\\\/\"]}]},{\"@type\":\"ImageObject\",\"inLanguage\":\"fy\",\"@id\":\"https:\\\/\\\/heerenveenlokaal.nl\\\/gemeenteraad-speelt-voor-sinterklaas-maar-vergeet-de-dorpen\\\/#primaryimage\",\"url\":\"https:\\\/\\\/heerenveenlokaal.nl\\\/wp-content\\\/uploads\\\/2025\\\/07\\\/Ankie-Speel-Heerenveen-Lokaal.webp\",\"contentUrl\":\"https:\\\/\\\/heerenveenlokaal.nl\\\/wp-content\\\/uploads\\\/2025\\\/07\\\/Ankie-Speel-Heerenveen-Lokaal.webp\",\"width\":669,\"height\":416,\"caption\":\"Heerenveen Lokaal ankie Speel\"},{\"@type\":\"BreadcrumbList\",\"@id\":\"https:\\\/\\\/heerenveenlokaal.nl\\\/gemeenteraad-speelt-voor-sinterklaas-maar-vergeet-de-dorpen\\\/#breadcrumb\",\"itemListElement\":[{\"@type\":\"ListItem\",\"position\":1,\"name\":\"Home\",\"item\":\"https:\\\/\\\/heerenveenlokaal.nl\\\/\"},{\"@type\":\"ListItem\",\"position\":2,\"name\":\"Gemeenteraad speelt voor Sinterklaas\u2026 maar vergeet de dorpen\u00a0\"}]},{\"@type\":\"WebSite\",\"@id\":\"https:\\\/\\\/heerenveenlokaal.nl\\\/#website\",\"url\":\"https:\\\/\\\/heerenveenlokaal.nl\\\/\",\"name\":\"Politiek Heerenveen - Heerenveen Lokaal\",\"description\":\"\",\"publisher\":{\"@id\":\"https:\\\/\\\/heerenveenlokaal.nl\\\/#organization\"},\"potentialAction\":[{\"@type\":\"SearchAction\",\"target\":{\"@type\":\"EntryPoint\",\"urlTemplate\":\"https:\\\/\\\/heerenveenlokaal.nl\\\/?s={search_term_string}\"},\"query-input\":{\"@type\":\"PropertyValueSpecification\",\"valueRequired\":true,\"valueName\":\"search_term_string\"}}],\"inLanguage\":\"fy\"},{\"@type\":\"Organization\",\"@id\":\"https:\\\/\\\/heerenveenlokaal.nl\\\/#organization\",\"name\":\"Politiek Heerenveen - Heerenveen Lokaal\",\"url\":\"https:\\\/\\\/heerenveenlokaal.nl\\\/\",\"logo\":{\"@type\":\"ImageObject\",\"inLanguage\":\"fy\",\"@id\":\"https:\\\/\\\/heerenveenlokaal.nl\\\/#\\\/schema\\\/logo\\\/image\\\/\",\"url\":\"https:\\\/\\\/heerenveenlokaal.nl\\\/wp-content\\\/uploads\\\/2019\\\/05\\\/cropped-cropped-Logo_Heerenveen_Lokaal_web.jpg\",\"contentUrl\":\"https:\\\/\\\/heerenveenlokaal.nl\\\/wp-content\\\/uploads\\\/2019\\\/05\\\/cropped-cropped-Logo_Heerenveen_Lokaal_web.jpg\",\"width\":512,\"height\":512,\"caption\":\"Politiek Heerenveen - Heerenveen Lokaal\"},\"image\":{\"@id\":\"https:\\\/\\\/heerenveenlokaal.nl\\\/#\\\/schema\\\/logo\\\/image\\\/\"}},{\"@type\":\"Person\",\"@id\":\"https:\\\/\\\/heerenveenlokaal.nl\\\/#\\\/schema\\\/person\\\/98668054f6b5255c57eb8070a7495491\",\"name\":\"Heerenveen Lokaal\",\"image\":{\"@type\":\"ImageObject\",\"inLanguage\":\"fy\",\"@id\":\"https:\\\/\\\/secure.gravatar.com\\\/avatar\\\/a4ce14b15561bb0f6dcbd7344ac3b89389066c949bfe8f9866f9c298f28ef103?s=96&d=mm&r=g\",\"url\":\"https:\\\/\\\/secure.gravatar.com\\\/avatar\\\/a4ce14b15561bb0f6dcbd7344ac3b89389066c949bfe8f9866f9c298f28ef103?s=96&d=mm&r=g\",\"contentUrl\":\"https:\\\/\\\/secure.gravatar.com\\\/avatar\\\/a4ce14b15561bb0f6dcbd7344ac3b89389066c949bfe8f9866f9c298f28ef103?s=96&d=mm&r=g\",\"caption\":\"Heerenveen Lokaal\"},\"description\":\"Heerenveen Lokaal is een dynamisch platform dat zich inzet voor de gemeenschap van Gemeente Heerenveen. Met een focus op lokale politiek, nieuws en evenementen, biedt Heerenveen Lokaal een stem aan de inwoners en bevordert het betrokkenheid en participatie. Ons team bestaat uit gepassioneerde individuen die zich inzetten voor transparantie, informatievoorziening en het versterken van de lokale democratie. Samen streven we naar een Heerenveen waar iedereen gehoord wordt en waar we gezamenlijk werken aan een betere toekomst.\",\"url\":\"https:\\\/\\\/heerenveenlokaal.nl\\\/fy\\\/author\\\/heerenveen-lokaal\\\/\"}]}<\/script>\n<!-- \/ Yoast SEO plugin. -->","yoast_head_json":{"title":"Gemeenteraad speelt voor Sinterklaas\u2026 maar vergeet de dorpen\u00a0 - Politiek Heerenveen - Heerenveen Lokaal","description":"Gemeenteraad Heerenveen keurt nieuwe parkeermaatregelen goed, Heerenveen Lokaal verzet zich tegen prijsverhogingen en benadrukt de impact op inwoners en ondernemers.","robots":{"index":"index","follow":"follow","max-snippet":"max-snippet:-1","max-image-preview":"max-image-preview:large","max-video-preview":"max-video-preview:-1"},"canonical":"https:\/\/heerenveenlokaal.nl\/fy\/gemeenteraad-speelt-voor-sinterklaas-maar-vergeet-de-dorpen\/","og_locale":"en_US","og_type":"article","og_title":"Gemeenteraad speelt voor Sinterklaas\u2026 maar vergeet de dorpen\u00a0 - Politiek Heerenveen - Heerenveen Lokaal","og_description":"Gemeenteraad Heerenveen keurt nieuwe parkeermaatregelen goed, Heerenveen Lokaal verzet zich tegen prijsverhogingen en benadrukt de impact op inwoners en ondernemers.","og_url":"https:\/\/heerenveenlokaal.nl\/fy\/gemeenteraad-speelt-voor-sinterklaas-maar-vergeet-de-dorpen\/","og_site_name":"Politiek Heerenveen - Heerenveen Lokaal","article_published_time":"2025-07-08T17:41:54+00:00","article_modified_time":"2025-07-08T20:05:18+00:00","og_image":[{"width":669,"height":416,"url":"https:\/\/heerenveenlokaal.nl\/wp-content\/uploads\/2025\/07\/Ankie-Speel-Heerenveen-Lokaal.webp","type":"image\/webp"}],"author":"Heerenveen Lokaal","twitter_card":"summary_large_image","twitter_misc":{"Skreaun troch":"Heerenveen Lokaal","Est. l\u00eastiid":"2 minuten"},"schema":{"@context":"https:\/\/schema.org","@graph":[{"@type":"Article","@id":"https:\/\/heerenveenlokaal.nl\/gemeenteraad-speelt-voor-sinterklaas-maar-vergeet-de-dorpen\/#article","isPartOf":{"@id":"https:\/\/heerenveenlokaal.nl\/gemeenteraad-speelt-voor-sinterklaas-maar-vergeet-de-dorpen\/"},"author":{"name":"Heerenveen Lokaal","@id":"https:\/\/heerenveenlokaal.nl\/#\/schema\/person\/98668054f6b5255c57eb8070a7495491"},"headline":"Gemeenteraad speelt voor Sinterklaas\u2026 maar vergeet de dorpen\u00a0","datePublished":"2025-07-08T17:41:54+00:00","dateModified":"2025-07-08T20:05:18+00:00","mainEntityOfPage":{"@id":"https:\/\/heerenveenlokaal.nl\/gemeenteraad-speelt-voor-sinterklaas-maar-vergeet-de-dorpen\/"},"wordCount":409,"publisher":{"@id":"https:\/\/heerenveenlokaal.nl\/#organization"},"image":{"@id":"https:\/\/heerenveenlokaal.nl\/gemeenteraad-speelt-voor-sinterklaas-maar-vergeet-de-dorpen\/#primaryimage"},"thumbnailUrl":"https:\/\/heerenveenlokaal.nl\/wp-content\/uploads\/2025\/07\/Ankie-Speel-Heerenveen-Lokaal.webp","keywords":["#maakonsgroot","Heerenveen lokaal","politiek heerenveen"],"articleSection":["Nieuws"],"inLanguage":"fy"},{"@type":"WebPage","@id":"https:\/\/heerenveenlokaal.nl\/gemeenteraad-speelt-voor-sinterklaas-maar-vergeet-de-dorpen\/","url":"https:\/\/heerenveenlokaal.nl\/gemeenteraad-speelt-voor-sinterklaas-maar-vergeet-de-dorpen\/","name":"Gemeenteraad speelt voor Sinterklaas\u2026 maar vergeet de dorpen\u00a0 - Politiek Heerenveen - Heerenveen Lokaal","isPartOf":{"@id":"https:\/\/heerenveenlokaal.nl\/#website"},"primaryImageOfPage":{"@id":"https:\/\/heerenveenlokaal.nl\/gemeenteraad-speelt-voor-sinterklaas-maar-vergeet-de-dorpen\/#primaryimage"},"image":{"@id":"https:\/\/heerenveenlokaal.nl\/gemeenteraad-speelt-voor-sinterklaas-maar-vergeet-de-dorpen\/#primaryimage"},"thumbnailUrl":"https:\/\/heerenveenlokaal.nl\/wp-content\/uploads\/2025\/07\/Ankie-Speel-Heerenveen-Lokaal.webp","datePublished":"2025-07-08T17:41:54+00:00","dateModified":"2025-07-08T20:05:18+00:00","description":"Gemeenteraad Heerenveen keurt nieuwe parkeermaatregelen goed, Heerenveen Lokaal verzet zich tegen prijsverhogingen en benadrukt de impact op inwoners en ondernemers.","breadcrumb":{"@id":"https:\/\/heerenveenlokaal.nl\/gemeenteraad-speelt-voor-sinterklaas-maar-vergeet-de-dorpen\/#breadcrumb"},"inLanguage":"fy","potentialAction":[{"@type":"ReadAction","target":["https:\/\/heerenveenlokaal.nl\/gemeenteraad-speelt-voor-sinterklaas-maar-vergeet-de-dorpen\/"]}]},{"@type":"ImageObject","inLanguage":"fy","@id":"https:\/\/heerenveenlokaal.nl\/gemeenteraad-speelt-voor-sinterklaas-maar-vergeet-de-dorpen\/#primaryimage","url":"https:\/\/heerenveenlokaal.nl\/wp-content\/uploads\/2025\/07\/Ankie-Speel-Heerenveen-Lokaal.webp","contentUrl":"https:\/\/heerenveenlokaal.nl\/wp-content\/uploads\/2025\/07\/Ankie-Speel-Heerenveen-Lokaal.webp","width":669,"height":416,"caption":"Heerenveen Lokaal ankie Speel"},{"@type":"BreadcrumbList","@id":"https:\/\/heerenveenlokaal.nl\/gemeenteraad-speelt-voor-sinterklaas-maar-vergeet-de-dorpen\/#breadcrumb","itemListElement":[{"@type":"ListItem","position":1,"name":"Home","item":"https:\/\/heerenveenlokaal.nl\/"},{"@type":"ListItem","position":2,"name":"Gemeenteraad speelt voor Sinterklaas\u2026 maar vergeet de dorpen\u00a0"}]},{"@type":"WebSite","@id":"https:\/\/heerenveenlokaal.nl\/#website","url":"https:\/\/heerenveenlokaal.nl\/","name":"Politiek Heerenveen - Heerenveen Lokaal","description":"","publisher":{"@id":"https:\/\/heerenveenlokaal.nl\/#organization"},"potentialAction":[{"@type":"SearchAction","target":{"@type":"EntryPoint","urlTemplate":"https:\/\/heerenveenlokaal.nl\/?s={search_term_string}"},"query-input":{"@type":"PropertyValueSpecification","valueRequired":true,"valueName":"search_term_string"}}],"inLanguage":"fy"},{"@type":"Organization","@id":"https:\/\/heerenveenlokaal.nl\/#organization","name":"Politiek Heerenveen - Heerenveen Lokaal","url":"https:\/\/heerenveenlokaal.nl\/","logo":{"@type":"ImageObject","inLanguage":"fy","@id":"https:\/\/heerenveenlokaal.nl\/#\/schema\/logo\/image\/","url":"https:\/\/heerenveenlokaal.nl\/wp-content\/uploads\/2019\/05\/cropped-cropped-Logo_Heerenveen_Lokaal_web.jpg","contentUrl":"https:\/\/heerenveenlokaal.nl\/wp-content\/uploads\/2019\/05\/cropped-cropped-Logo_Heerenveen_Lokaal_web.jpg","width":512,"height":512,"caption":"Politiek Heerenveen - Heerenveen Lokaal"},"image":{"@id":"https:\/\/heerenveenlokaal.nl\/#\/schema\/logo\/image\/"}},{"@type":"Person","@id":"https:\/\/heerenveenlokaal.nl\/#\/schema\/person\/98668054f6b5255c57eb8070a7495491","name":"It Hearrenfean Lokaal","image":{"@type":"ImageObject","inLanguage":"fy","@id":"https:\/\/secure.gravatar.com\/avatar\/a4ce14b15561bb0f6dcbd7344ac3b89389066c949bfe8f9866f9c298f28ef103?s=96&d=mm&r=g","url":"https:\/\/secure.gravatar.com\/avatar\/a4ce14b15561bb0f6dcbd7344ac3b89389066c949bfe8f9866f9c298f28ef103?s=96&d=mm&r=g","contentUrl":"https:\/\/secure.gravatar.com\/avatar\/a4ce14b15561bb0f6dcbd7344ac3b89389066c949bfe8f9866f9c298f28ef103?s=96&d=mm&r=g","caption":"Heerenveen Lokaal"},"description":"Heerenveen Lokaal is een dynamisch platform dat zich inzet voor de gemeenschap van Gemeente Heerenveen. Met een focus op lokale politiek, nieuws en evenementen, biedt Heerenveen Lokaal een stem aan de inwoners en bevordert het betrokkenheid en participatie. Ons team bestaat uit gepassioneerde individuen die zich inzetten voor transparantie, informatievoorziening en het versterken van de lokale democratie. Samen streven we naar een Heerenveen waar iedereen gehoord wordt en waar we gezamenlijk werken aan een betere toekomst.","url":"https:\/\/heerenveenlokaal.nl\/fy\/author\/heerenveen-lokaal\/"}]}},"_links":{"self":[{"href":"https:\/\/heerenveenlokaal.nl\/fy\/wp-json\/wp\/v2\/posts\/3835","targetHints":{"allow":["GET"]}}],"collection":[{"href":"https:\/\/heerenveenlokaal.nl\/fy\/wp-json\/wp\/v2\/posts"}],"about":[{"href":"https:\/\/heerenveenlokaal.nl\/fy\/wp-json\/wp\/v2\/types\/post"}],"author":[{"embeddable":true,"href":"https:\/\/heerenveenlokaal.nl\/fy\/wp-json\/wp\/v2\/users\/3"}],"replies":[{"embeddable":true,"href":"https:\/\/heerenveenlokaal.nl\/fy\/wp-json\/wp\/v2\/comments?post=3835"}],"version-history":[{"count":12,"href":"https:\/\/heerenveenlokaal.nl\/fy\/wp-json\/wp\/v2\/posts\/3835\/revisions"}],"predecessor-version":[{"id":3850,"href":"https:\/\/heerenveenlokaal.nl\/fy\/wp-json\/wp\/v2\/posts\/3835\/revisions\/3850"}],"wp:featuredmedia":[{"embeddable":true,"href":"https:\/\/heerenveenlokaal.nl\/fy\/wp-json\/wp\/v2\/media\/3844"}],"wp:attachment":[{"href":"https:\/\/heerenveenlokaal.nl\/fy\/wp-json\/wp\/v2\/media?parent=3835"}],"wp:term":[{"taxonomy":"category","embeddable":true,"href":"https:\/\/heerenveenlokaal.nl\/fy\/wp-json\/wp\/v2\/categories?post=3835"},{"taxonomy":"post_tag","embeddable":true,"href":"https:\/\/heerenveenlokaal.nl\/fy\/wp-json\/wp\/v2\/tags?post=3835"}],"curies":[{"name":"wp","href":"https:\/\/api.w.org\/{rel}","templated":true}]}}