{"id":3966,"date":"2025-08-28T16:14:14","date_gmt":"2025-08-28T14:14:14","guid":{"rendered":"https:\/\/heerenveenlokaal.nl\/?p=3966"},"modified":"2025-08-28T16:31:59","modified_gmt":"2025-08-28T14:31:59","slug":"heerenveen-lokaal-stelt-vragen-over-ontwikkelingen-voormalige-j-b-kanschool-in-jubbega","status":"publish","type":"post","link":"https:\/\/heerenveenlokaal.nl\/fy\/heerenveen-lokaal-stelt-vragen-over-ontwikkelingen-voormalige-j-b-kanschool-in-jubbega\/","title":{"rendered":"Heerenveen Lokaal stelt fragen oer \u00fbntwikkelings by de eardere JB Kanschool yn Jubbega"},"content":{"rendered":"<div data-elementor-type=\"wp-post\" data-elementor-id=\"3966\" class=\"elementor elementor-3966\" data-elementor-post-type=\"post\">\n\t\t\t\t<div class=\"elementor-element elementor-element-f9c03da e-flex e-con-boxed e-con e-parent\" data-id=\"f9c03da\" data-element_type=\"container\" data-e-type=\"container\">\n\t\t\t\t\t<div class=\"e-con-inner\">\n\t\t\t\t<div class=\"elementor-element elementor-element-4df9744 elementor-widget elementor-widget-heading\" data-id=\"4df9744\" data-element_type=\"widget\" data-e-type=\"widget\" data-widget_type=\"heading.default\">\n\t\t\t\t<div class=\"elementor-widget-container\">\n\t\t\t\t\t<h2 class=\"elementor-heading-title elementor-size-default\">Heerenveen Lokaal stelt fragen oer \u00fbntwikkelings by de eardere JB Kanschool yn Jubbega<\/h2>\t\t\t\t<\/div>\n\t\t\t\t<\/div>\n\t\t\t\t\t<\/div>\n\t\t\t\t<\/div>\n\t\t<div class=\"elementor-element elementor-element-76dfb30 e-flex e-con-boxed e-con e-parent\" data-id=\"76dfb30\" data-element_type=\"container\" data-e-type=\"container\">\n\t\t\t\t\t<div class=\"e-con-inner\">\n\t\t\t\t<div class=\"elementor-element elementor-element-e2f2585 elementor-widget elementor-widget-image\" data-id=\"e2f2585\" data-element_type=\"widget\" data-e-type=\"widget\" data-widget_type=\"image.default\">\n\t\t\t\t<div class=\"elementor-widget-container\">\n\t\t\t\t\t\t\t\t\t\t\t\t\t\t\t<img fetchpriority=\"high\" decoding=\"async\" width=\"800\" height=\"600\" src=\"https:\/\/heerenveenlokaal.nl\/wp-content\/uploads\/2025\/08\/jb-kanschool-jubbega-aangezicht-heerenveen-lokaal-1024x768.jpg\" class=\"attachment-large size-large wp-image-3964\" alt=\"Heerenveen Lokaal stelt vragen over ontwikkelingen voormalige J.B. Kanschool in Jubbega\" srcset=\"https:\/\/heerenveenlokaal.nl\/wp-content\/uploads\/2025\/08\/jb-kanschool-jubbega-aangezicht-heerenveen-lokaal-1024x768.jpg 1024w, https:\/\/heerenveenlokaal.nl\/wp-content\/uploads\/2025\/08\/jb-kanschool-jubbega-aangezicht-heerenveen-lokaal-300x225.jpg 300w, https:\/\/heerenveenlokaal.nl\/wp-content\/uploads\/2025\/08\/jb-kanschool-jubbega-aangezicht-heerenveen-lokaal-768x576.jpg 768w, https:\/\/heerenveenlokaal.nl\/wp-content\/uploads\/2025\/08\/jb-kanschool-jubbega-aangezicht-heerenveen-lokaal-1536x1152.jpg 1536w, https:\/\/heerenveenlokaal.nl\/wp-content\/uploads\/2025\/08\/jb-kanschool-jubbega-aangezicht-heerenveen-lokaal-2048x1536.jpg 2048w\" sizes=\"(max-width: 800px) 100vw, 800px\" \/>\t\t\t\t\t\t\t\t\t\t\t\t\t\t\t<\/div>\n\t\t\t\t<\/div>\n\t\t\t\t\t<\/div>\n\t\t\t\t<\/div>\n\t\t<div class=\"elementor-element elementor-element-b11b86a e-flex e-con-boxed e-con e-parent\" data-id=\"b11b86a\" data-element_type=\"container\" data-e-type=\"container\">\n\t\t\t\t\t<div class=\"e-con-inner\">\n\t\t\t\t<div class=\"elementor-element elementor-element-88526db elementor-widget elementor-widget-text-editor\" data-id=\"88526db\" data-element_type=\"widget\" data-e-type=\"widget\" data-widget_type=\"text-editor.default\">\n\t\t\t\t<div class=\"elementor-widget-container\">\n\t\t\t\t\t\t\t\t\t<p>Op 11 septimber organisearret de gemeente Hearrenfean in ynformaasjej\u00fbn oer de takomst fan it eardere <strong>JB Kanskoalle<\/strong> oan de Gorredijksterweg yn Jubbega. Wylst Heerenveen Lokaal bliid is dat der \u00fateinlik in gearkomste pland is, fine wy de \u00fatnoeging frij koart. It sil fan net folle nut w\u00eaze foar omwenners en belanghawwenden. D\u00earom hawwe wy \u00fas fragen gearstald, sadat der yn &#039;e rin fan &#039;e j\u00fbn d\u00fadlikens j\u00fbn wurde kin.<\/p><p>De fragen dy&#039;t wy steld hawwe binne \u00fbnder oaren:<\/p><ul><li>de hjoeddeiske steat fan saken s\u00fbnt it riedsbesl\u00fat fan febrewaris 2024,<\/li><li>de planning foar de sloop fan it gebou,<\/li><li>de ekologyske st\u00fadzjes (d\u00ear&#039;t koartlyn flearm\u00fbzen \u00fbntdutsen binne, w\u00earfoar&#039;t al foarsjennings beskikber steld binne),<\/li><li>it finansjele ramt en de makke kosten,<\/li><li>de bedoelde wenningbou en de wenningkategoryen (eigenersbewoning, sosjale wenningbou, middenklassewenningbou, starters en senioaren),<\/li><li>en kommunikaasje mei pleatslike ynwenners.<\/li><\/ul><p>Dat fynt Heerenveen Lokaal tige wichtich <strong>pleatslike ynwenners, belutsen ynwenners en de gemeenteried wurde folslein en prompt ynformearre<\/strong>. Allinnich dan kinne se har soargen, winsken en idee\u00ebn \u00fatdrukke.<\/p><p>Wy roppe de gemeente op om de ynformaasjej\u00fbn fan 11 septimber sa te organisearjen dat <strong>konkrete antwurden<\/strong> lang besteande fragen oanpakke. Bewenners fertsjinje d\u00fadlikens oer de takomst fan harren wenomjouwing.<\/p>\t\t\t\t\t\t\t\t<\/div>\n\t\t\t\t<\/div>\n\t\t\t\t\t<\/div>\n\t\t\t\t<\/div>\n\t\t<div class=\"elementor-element elementor-element-4055c69 e-flex e-con-boxed e-con e-parent\" data-id=\"4055c69\" data-element_type=\"container\" data-e-type=\"container\">\n\t\t\t\t\t<div class=\"e-con-inner\">\n\t\t\t\t<div class=\"elementor-element elementor-element-24849dc elementor-widget elementor-widget-image\" data-id=\"24849dc\" data-element_type=\"widget\" data-e-type=\"widget\" data-widget_type=\"image.default\">\n\t\t\t\t<div class=\"elementor-widget-container\">\n\t\t\t\t\t\t\t\t\t\t\t\t<figure class=\"wp-caption\">\n\t\t\t\t\t\t\t\t\t\t<img decoding=\"async\" width=\"768\" height=\"1024\" src=\"https:\/\/heerenveenlokaal.nl\/wp-content\/uploads\/2025\/08\/jb-kanschool-jubbega-heerenveen-lokaal-768x1024.jpg\" class=\"attachment-large size-large wp-image-3965\" alt=\"\" srcset=\"https:\/\/heerenveenlokaal.nl\/wp-content\/uploads\/2025\/08\/jb-kanschool-jubbega-heerenveen-lokaal-768x1024.jpg 768w, https:\/\/heerenveenlokaal.nl\/wp-content\/uploads\/2025\/08\/jb-kanschool-jubbega-heerenveen-lokaal-225x300.jpg 225w, https:\/\/heerenveenlokaal.nl\/wp-content\/uploads\/2025\/08\/jb-kanschool-jubbega-heerenveen-lokaal-1152x1536.jpg 1152w, https:\/\/heerenveenlokaal.nl\/wp-content\/uploads\/2025\/08\/jb-kanschool-jubbega-heerenveen-lokaal-1536x2048.jpg 1536w, https:\/\/heerenveenlokaal.nl\/wp-content\/uploads\/2025\/08\/jb-kanschool-jubbega-heerenveen-lokaal-scaled.webp 1440w\" sizes=\"(max-width: 768px) 100vw, 768px\" \/>\t\t\t\t\t\t\t\t\t\t\t<figcaption class=\"widget-image-caption wp-caption-text\">Flearm\u00fbsdoazen by de eardere JB Kanskoalle<\/figcaption>\n\t\t\t\t\t\t\t\t\t\t<\/figure>\n\t\t\t\t\t\t\t\t\t<\/div>\n\t\t\t\t<\/div>\n\t\t\t\t\t<\/div>\n\t\t\t\t<\/div>\n\t\t\t\t<\/div>","protected":false},"excerpt":{"rendered":"<p>Hearrenfean Lokaal stelt fragen oer de takomst fan de eardere JB Kanskoalle yn Jubbega. Kom nei de ynformaasjej\u00fbn op 11 septimber foar antwurden oer sloop, ekologyske st\u00fadzjes, h\u00fasfesting en mear.<\/p>","protected":false},"author":3,"featured_media":3964,"comment_status":"closed","ping_status":"open","sticky":false,"template":"","format":"standard","meta":{"_acf_changed":false,"mc4wp_mailchimp_campaign":[],"footnotes":""},"categories":[13],"tags":[14,54,61,78,116],"class_list":["post-3966","post","type-post","status-publish","format-standard","has-post-thumbnail","hentry","category-nieuws","tag-maakonsgroot","tag-heerenveen-lokaal","tag-jubbega","tag-politiek-heerenveen","tag-woningbouw-jubbega"],"acf":[],"yoast_head":"<!-- This site is optimized with the Yoast SEO plugin v27.4 - https:\/\/yoast.com\/product\/yoast-seo-wordpress\/ -->\n<title>Heerenveen Lokaal stelt vragen over ontwikkelingen voormalige J.B. Kanschool in Jubbega - Politiek Heerenveen - Heerenveen Lokaal<\/title>\n<meta name=\"description\" content=\"Heerenveen Lokaal stelt vragen over de toekomst van de voormalige J.B. Kanschool in Jubbega. Kom naar de informatieavond op 11 september voor antwoorden over sloop, ecologische onderzoeken, woningbouw en meer\" \/>\n<meta name=\"robots\" content=\"index, follow, max-snippet:-1, max-image-preview:large, max-video-preview:-1\" \/>\n<link rel=\"canonical\" href=\"https:\/\/heerenveenlokaal.nl\/fy\/heerenveen-lokaal-stelt-vragen-over-ontwikkelingen-voormalige-j-b-kanschool-in-jubbega\/\" \/>\n<meta property=\"og:locale\" content=\"en_US\" \/>\n<meta property=\"og:type\" content=\"article\" \/>\n<meta property=\"og:title\" content=\"Heerenveen Lokaal stelt vragen over ontwikkelingen voormalige J.B. Kanschool in Jubbega - Politiek Heerenveen - Heerenveen Lokaal\" \/>\n<meta property=\"og:description\" content=\"Heerenveen Lokaal stelt vragen over de toekomst van de voormalige J.B. Kanschool in Jubbega. Kom naar de informatieavond op 11 september voor antwoorden over sloop, ecologische onderzoeken, woningbouw en meer\" \/>\n<meta property=\"og:url\" content=\"https:\/\/heerenveenlokaal.nl\/fy\/heerenveen-lokaal-stelt-vragen-over-ontwikkelingen-voormalige-j-b-kanschool-in-jubbega\/\" \/>\n<meta property=\"og:site_name\" content=\"Politiek Heerenveen - Heerenveen Lokaal\" \/>\n<meta property=\"article:published_time\" content=\"2025-08-28T14:14:14+00:00\" \/>\n<meta property=\"article:modified_time\" content=\"2025-08-28T14:31:59+00:00\" \/>\n<meta property=\"og:image\" content=\"https:\/\/heerenveenlokaal.nl\/wp-content\/uploads\/2025\/08\/jb-kanschool-jubbega-aangezicht-heerenveen-lokaal-scaled.jpg\" \/>\n\t<meta property=\"og:image:width\" content=\"2560\" \/>\n\t<meta property=\"og:image:height\" content=\"1920\" \/>\n\t<meta property=\"og:image:type\" content=\"image\/jpeg\" \/>\n<meta name=\"author\" content=\"Heerenveen Lokaal\" \/>\n<meta name=\"twitter:card\" content=\"summary_large_image\" \/>\n<meta name=\"twitter:label1\" content=\"Skreaun troch\" \/>\n\t<meta name=\"twitter:data1\" content=\"Heerenveen Lokaal\" \/>\n\t<meta name=\"twitter:label2\" content=\"Est. l\u00eastiid\" \/>\n\t<meta name=\"twitter:data2\" content=\"2 minuten\" \/>\n<script type=\"application\/ld+json\" class=\"yoast-schema-graph\">{\"@context\":\"https:\\\/\\\/schema.org\",\"@graph\":[{\"@type\":\"Article\",\"@id\":\"https:\\\/\\\/heerenveenlokaal.nl\\\/heerenveen-lokaal-stelt-vragen-over-ontwikkelingen-voormalige-j-b-kanschool-in-jubbega\\\/#article\",\"isPartOf\":{\"@id\":\"https:\\\/\\\/heerenveenlokaal.nl\\\/heerenveen-lokaal-stelt-vragen-over-ontwikkelingen-voormalige-j-b-kanschool-in-jubbega\\\/\"},\"author\":{\"name\":\"Heerenveen Lokaal\",\"@id\":\"https:\\\/\\\/heerenveenlokaal.nl\\\/#\\\/schema\\\/person\\\/98668054f6b5255c57eb8070a7495491\"},\"headline\":\"Heerenveen Lokaal stelt vragen over ontwikkelingen voormalige J.B. Kanschool in Jubbega\",\"datePublished\":\"2025-08-28T14:14:14+00:00\",\"dateModified\":\"2025-08-28T14:31:59+00:00\",\"mainEntityOfPage\":{\"@id\":\"https:\\\/\\\/heerenveenlokaal.nl\\\/heerenveen-lokaal-stelt-vragen-over-ontwikkelingen-voormalige-j-b-kanschool-in-jubbega\\\/\"},\"wordCount\":230,\"publisher\":{\"@id\":\"https:\\\/\\\/heerenveenlokaal.nl\\\/#organization\"},\"image\":{\"@id\":\"https:\\\/\\\/heerenveenlokaal.nl\\\/heerenveen-lokaal-stelt-vragen-over-ontwikkelingen-voormalige-j-b-kanschool-in-jubbega\\\/#primaryimage\"},\"thumbnailUrl\":\"https:\\\/\\\/heerenveenlokaal.nl\\\/wp-content\\\/uploads\\\/2025\\\/08\\\/jb-kanschool-jubbega-aangezicht-heerenveen-lokaal-scaled.jpg\",\"keywords\":[\"#maakonsgroot\",\"Heerenveen lokaal\",\"jubbega\",\"politiek heerenveen\",\"woningbouw jubbega\"],\"articleSection\":[\"Nieuws\"],\"inLanguage\":\"fy\"},{\"@type\":\"WebPage\",\"@id\":\"https:\\\/\\\/heerenveenlokaal.nl\\\/heerenveen-lokaal-stelt-vragen-over-ontwikkelingen-voormalige-j-b-kanschool-in-jubbega\\\/\",\"url\":\"https:\\\/\\\/heerenveenlokaal.nl\\\/heerenveen-lokaal-stelt-vragen-over-ontwikkelingen-voormalige-j-b-kanschool-in-jubbega\\\/\",\"name\":\"Heerenveen Lokaal stelt vragen over ontwikkelingen voormalige J.B. Kanschool in Jubbega - Politiek Heerenveen - Heerenveen Lokaal\",\"isPartOf\":{\"@id\":\"https:\\\/\\\/heerenveenlokaal.nl\\\/#website\"},\"primaryImageOfPage\":{\"@id\":\"https:\\\/\\\/heerenveenlokaal.nl\\\/heerenveen-lokaal-stelt-vragen-over-ontwikkelingen-voormalige-j-b-kanschool-in-jubbega\\\/#primaryimage\"},\"image\":{\"@id\":\"https:\\\/\\\/heerenveenlokaal.nl\\\/heerenveen-lokaal-stelt-vragen-over-ontwikkelingen-voormalige-j-b-kanschool-in-jubbega\\\/#primaryimage\"},\"thumbnailUrl\":\"https:\\\/\\\/heerenveenlokaal.nl\\\/wp-content\\\/uploads\\\/2025\\\/08\\\/jb-kanschool-jubbega-aangezicht-heerenveen-lokaal-scaled.jpg\",\"datePublished\":\"2025-08-28T14:14:14+00:00\",\"dateModified\":\"2025-08-28T14:31:59+00:00\",\"description\":\"Heerenveen Lokaal stelt vragen over de toekomst van de voormalige J.B. Kanschool in Jubbega. Kom naar de informatieavond op 11 september voor antwoorden over sloop, ecologische onderzoeken, woningbouw en meer\",\"breadcrumb\":{\"@id\":\"https:\\\/\\\/heerenveenlokaal.nl\\\/heerenveen-lokaal-stelt-vragen-over-ontwikkelingen-voormalige-j-b-kanschool-in-jubbega\\\/#breadcrumb\"},\"inLanguage\":\"fy\",\"potentialAction\":[{\"@type\":\"ReadAction\",\"target\":[\"https:\\\/\\\/heerenveenlokaal.nl\\\/heerenveen-lokaal-stelt-vragen-over-ontwikkelingen-voormalige-j-b-kanschool-in-jubbega\\\/\"]}]},{\"@type\":\"ImageObject\",\"inLanguage\":\"fy\",\"@id\":\"https:\\\/\\\/heerenveenlokaal.nl\\\/heerenveen-lokaal-stelt-vragen-over-ontwikkelingen-voormalige-j-b-kanschool-in-jubbega\\\/#primaryimage\",\"url\":\"https:\\\/\\\/heerenveenlokaal.nl\\\/wp-content\\\/uploads\\\/2025\\\/08\\\/jb-kanschool-jubbega-aangezicht-heerenveen-lokaal-scaled.jpg\",\"contentUrl\":\"https:\\\/\\\/heerenveenlokaal.nl\\\/wp-content\\\/uploads\\\/2025\\\/08\\\/jb-kanschool-jubbega-aangezicht-heerenveen-lokaal-scaled.jpg\",\"width\":2560,\"height\":1920,\"caption\":\"Heerenveen Lokaal stelt vragen over ontwikkelingen voormalige J.B. Kanschool in Jubbega\"},{\"@type\":\"BreadcrumbList\",\"@id\":\"https:\\\/\\\/heerenveenlokaal.nl\\\/heerenveen-lokaal-stelt-vragen-over-ontwikkelingen-voormalige-j-b-kanschool-in-jubbega\\\/#breadcrumb\",\"itemListElement\":[{\"@type\":\"ListItem\",\"position\":1,\"name\":\"Home\",\"item\":\"https:\\\/\\\/heerenveenlokaal.nl\\\/\"},{\"@type\":\"ListItem\",\"position\":2,\"name\":\"Heerenveen Lokaal stelt vragen over ontwikkelingen voormalige J.B. Kanschool in Jubbega\"}]},{\"@type\":\"WebSite\",\"@id\":\"https:\\\/\\\/heerenveenlokaal.nl\\\/#website\",\"url\":\"https:\\\/\\\/heerenveenlokaal.nl\\\/\",\"name\":\"Politiek Heerenveen - Heerenveen Lokaal\",\"description\":\"\",\"publisher\":{\"@id\":\"https:\\\/\\\/heerenveenlokaal.nl\\\/#organization\"},\"potentialAction\":[{\"@type\":\"SearchAction\",\"target\":{\"@type\":\"EntryPoint\",\"urlTemplate\":\"https:\\\/\\\/heerenveenlokaal.nl\\\/?s={search_term_string}\"},\"query-input\":{\"@type\":\"PropertyValueSpecification\",\"valueRequired\":true,\"valueName\":\"search_term_string\"}}],\"inLanguage\":\"fy\"},{\"@type\":\"Organization\",\"@id\":\"https:\\\/\\\/heerenveenlokaal.nl\\\/#organization\",\"name\":\"Politiek Heerenveen - Heerenveen Lokaal\",\"url\":\"https:\\\/\\\/heerenveenlokaal.nl\\\/\",\"logo\":{\"@type\":\"ImageObject\",\"inLanguage\":\"fy\",\"@id\":\"https:\\\/\\\/heerenveenlokaal.nl\\\/#\\\/schema\\\/logo\\\/image\\\/\",\"url\":\"https:\\\/\\\/heerenveenlokaal.nl\\\/wp-content\\\/uploads\\\/2019\\\/05\\\/cropped-cropped-Logo_Heerenveen_Lokaal_web.jpg\",\"contentUrl\":\"https:\\\/\\\/heerenveenlokaal.nl\\\/wp-content\\\/uploads\\\/2019\\\/05\\\/cropped-cropped-Logo_Heerenveen_Lokaal_web.jpg\",\"width\":512,\"height\":512,\"caption\":\"Politiek Heerenveen - Heerenveen Lokaal\"},\"image\":{\"@id\":\"https:\\\/\\\/heerenveenlokaal.nl\\\/#\\\/schema\\\/logo\\\/image\\\/\"}},{\"@type\":\"Person\",\"@id\":\"https:\\\/\\\/heerenveenlokaal.nl\\\/#\\\/schema\\\/person\\\/98668054f6b5255c57eb8070a7495491\",\"name\":\"Heerenveen Lokaal\",\"image\":{\"@type\":\"ImageObject\",\"inLanguage\":\"fy\",\"@id\":\"https:\\\/\\\/secure.gravatar.com\\\/avatar\\\/a4ce14b15561bb0f6dcbd7344ac3b89389066c949bfe8f9866f9c298f28ef103?s=96&d=mm&r=g\",\"url\":\"https:\\\/\\\/secure.gravatar.com\\\/avatar\\\/a4ce14b15561bb0f6dcbd7344ac3b89389066c949bfe8f9866f9c298f28ef103?s=96&d=mm&r=g\",\"contentUrl\":\"https:\\\/\\\/secure.gravatar.com\\\/avatar\\\/a4ce14b15561bb0f6dcbd7344ac3b89389066c949bfe8f9866f9c298f28ef103?s=96&d=mm&r=g\",\"caption\":\"Heerenveen Lokaal\"},\"description\":\"Heerenveen Lokaal is een dynamisch platform dat zich inzet voor de gemeenschap van Gemeente Heerenveen. Met een focus op lokale politiek, nieuws en evenementen, biedt Heerenveen Lokaal een stem aan de inwoners en bevordert het betrokkenheid en participatie. Ons team bestaat uit gepassioneerde individuen die zich inzetten voor transparantie, informatievoorziening en het versterken van de lokale democratie. Samen streven we naar een Heerenveen waar iedereen gehoord wordt en waar we gezamenlijk werken aan een betere toekomst.\",\"url\":\"https:\\\/\\\/heerenveenlokaal.nl\\\/fy\\\/author\\\/heerenveen-lokaal\\\/\"}]}<\/script>\n<!-- \/ Yoast SEO plugin. -->","yoast_head_json":{"title":"Heerenveen Lokaal stelt vragen over ontwikkelingen voormalige J.B. Kanschool in Jubbega - Politiek Heerenveen - Heerenveen Lokaal","description":"Hearrenfean Lokaal stelt fragen oer de takomst fan de eardere JB Kanskoalle yn Jubbega. Kom nei de ynformaasjej\u00fbn op 11 septimber foar antwurden oer sloop, ekologyske st\u00fadzjes, h\u00fasfesting en mear.","robots":{"index":"index","follow":"follow","max-snippet":"max-snippet:-1","max-image-preview":"max-image-preview:large","max-video-preview":"max-video-preview:-1"},"canonical":"https:\/\/heerenveenlokaal.nl\/fy\/heerenveen-lokaal-stelt-vragen-over-ontwikkelingen-voormalige-j-b-kanschool-in-jubbega\/","og_locale":"en_US","og_type":"article","og_title":"Heerenveen Lokaal stelt vragen over ontwikkelingen voormalige J.B. Kanschool in Jubbega - Politiek Heerenveen - Heerenveen Lokaal","og_description":"Heerenveen Lokaal stelt vragen over de toekomst van de voormalige J.B. Kanschool in Jubbega. Kom naar de informatieavond op 11 september voor antwoorden over sloop, ecologische onderzoeken, woningbouw en meer","og_url":"https:\/\/heerenveenlokaal.nl\/fy\/heerenveen-lokaal-stelt-vragen-over-ontwikkelingen-voormalige-j-b-kanschool-in-jubbega\/","og_site_name":"Politiek Heerenveen - Heerenveen Lokaal","article_published_time":"2025-08-28T14:14:14+00:00","article_modified_time":"2025-08-28T14:31:59+00:00","og_image":[{"width":2560,"height":1920,"url":"https:\/\/heerenveenlokaal.nl\/wp-content\/uploads\/2025\/08\/jb-kanschool-jubbega-aangezicht-heerenveen-lokaal-scaled.jpg","type":"image\/jpeg"}],"author":"Heerenveen Lokaal","twitter_card":"summary_large_image","twitter_misc":{"Skreaun troch":"Heerenveen Lokaal","Est. l\u00eastiid":"2 minuten"},"schema":{"@context":"https:\/\/schema.org","@graph":[{"@type":"Article","@id":"https:\/\/heerenveenlokaal.nl\/heerenveen-lokaal-stelt-vragen-over-ontwikkelingen-voormalige-j-b-kanschool-in-jubbega\/#article","isPartOf":{"@id":"https:\/\/heerenveenlokaal.nl\/heerenveen-lokaal-stelt-vragen-over-ontwikkelingen-voormalige-j-b-kanschool-in-jubbega\/"},"author":{"name":"Heerenveen Lokaal","@id":"https:\/\/heerenveenlokaal.nl\/#\/schema\/person\/98668054f6b5255c57eb8070a7495491"},"headline":"Heerenveen Lokaal stelt vragen over ontwikkelingen voormalige J.B. Kanschool in Jubbega","datePublished":"2025-08-28T14:14:14+00:00","dateModified":"2025-08-28T14:31:59+00:00","mainEntityOfPage":{"@id":"https:\/\/heerenveenlokaal.nl\/heerenveen-lokaal-stelt-vragen-over-ontwikkelingen-voormalige-j-b-kanschool-in-jubbega\/"},"wordCount":230,"publisher":{"@id":"https:\/\/heerenveenlokaal.nl\/#organization"},"image":{"@id":"https:\/\/heerenveenlokaal.nl\/heerenveen-lokaal-stelt-vragen-over-ontwikkelingen-voormalige-j-b-kanschool-in-jubbega\/#primaryimage"},"thumbnailUrl":"https:\/\/heerenveenlokaal.nl\/wp-content\/uploads\/2025\/08\/jb-kanschool-jubbega-aangezicht-heerenveen-lokaal-scaled.jpg","keywords":["#maakonsgroot","Heerenveen lokaal","jubbega","politiek heerenveen","woningbouw jubbega"],"articleSection":["Nieuws"],"inLanguage":"fy"},{"@type":"WebPage","@id":"https:\/\/heerenveenlokaal.nl\/heerenveen-lokaal-stelt-vragen-over-ontwikkelingen-voormalige-j-b-kanschool-in-jubbega\/","url":"https:\/\/heerenveenlokaal.nl\/heerenveen-lokaal-stelt-vragen-over-ontwikkelingen-voormalige-j-b-kanschool-in-jubbega\/","name":"Heerenveen Lokaal stelt vragen over ontwikkelingen voormalige J.B. Kanschool in Jubbega - Politiek Heerenveen - Heerenveen Lokaal","isPartOf":{"@id":"https:\/\/heerenveenlokaal.nl\/#website"},"primaryImageOfPage":{"@id":"https:\/\/heerenveenlokaal.nl\/heerenveen-lokaal-stelt-vragen-over-ontwikkelingen-voormalige-j-b-kanschool-in-jubbega\/#primaryimage"},"image":{"@id":"https:\/\/heerenveenlokaal.nl\/heerenveen-lokaal-stelt-vragen-over-ontwikkelingen-voormalige-j-b-kanschool-in-jubbega\/#primaryimage"},"thumbnailUrl":"https:\/\/heerenveenlokaal.nl\/wp-content\/uploads\/2025\/08\/jb-kanschool-jubbega-aangezicht-heerenveen-lokaal-scaled.jpg","datePublished":"2025-08-28T14:14:14+00:00","dateModified":"2025-08-28T14:31:59+00:00","description":"Hearrenfean Lokaal stelt fragen oer de takomst fan de eardere JB Kanskoalle yn Jubbega. Kom nei de ynformaasjej\u00fbn op 11 septimber foar antwurden oer sloop, ekologyske st\u00fadzjes, h\u00fasfesting en mear.","breadcrumb":{"@id":"https:\/\/heerenveenlokaal.nl\/heerenveen-lokaal-stelt-vragen-over-ontwikkelingen-voormalige-j-b-kanschool-in-jubbega\/#breadcrumb"},"inLanguage":"fy","potentialAction":[{"@type":"ReadAction","target":["https:\/\/heerenveenlokaal.nl\/heerenveen-lokaal-stelt-vragen-over-ontwikkelingen-voormalige-j-b-kanschool-in-jubbega\/"]}]},{"@type":"ImageObject","inLanguage":"fy","@id":"https:\/\/heerenveenlokaal.nl\/heerenveen-lokaal-stelt-vragen-over-ontwikkelingen-voormalige-j-b-kanschool-in-jubbega\/#primaryimage","url":"https:\/\/heerenveenlokaal.nl\/wp-content\/uploads\/2025\/08\/jb-kanschool-jubbega-aangezicht-heerenveen-lokaal-scaled.jpg","contentUrl":"https:\/\/heerenveenlokaal.nl\/wp-content\/uploads\/2025\/08\/jb-kanschool-jubbega-aangezicht-heerenveen-lokaal-scaled.jpg","width":2560,"height":1920,"caption":"Heerenveen Lokaal stelt vragen over ontwikkelingen voormalige J.B. Kanschool in Jubbega"},{"@type":"BreadcrumbList","@id":"https:\/\/heerenveenlokaal.nl\/heerenveen-lokaal-stelt-vragen-over-ontwikkelingen-voormalige-j-b-kanschool-in-jubbega\/#breadcrumb","itemListElement":[{"@type":"ListItem","position":1,"name":"Home","item":"https:\/\/heerenveenlokaal.nl\/"},{"@type":"ListItem","position":2,"name":"Heerenveen Lokaal stelt vragen over ontwikkelingen voormalige J.B. Kanschool in Jubbega"}]},{"@type":"WebSite","@id":"https:\/\/heerenveenlokaal.nl\/#website","url":"https:\/\/heerenveenlokaal.nl\/","name":"Politiek Heerenveen - Heerenveen Lokaal","description":"","publisher":{"@id":"https:\/\/heerenveenlokaal.nl\/#organization"},"potentialAction":[{"@type":"SearchAction","target":{"@type":"EntryPoint","urlTemplate":"https:\/\/heerenveenlokaal.nl\/?s={search_term_string}"},"query-input":{"@type":"PropertyValueSpecification","valueRequired":true,"valueName":"search_term_string"}}],"inLanguage":"fy"},{"@type":"Organization","@id":"https:\/\/heerenveenlokaal.nl\/#organization","name":"Politiek Heerenveen - Heerenveen Lokaal","url":"https:\/\/heerenveenlokaal.nl\/","logo":{"@type":"ImageObject","inLanguage":"fy","@id":"https:\/\/heerenveenlokaal.nl\/#\/schema\/logo\/image\/","url":"https:\/\/heerenveenlokaal.nl\/wp-content\/uploads\/2019\/05\/cropped-cropped-Logo_Heerenveen_Lokaal_web.jpg","contentUrl":"https:\/\/heerenveenlokaal.nl\/wp-content\/uploads\/2019\/05\/cropped-cropped-Logo_Heerenveen_Lokaal_web.jpg","width":512,"height":512,"caption":"Politiek Heerenveen - Heerenveen Lokaal"},"image":{"@id":"https:\/\/heerenveenlokaal.nl\/#\/schema\/logo\/image\/"}},{"@type":"Person","@id":"https:\/\/heerenveenlokaal.nl\/#\/schema\/person\/98668054f6b5255c57eb8070a7495491","name":"It Hearrenfean Lokaal","image":{"@type":"ImageObject","inLanguage":"fy","@id":"https:\/\/secure.gravatar.com\/avatar\/a4ce14b15561bb0f6dcbd7344ac3b89389066c949bfe8f9866f9c298f28ef103?s=96&d=mm&r=g","url":"https:\/\/secure.gravatar.com\/avatar\/a4ce14b15561bb0f6dcbd7344ac3b89389066c949bfe8f9866f9c298f28ef103?s=96&d=mm&r=g","contentUrl":"https:\/\/secure.gravatar.com\/avatar\/a4ce14b15561bb0f6dcbd7344ac3b89389066c949bfe8f9866f9c298f28ef103?s=96&d=mm&r=g","caption":"Heerenveen Lokaal"},"description":"Heerenveen Lokaal is een dynamisch platform dat zich inzet voor de gemeenschap van Gemeente Heerenveen. Met een focus op lokale politiek, nieuws en evenementen, biedt Heerenveen Lokaal een stem aan de inwoners en bevordert het betrokkenheid en participatie. Ons team bestaat uit gepassioneerde individuen die zich inzetten voor transparantie, informatievoorziening en het versterken van de lokale democratie. Samen streven we naar een Heerenveen waar iedereen gehoord wordt en waar we gezamenlijk werken aan een betere toekomst.","url":"https:\/\/heerenveenlokaal.nl\/fy\/author\/heerenveen-lokaal\/"}]}},"_links":{"self":[{"href":"https:\/\/heerenveenlokaal.nl\/fy\/wp-json\/wp\/v2\/posts\/3966","targetHints":{"allow":["GET"]}}],"collection":[{"href":"https:\/\/heerenveenlokaal.nl\/fy\/wp-json\/wp\/v2\/posts"}],"about":[{"href":"https:\/\/heerenveenlokaal.nl\/fy\/wp-json\/wp\/v2\/types\/post"}],"author":[{"embeddable":true,"href":"https:\/\/heerenveenlokaal.nl\/fy\/wp-json\/wp\/v2\/users\/3"}],"replies":[{"embeddable":true,"href":"https:\/\/heerenveenlokaal.nl\/fy\/wp-json\/wp\/v2\/comments?post=3966"}],"version-history":[{"count":7,"href":"https:\/\/heerenveenlokaal.nl\/fy\/wp-json\/wp\/v2\/posts\/3966\/revisions"}],"predecessor-version":[{"id":3973,"href":"https:\/\/heerenveenlokaal.nl\/fy\/wp-json\/wp\/v2\/posts\/3966\/revisions\/3973"}],"wp:featuredmedia":[{"embeddable":true,"href":"https:\/\/heerenveenlokaal.nl\/fy\/wp-json\/wp\/v2\/media\/3964"}],"wp:attachment":[{"href":"https:\/\/heerenveenlokaal.nl\/fy\/wp-json\/wp\/v2\/media?parent=3966"}],"wp:term":[{"taxonomy":"category","embeddable":true,"href":"https:\/\/heerenveenlokaal.nl\/fy\/wp-json\/wp\/v2\/categories?post=3966"},{"taxonomy":"post_tag","embeddable":true,"href":"https:\/\/heerenveenlokaal.nl\/fy\/wp-json\/wp\/v2\/tags?post=3966"}],"curies":[{"name":"wp","href":"https:\/\/api.w.org\/{rel}","templated":true}]}}