{"id":3983,"date":"2025-08-29T19:52:26","date_gmt":"2025-08-29T17:52:26","guid":{"rendered":"https:\/\/heerenveenlokaal.nl\/?p=3983"},"modified":"2025-08-29T20:02:16","modified_gmt":"2025-08-29T18:02:16","slug":"fatbike-overlast-groeit-college-moet-in-actie-komen","status":"publish","type":"post","link":"https:\/\/heerenveenlokaal.nl\/fy\/fatbike-overlast-groeit-college-moet-in-actie-komen\/","title":{"rendered":"Fatbike-oerl\u00east nimt ta, gemeente moat aksje \u00fbndernimme"},"content":{"rendered":"<div data-elementor-type=\"wp-post\" data-elementor-id=\"3983\" class=\"elementor elementor-3983\" data-elementor-post-type=\"post\">\n\t\t\t\t<div class=\"elementor-element elementor-element-1033a4a e-flex e-con-boxed e-con e-parent\" data-id=\"1033a4a\" data-element_type=\"container\" data-e-type=\"container\">\n\t\t\t\t\t<div class=\"e-con-inner\">\n\t\t\t\t<div class=\"elementor-element elementor-element-c402fd5 elementor-widget elementor-widget-heading\" data-id=\"c402fd5\" data-element_type=\"widget\" data-e-type=\"widget\" data-widget_type=\"heading.default\">\n\t\t\t\t<div class=\"elementor-widget-container\">\n\t\t\t\t\t<h2 class=\"elementor-heading-title elementor-size-default\">Fatbike-oerl\u00east nimt ta, gemeente moat aksje \u00fbndernimme<\/h2>\t\t\t\t<\/div>\n\t\t\t\t<\/div>\n\t\t\t\t\t<\/div>\n\t\t\t\t<\/div>\n\t\t<div class=\"elementor-element elementor-element-b6aa6ca e-flex e-con-boxed e-con e-parent\" data-id=\"b6aa6ca\" data-element_type=\"container\" data-e-type=\"container\">\n\t\t\t\t\t<div class=\"e-con-inner\">\n\t\t\t\t<div class=\"elementor-element elementor-element-1aee7ce elementor-widget elementor-widget-text-editor\" data-id=\"1aee7ce\" data-element_type=\"widget\" data-e-type=\"widget\" data-widget_type=\"text-editor.default\">\n\t\t\t\t<div class=\"elementor-widget-container\">\n\t\t\t\t\t\t\t\t\t<p>De overlast van fatbikes is niet langer alleen een probleem in grote steden: ook in Heerenveen groeit dit uit tot een serieuze bedreiging voor de veiligheid in het centrum. Jongeren die te hard rijden, voetgangers in gevaar brengen, zich niet laten corrigeren \u00e9n met hun fatbike rijden op plekken waar fietsen verboden is, zorgen voor een onveilig gevoel bij inwoners en bezoekers. Heerenveen Lokaal heeft het college daarom gerichte vragen gesteld en eist dat er duidelijke keuzes worden gemaakt voor een stevige aanpak.<\/p>\t\t\t\t\t\t\t\t<\/div>\n\t\t\t\t<\/div>\n\t\t\t\t\t<\/div>\n\t\t\t\t<\/div>\n\t\t<div class=\"elementor-element elementor-element-ee7d2bb e-grid e-con-boxed e-con e-parent\" data-id=\"ee7d2bb\" data-element_type=\"container\" data-e-type=\"container\">\n\t\t\t\t\t<div class=\"e-con-inner\">\n\t\t\t\t<div class=\"elementor-element elementor-element-7a4f38a elementor-widget elementor-widget-image\" data-id=\"7a4f38a\" data-element_type=\"widget\" data-e-type=\"widget\" data-widget_type=\"image.default\">\n\t\t\t\t<div class=\"elementor-widget-container\">\n\t\t\t\t\t\t\t\t\t\t\t\t<figure class=\"wp-caption\">\n\t\t\t\t\t\t\t\t\t\t<img fetchpriority=\"high\" decoding=\"async\" width=\"240\" height=\"300\" src=\"https:\/\/heerenveenlokaal.nl\/wp-content\/uploads\/2025\/08\/fatbike-overlast-240x300.webp\" class=\"attachment-medium size-medium wp-image-3987\" alt=\"Heerenveen Lokaal stelt vragen over fatbike overlast\" srcset=\"https:\/\/heerenveenlokaal.nl\/wp-content\/uploads\/2025\/08\/fatbike-overlast-240x300.webp 240w, https:\/\/heerenveenlokaal.nl\/wp-content\/uploads\/2025\/08\/fatbike-overlast-819x1024.webp 819w, https:\/\/heerenveenlokaal.nl\/wp-content\/uploads\/2025\/08\/fatbike-overlast-768x960.webp 768w, https:\/\/heerenveenlokaal.nl\/wp-content\/uploads\/2025\/08\/fatbike-overlast.webp 1080w\" sizes=\"(max-width: 240px) 100vw, 240px\" \/>\t\t\t\t\t\t\t\t\t\t\t<figcaption class=\"widget-image-caption wp-caption-text\">Willekeurige foto<\/figcaption>\n\t\t\t\t\t\t\t\t\t\t<\/figure>\n\t\t\t\t\t\t\t\t\t<\/div>\n\t\t\t\t<\/div>\n\t\t\t\t<div class=\"elementor-element elementor-element-0dd2a85 elementor-widget elementor-widget-text-editor\" data-id=\"0dd2a85\" data-element_type=\"widget\" data-e-type=\"widget\" data-widget_type=\"text-editor.default\">\n\t\t\t\t<div class=\"elementor-widget-container\">\n\t\t\t\t\t\t\t\t\t<p><em>\u201cWat der al in skoft op oare plakken bart, is no d\u00fadlik te sjen yn \u00fas eigen stedssintrum. Dikke fytsers gedrage har asosjaal, negearje ferkearsregels en ride sels op plakken d\u00ear&#039;t fytsen ferbean is. Dit is net akseptabel. It stedssintrum fan It Hearrenfean moat feilich w\u00eaze foar elkenien. Wy ferwachtsje dat it gemeentebestjoer no in d\u00fadlike koers \u00fatstippelt en dat de earste maatregels gau sichtber wurde.\u201d<\/em><\/p>\t\t\t\t\t\t\t\t<\/div>\n\t\t\t\t<\/div>\n\t\t\t\t\t<\/div>\n\t\t\t\t<\/div>\n\t\t<div class=\"elementor-element elementor-element-eb15df3 e-flex e-con-boxed e-con e-parent\" data-id=\"eb15df3\" data-element_type=\"container\" data-e-type=\"container\">\n\t\t\t\t\t<div class=\"e-con-inner\">\n\t\t\t\t<div class=\"elementor-element elementor-element-37fc9cd elementor-widget elementor-widget-heading\" data-id=\"37fc9cd\" data-element_type=\"widget\" data-e-type=\"widget\" data-widget_type=\"heading.default\">\n\t\t\t\t<div class=\"elementor-widget-container\">\n\t\t\t\t\t<h3 class=\"elementor-heading-title elementor-size-default\">Onveiligheid in het centrum<\/h3>\t\t\t\t<\/div>\n\t\t\t\t<\/div>\n\t\t\t\t<div class=\"elementor-element elementor-element-56ca0d8 elementor-widget elementor-widget-text-editor\" data-id=\"56ca0d8\" data-element_type=\"widget\" data-e-type=\"widget\" data-widget_type=\"text-editor.default\">\n\t\t\t\t<div class=\"elementor-widget-container\">\n\t\t\t\t\t\t\t\t\t<p>Inwoners melden steeds vaker dat zij bijna aangereden worden of zelfs daadwerkelijk worden geraakt door fatbikers. Wie er iets van zegt, wordt uitgelachen of ge\u00efntimideerd. Bovendien wordt er massaal gefietst in zones waar dat niet is toegestaan, wat de overlast en onveiligheid verder vergroot. Volgens Heerenveen Lokaal tast dit niet alleen de leefbaarheid en gastvrijheid van het centrum aan, maar ook het imago van Heerenveen als veilige gemeente.<\/p>\t\t\t\t\t\t\t\t<\/div>\n\t\t\t\t<\/div>\n\t\t\t\t\t<\/div>\n\t\t\t\t<\/div>\n\t\t<div class=\"elementor-element elementor-element-46488dd e-flex e-con-boxed e-con e-parent\" data-id=\"46488dd\" data-element_type=\"container\" data-e-type=\"container\">\n\t\t\t\t\t<div class=\"e-con-inner\">\n\t\t\t\t<div class=\"elementor-element elementor-element-072eaeb elementor-widget elementor-widget-heading\" data-id=\"072eaeb\" data-element_type=\"widget\" data-e-type=\"widget\" data-widget_type=\"heading.default\">\n\t\t\t\t<div class=\"elementor-widget-container\">\n\t\t\t\t\t<h3 class=\"elementor-heading-title elementor-size-default\">Vragen aan het college<\/h3>\t\t\t\t<\/div>\n\t\t\t\t<\/div>\n\t\t\t\t\t<\/div>\n\t\t\t\t<\/div>\n\t\t<div class=\"elementor-element elementor-element-a66c092 e-flex e-con-boxed e-con e-parent\" data-id=\"a66c092\" data-element_type=\"container\" data-e-type=\"container\">\n\t\t\t\t\t<div class=\"e-con-inner\">\n\t\t\t\t<div class=\"elementor-element elementor-element-681cf6f elementor-widget elementor-widget-text-editor\" data-id=\"681cf6f\" data-element_type=\"widget\" data-e-type=\"widget\" data-widget_type=\"text-editor.default\">\n\t\t\t\t<div class=\"elementor-widget-container\">\n\t\t\t\t\t\t\t\t\t<p>Om duidelijkheid te krijgen over de huidige aanpak en verantwoordelijkheden, heeft Heerenveen Lokaal het college gerichte vragen gesteld. Wie draagt de verantwoordelijkheid voor toezicht en handhaving? Welke middelen zijn er nu beschikbaar, zoals snelheidsmetingen of cameratoezicht? En vooral: welke concrete stappen gaat het college zetten om een begin te maken met een structurele aanpak van fatbike-overlast en het gedrag van de berijders?<\/p>\t\t\t\t\t\t\t\t<\/div>\n\t\t\t\t<\/div>\n\t\t\t\t\t<\/div>\n\t\t\t\t<\/div>\n\t\t<div class=\"elementor-element elementor-element-c7c5e68 e-flex e-con-boxed e-con e-parent\" data-id=\"c7c5e68\" data-element_type=\"container\" data-e-type=\"container\">\n\t\t\t\t\t<div class=\"e-con-inner\">\n\t\t\t\t<div class=\"elementor-element elementor-element-9200654 elementor-widget elementor-widget-heading\" data-id=\"9200654\" data-element_type=\"widget\" data-e-type=\"widget\" data-widget_type=\"heading.default\">\n\t\t\t\t<div class=\"elementor-widget-container\">\n\t\t\t\t\t<h3 class=\"elementor-heading-title elementor-size-default\">Tijd voor keuzes<\/h3>\t\t\t\t<\/div>\n\t\t\t\t<\/div>\n\t\t\t\t\t<\/div>\n\t\t\t\t<\/div>\n\t\t<div class=\"elementor-element elementor-element-e0381ae e-flex e-con-boxed e-con e-parent\" data-id=\"e0381ae\" data-element_type=\"container\" data-e-type=\"container\">\n\t\t\t\t\t<div class=\"e-con-inner\">\n\t\t\t\t<div class=\"elementor-element elementor-element-5327d76 elementor-widget elementor-widget-text-editor\" data-id=\"5327d76\" data-element_type=\"widget\" data-e-type=\"widget\" data-widget_type=\"text-editor.default\">\n\t\t\t\t<div class=\"elementor-widget-container\">\n\t\t\t\t\t\t\t\t\t<p>Voor Heerenveen Lokaal is duidelijk dat het probleem niet langer vooruitgeschoven kan worden. Meer toezicht, gerichte handhaving en \u2013 waar nodig \u2013 nieuwe instrumenten zoals cameratoezicht zijn noodzakelijk. De zorgen van inwoners, winkeliers en bezoekers zijn te talrijk en te dringend om te negeren.<\/p><p><em>Heerenveen Lokaal zal dit onderwerp blijven agenderen totdat er vanuit het college duidelijke keuzes worden gemaakt en er een zichtbare verbetering optreedt in de veiligheid van het centrum.<\/em><\/p>\t\t\t\t\t\t\t\t<\/div>\n\t\t\t\t<\/div>\n\t\t\t\t\t<\/div>\n\t\t\t\t<\/div>\n\t\t<div class=\"elementor-element elementor-element-76bcca9 e-flex e-con-boxed e-con e-parent\" data-id=\"76bcca9\" data-element_type=\"container\" data-e-type=\"container\">\n\t\t\t\t\t<div class=\"e-con-inner\">\n\t\t\t\t<div class=\"elementor-element elementor-element-faecfbf elementor-widget elementor-widget-button\" data-id=\"faecfbf\" data-element_type=\"widget\" data-e-type=\"widget\" data-widget_type=\"button.default\">\n\t\t\t\t<div class=\"elementor-widget-container\">\n\t\t\t\t\t\t\t\t\t<div class=\"elementor-button-wrapper\">\n\t\t\t\t\t<a class=\"elementor-button elementor-button-link elementor-size-sm\" href=\"https:\/\/heerenveenlokaal.nl\/wp-content\/uploads\/2025\/08\/Technische-vragen-Heerenveen-Lokaal-fatbikes-en-centrum-Heerenveen.pdf\">\n\t\t\t\t\t\t<span class=\"elementor-button-content-wrapper\">\n\t\t\t\t\t\t\t\t\t<span class=\"elementor-button-text\">Bekijk hier alle vragen<\/span>\n\t\t\t\t\t<\/span>\n\t\t\t\t\t<\/a>\n\t\t\t\t<\/div>\n\t\t\t\t\t\t\t\t<\/div>\n\t\t\t\t<\/div>\n\t\t\t\t\t<\/div>\n\t\t\t\t<\/div>\n\t\t\t\t<\/div>","protected":false},"excerpt":{"rendered":"<p>\u201cWat der al in skoft op oare plakken bart, is no d\u00fadlik te sjen yn \u00fas eigen stedssintrum. Dikke fytsers gedrage har asosjaal, negearje ferkearsregels en ride sels op plakken d\u00ear&#039;t fytsen ferbean is. Dit is net akseptabel. It stedssintrum fan It Hearrenfean moat feilich w\u00eaze foar elkenien. Wy ferwachtsje dat it gemeentebestjoer no in d\u00fadlike koers \u00fatstippelt en dat de earste maatregels gau sichtber wurde.\u201d<\/p>","protected":false},"author":3,"featured_media":3987,"comment_status":"closed","ping_status":"open","sticky":false,"template":"","format":"standard","meta":{"_acf_changed":false,"mc4wp_mailchimp_campaign":[],"footnotes":""},"categories":[13],"tags":[14,232,54,78],"class_list":["post-3983","post","type-post","status-publish","format-standard","has-post-thumbnail","hentry","category-nieuws","tag-maakonsgroot","tag-fatbike","tag-heerenveen-lokaal","tag-politiek-heerenveen"],"acf":[],"yoast_head":"<!-- This site is optimized with the Yoast SEO plugin v27.4 - https:\/\/yoast.com\/product\/yoast-seo-wordpress\/ -->\n<title>Fatbike-overlast groeit, college moet in actie komen - Politiek Heerenveen - Heerenveen Lokaal<\/title>\n<meta name=\"description\" content=\"&quot;Ervaar de groeiende overlast van fatbikes in Heerenveen. Heerenveen Lokaal roept het college op tot actie om de veiligheid in het centrum te waarborgen. Lees meer over de maatregelen en de dringende oproep voor een veilige omgeving.&quot;\" \/>\n<meta name=\"robots\" content=\"index, follow, max-snippet:-1, max-image-preview:large, max-video-preview:-1\" \/>\n<link rel=\"canonical\" href=\"https:\/\/heerenveenlokaal.nl\/fy\/fatbike-overlast-groeit-college-moet-in-actie-komen\/\" \/>\n<meta property=\"og:locale\" content=\"en_US\" \/>\n<meta property=\"og:type\" content=\"article\" \/>\n<meta property=\"og:title\" content=\"Fatbike-overlast groeit, college moet in actie komen - Politiek Heerenveen - Heerenveen Lokaal\" \/>\n<meta property=\"og:description\" content=\"&quot;Ervaar de groeiende overlast van fatbikes in Heerenveen. Heerenveen Lokaal roept het college op tot actie om de veiligheid in het centrum te waarborgen. Lees meer over de maatregelen en de dringende oproep voor een veilige omgeving.&quot;\" \/>\n<meta property=\"og:url\" content=\"https:\/\/heerenveenlokaal.nl\/fy\/fatbike-overlast-groeit-college-moet-in-actie-komen\/\" \/>\n<meta property=\"og:site_name\" content=\"Politiek Heerenveen - Heerenveen Lokaal\" \/>\n<meta property=\"article:published_time\" content=\"2025-08-29T17:52:26+00:00\" \/>\n<meta property=\"article:modified_time\" content=\"2025-08-29T18:02:16+00:00\" \/>\n<meta property=\"og:image\" content=\"https:\/\/heerenveenlokaal.nl\/wp-content\/uploads\/2025\/08\/fatbike-overlast.webp\" \/>\n\t<meta property=\"og:image:width\" content=\"1080\" \/>\n\t<meta property=\"og:image:height\" content=\"1350\" \/>\n\t<meta property=\"og:image:type\" content=\"image\/webp\" \/>\n<meta name=\"author\" content=\"Heerenveen Lokaal\" \/>\n<meta name=\"twitter:card\" content=\"summary_large_image\" \/>\n<meta name=\"twitter:label1\" content=\"Skreaun troch\" \/>\n\t<meta name=\"twitter:data1\" content=\"Heerenveen Lokaal\" \/>\n\t<meta name=\"twitter:label2\" content=\"Est. l\u00eastiid\" \/>\n\t<meta name=\"twitter:data2\" content=\"3 minuten\" \/>\n<script type=\"application\/ld+json\" class=\"yoast-schema-graph\">{\"@context\":\"https:\\\/\\\/schema.org\",\"@graph\":[{\"@type\":\"Article\",\"@id\":\"https:\\\/\\\/heerenveenlokaal.nl\\\/fatbike-overlast-groeit-college-moet-in-actie-komen\\\/#article\",\"isPartOf\":{\"@id\":\"https:\\\/\\\/heerenveenlokaal.nl\\\/fatbike-overlast-groeit-college-moet-in-actie-komen\\\/\"},\"author\":{\"name\":\"Heerenveen Lokaal\",\"@id\":\"https:\\\/\\\/heerenveenlokaal.nl\\\/#\\\/schema\\\/person\\\/98668054f6b5255c57eb8070a7495491\"},\"headline\":\"Fatbike-overlast groeit, college moet in actie komen\",\"datePublished\":\"2025-08-29T17:52:26+00:00\",\"dateModified\":\"2025-08-29T18:02:16+00:00\",\"mainEntityOfPage\":{\"@id\":\"https:\\\/\\\/heerenveenlokaal.nl\\\/fatbike-overlast-groeit-college-moet-in-actie-komen\\\/\"},\"wordCount\":377,\"publisher\":{\"@id\":\"https:\\\/\\\/heerenveenlokaal.nl\\\/#organization\"},\"image\":{\"@id\":\"https:\\\/\\\/heerenveenlokaal.nl\\\/fatbike-overlast-groeit-college-moet-in-actie-komen\\\/#primaryimage\"},\"thumbnailUrl\":\"https:\\\/\\\/heerenveenlokaal.nl\\\/wp-content\\\/uploads\\\/2025\\\/08\\\/fatbike-overlast.webp\",\"keywords\":[\"#maakonsgroot\",\"fatbike\",\"Heerenveen lokaal\",\"politiek heerenveen\"],\"articleSection\":[\"Nieuws\"],\"inLanguage\":\"fy\"},{\"@type\":\"WebPage\",\"@id\":\"https:\\\/\\\/heerenveenlokaal.nl\\\/fatbike-overlast-groeit-college-moet-in-actie-komen\\\/\",\"url\":\"https:\\\/\\\/heerenveenlokaal.nl\\\/fatbike-overlast-groeit-college-moet-in-actie-komen\\\/\",\"name\":\"Fatbike-overlast groeit, college moet in actie komen - Politiek Heerenveen - Heerenveen Lokaal\",\"isPartOf\":{\"@id\":\"https:\\\/\\\/heerenveenlokaal.nl\\\/#website\"},\"primaryImageOfPage\":{\"@id\":\"https:\\\/\\\/heerenveenlokaal.nl\\\/fatbike-overlast-groeit-college-moet-in-actie-komen\\\/#primaryimage\"},\"image\":{\"@id\":\"https:\\\/\\\/heerenveenlokaal.nl\\\/fatbike-overlast-groeit-college-moet-in-actie-komen\\\/#primaryimage\"},\"thumbnailUrl\":\"https:\\\/\\\/heerenveenlokaal.nl\\\/wp-content\\\/uploads\\\/2025\\\/08\\\/fatbike-overlast.webp\",\"datePublished\":\"2025-08-29T17:52:26+00:00\",\"dateModified\":\"2025-08-29T18:02:16+00:00\",\"description\":\"\\\"Ervaar de groeiende overlast van fatbikes in Heerenveen. Heerenveen Lokaal roept het college op tot actie om de veiligheid in het centrum te waarborgen. Lees meer over de maatregelen en de dringende oproep voor een veilige omgeving.\\\"\",\"breadcrumb\":{\"@id\":\"https:\\\/\\\/heerenveenlokaal.nl\\\/fatbike-overlast-groeit-college-moet-in-actie-komen\\\/#breadcrumb\"},\"inLanguage\":\"fy\",\"potentialAction\":[{\"@type\":\"ReadAction\",\"target\":[\"https:\\\/\\\/heerenveenlokaal.nl\\\/fatbike-overlast-groeit-college-moet-in-actie-komen\\\/\"]}]},{\"@type\":\"ImageObject\",\"inLanguage\":\"fy\",\"@id\":\"https:\\\/\\\/heerenveenlokaal.nl\\\/fatbike-overlast-groeit-college-moet-in-actie-komen\\\/#primaryimage\",\"url\":\"https:\\\/\\\/heerenveenlokaal.nl\\\/wp-content\\\/uploads\\\/2025\\\/08\\\/fatbike-overlast.webp\",\"contentUrl\":\"https:\\\/\\\/heerenveenlokaal.nl\\\/wp-content\\\/uploads\\\/2025\\\/08\\\/fatbike-overlast.webp\",\"width\":1080,\"height\":1350,\"caption\":\"Heerenveen Lokaal stelt vragen over fatbike overlast\"},{\"@type\":\"BreadcrumbList\",\"@id\":\"https:\\\/\\\/heerenveenlokaal.nl\\\/fatbike-overlast-groeit-college-moet-in-actie-komen\\\/#breadcrumb\",\"itemListElement\":[{\"@type\":\"ListItem\",\"position\":1,\"name\":\"Home\",\"item\":\"https:\\\/\\\/heerenveenlokaal.nl\\\/\"},{\"@type\":\"ListItem\",\"position\":2,\"name\":\"Fatbike-overlast groeit, college moet in actie komen\"}]},{\"@type\":\"WebSite\",\"@id\":\"https:\\\/\\\/heerenveenlokaal.nl\\\/#website\",\"url\":\"https:\\\/\\\/heerenveenlokaal.nl\\\/\",\"name\":\"Politiek Heerenveen - Heerenveen Lokaal\",\"description\":\"\",\"publisher\":{\"@id\":\"https:\\\/\\\/heerenveenlokaal.nl\\\/#organization\"},\"potentialAction\":[{\"@type\":\"SearchAction\",\"target\":{\"@type\":\"EntryPoint\",\"urlTemplate\":\"https:\\\/\\\/heerenveenlokaal.nl\\\/?s={search_term_string}\"},\"query-input\":{\"@type\":\"PropertyValueSpecification\",\"valueRequired\":true,\"valueName\":\"search_term_string\"}}],\"inLanguage\":\"fy\"},{\"@type\":\"Organization\",\"@id\":\"https:\\\/\\\/heerenveenlokaal.nl\\\/#organization\",\"name\":\"Politiek Heerenveen - Heerenveen Lokaal\",\"url\":\"https:\\\/\\\/heerenveenlokaal.nl\\\/\",\"logo\":{\"@type\":\"ImageObject\",\"inLanguage\":\"fy\",\"@id\":\"https:\\\/\\\/heerenveenlokaal.nl\\\/#\\\/schema\\\/logo\\\/image\\\/\",\"url\":\"https:\\\/\\\/heerenveenlokaal.nl\\\/wp-content\\\/uploads\\\/2019\\\/05\\\/cropped-cropped-Logo_Heerenveen_Lokaal_web.jpg\",\"contentUrl\":\"https:\\\/\\\/heerenveenlokaal.nl\\\/wp-content\\\/uploads\\\/2019\\\/05\\\/cropped-cropped-Logo_Heerenveen_Lokaal_web.jpg\",\"width\":512,\"height\":512,\"caption\":\"Politiek Heerenveen - Heerenveen Lokaal\"},\"image\":{\"@id\":\"https:\\\/\\\/heerenveenlokaal.nl\\\/#\\\/schema\\\/logo\\\/image\\\/\"}},{\"@type\":\"Person\",\"@id\":\"https:\\\/\\\/heerenveenlokaal.nl\\\/#\\\/schema\\\/person\\\/98668054f6b5255c57eb8070a7495491\",\"name\":\"Heerenveen Lokaal\",\"image\":{\"@type\":\"ImageObject\",\"inLanguage\":\"fy\",\"@id\":\"https:\\\/\\\/secure.gravatar.com\\\/avatar\\\/a4ce14b15561bb0f6dcbd7344ac3b89389066c949bfe8f9866f9c298f28ef103?s=96&d=mm&r=g\",\"url\":\"https:\\\/\\\/secure.gravatar.com\\\/avatar\\\/a4ce14b15561bb0f6dcbd7344ac3b89389066c949bfe8f9866f9c298f28ef103?s=96&d=mm&r=g\",\"contentUrl\":\"https:\\\/\\\/secure.gravatar.com\\\/avatar\\\/a4ce14b15561bb0f6dcbd7344ac3b89389066c949bfe8f9866f9c298f28ef103?s=96&d=mm&r=g\",\"caption\":\"Heerenveen Lokaal\"},\"description\":\"Heerenveen Lokaal is een dynamisch platform dat zich inzet voor de gemeenschap van Gemeente Heerenveen. Met een focus op lokale politiek, nieuws en evenementen, biedt Heerenveen Lokaal een stem aan de inwoners en bevordert het betrokkenheid en participatie. Ons team bestaat uit gepassioneerde individuen die zich inzetten voor transparantie, informatievoorziening en het versterken van de lokale democratie. Samen streven we naar een Heerenveen waar iedereen gehoord wordt en waar we gezamenlijk werken aan een betere toekomst.\",\"url\":\"https:\\\/\\\/heerenveenlokaal.nl\\\/fy\\\/author\\\/heerenveen-lokaal\\\/\"}]}<\/script>\n<!-- \/ Yoast SEO plugin. -->","yoast_head_json":{"title":"Fatbike-overlast groeit, college moet in actie komen - Politiek Heerenveen - Heerenveen Lokaal","description":"\"Ervaar de groeiende overlast van fatbikes in Heerenveen. Heerenveen Lokaal roept het college op tot actie om de veiligheid in het centrum te waarborgen. Lees meer over de maatregelen en de dringende oproep voor een veilige omgeving.\"","robots":{"index":"index","follow":"follow","max-snippet":"max-snippet:-1","max-image-preview":"max-image-preview:large","max-video-preview":"max-video-preview:-1"},"canonical":"https:\/\/heerenveenlokaal.nl\/fy\/fatbike-overlast-groeit-college-moet-in-actie-komen\/","og_locale":"en_US","og_type":"article","og_title":"Fatbike-overlast groeit, college moet in actie komen - Politiek Heerenveen - Heerenveen Lokaal","og_description":"\"Ervaar de groeiende overlast van fatbikes in Heerenveen. Heerenveen Lokaal roept het college op tot actie om de veiligheid in het centrum te waarborgen. Lees meer over de maatregelen en de dringende oproep voor een veilige omgeving.\"","og_url":"https:\/\/heerenveenlokaal.nl\/fy\/fatbike-overlast-groeit-college-moet-in-actie-komen\/","og_site_name":"Politiek Heerenveen - Heerenveen Lokaal","article_published_time":"2025-08-29T17:52:26+00:00","article_modified_time":"2025-08-29T18:02:16+00:00","og_image":[{"width":1080,"height":1350,"url":"https:\/\/heerenveenlokaal.nl\/wp-content\/uploads\/2025\/08\/fatbike-overlast.webp","type":"image\/webp"}],"author":"Heerenveen Lokaal","twitter_card":"summary_large_image","twitter_misc":{"Skreaun troch":"Heerenveen Lokaal","Est. l\u00eastiid":"3 minuten"},"schema":{"@context":"https:\/\/schema.org","@graph":[{"@type":"Article","@id":"https:\/\/heerenveenlokaal.nl\/fatbike-overlast-groeit-college-moet-in-actie-komen\/#article","isPartOf":{"@id":"https:\/\/heerenveenlokaal.nl\/fatbike-overlast-groeit-college-moet-in-actie-komen\/"},"author":{"name":"Heerenveen Lokaal","@id":"https:\/\/heerenveenlokaal.nl\/#\/schema\/person\/98668054f6b5255c57eb8070a7495491"},"headline":"Fatbike-overlast groeit, college moet in actie komen","datePublished":"2025-08-29T17:52:26+00:00","dateModified":"2025-08-29T18:02:16+00:00","mainEntityOfPage":{"@id":"https:\/\/heerenveenlokaal.nl\/fatbike-overlast-groeit-college-moet-in-actie-komen\/"},"wordCount":377,"publisher":{"@id":"https:\/\/heerenveenlokaal.nl\/#organization"},"image":{"@id":"https:\/\/heerenveenlokaal.nl\/fatbike-overlast-groeit-college-moet-in-actie-komen\/#primaryimage"},"thumbnailUrl":"https:\/\/heerenveenlokaal.nl\/wp-content\/uploads\/2025\/08\/fatbike-overlast.webp","keywords":["#maakonsgroot","fatbike","Heerenveen lokaal","politiek heerenveen"],"articleSection":["Nieuws"],"inLanguage":"fy"},{"@type":"WebPage","@id":"https:\/\/heerenveenlokaal.nl\/fatbike-overlast-groeit-college-moet-in-actie-komen\/","url":"https:\/\/heerenveenlokaal.nl\/fatbike-overlast-groeit-college-moet-in-actie-komen\/","name":"Fatbike-overlast groeit, college moet in actie komen - Politiek Heerenveen - Heerenveen Lokaal","isPartOf":{"@id":"https:\/\/heerenveenlokaal.nl\/#website"},"primaryImageOfPage":{"@id":"https:\/\/heerenveenlokaal.nl\/fatbike-overlast-groeit-college-moet-in-actie-komen\/#primaryimage"},"image":{"@id":"https:\/\/heerenveenlokaal.nl\/fatbike-overlast-groeit-college-moet-in-actie-komen\/#primaryimage"},"thumbnailUrl":"https:\/\/heerenveenlokaal.nl\/wp-content\/uploads\/2025\/08\/fatbike-overlast.webp","datePublished":"2025-08-29T17:52:26+00:00","dateModified":"2025-08-29T18:02:16+00:00","description":"\"Ervaar de groeiende overlast van fatbikes in Heerenveen. Heerenveen Lokaal roept het college op tot actie om de veiligheid in het centrum te waarborgen. Lees meer over de maatregelen en de dringende oproep voor een veilige omgeving.\"","breadcrumb":{"@id":"https:\/\/heerenveenlokaal.nl\/fatbike-overlast-groeit-college-moet-in-actie-komen\/#breadcrumb"},"inLanguage":"fy","potentialAction":[{"@type":"ReadAction","target":["https:\/\/heerenveenlokaal.nl\/fatbike-overlast-groeit-college-moet-in-actie-komen\/"]}]},{"@type":"ImageObject","inLanguage":"fy","@id":"https:\/\/heerenveenlokaal.nl\/fatbike-overlast-groeit-college-moet-in-actie-komen\/#primaryimage","url":"https:\/\/heerenveenlokaal.nl\/wp-content\/uploads\/2025\/08\/fatbike-overlast.webp","contentUrl":"https:\/\/heerenveenlokaal.nl\/wp-content\/uploads\/2025\/08\/fatbike-overlast.webp","width":1080,"height":1350,"caption":"Heerenveen Lokaal stelt vragen over fatbike overlast"},{"@type":"BreadcrumbList","@id":"https:\/\/heerenveenlokaal.nl\/fatbike-overlast-groeit-college-moet-in-actie-komen\/#breadcrumb","itemListElement":[{"@type":"ListItem","position":1,"name":"Home","item":"https:\/\/heerenveenlokaal.nl\/"},{"@type":"ListItem","position":2,"name":"Fatbike-overlast groeit, college moet in actie komen"}]},{"@type":"WebSite","@id":"https:\/\/heerenveenlokaal.nl\/#website","url":"https:\/\/heerenveenlokaal.nl\/","name":"Politiek Heerenveen - Heerenveen Lokaal","description":"","publisher":{"@id":"https:\/\/heerenveenlokaal.nl\/#organization"},"potentialAction":[{"@type":"SearchAction","target":{"@type":"EntryPoint","urlTemplate":"https:\/\/heerenveenlokaal.nl\/?s={search_term_string}"},"query-input":{"@type":"PropertyValueSpecification","valueRequired":true,"valueName":"search_term_string"}}],"inLanguage":"fy"},{"@type":"Organization","@id":"https:\/\/heerenveenlokaal.nl\/#organization","name":"Politiek Heerenveen - Heerenveen Lokaal","url":"https:\/\/heerenveenlokaal.nl\/","logo":{"@type":"ImageObject","inLanguage":"fy","@id":"https:\/\/heerenveenlokaal.nl\/#\/schema\/logo\/image\/","url":"https:\/\/heerenveenlokaal.nl\/wp-content\/uploads\/2019\/05\/cropped-cropped-Logo_Heerenveen_Lokaal_web.jpg","contentUrl":"https:\/\/heerenveenlokaal.nl\/wp-content\/uploads\/2019\/05\/cropped-cropped-Logo_Heerenveen_Lokaal_web.jpg","width":512,"height":512,"caption":"Politiek Heerenveen - Heerenveen Lokaal"},"image":{"@id":"https:\/\/heerenveenlokaal.nl\/#\/schema\/logo\/image\/"}},{"@type":"Person","@id":"https:\/\/heerenveenlokaal.nl\/#\/schema\/person\/98668054f6b5255c57eb8070a7495491","name":"It Hearrenfean Lokaal","image":{"@type":"ImageObject","inLanguage":"fy","@id":"https:\/\/secure.gravatar.com\/avatar\/a4ce14b15561bb0f6dcbd7344ac3b89389066c949bfe8f9866f9c298f28ef103?s=96&d=mm&r=g","url":"https:\/\/secure.gravatar.com\/avatar\/a4ce14b15561bb0f6dcbd7344ac3b89389066c949bfe8f9866f9c298f28ef103?s=96&d=mm&r=g","contentUrl":"https:\/\/secure.gravatar.com\/avatar\/a4ce14b15561bb0f6dcbd7344ac3b89389066c949bfe8f9866f9c298f28ef103?s=96&d=mm&r=g","caption":"Heerenveen Lokaal"},"description":"Heerenveen Lokaal is een dynamisch platform dat zich inzet voor de gemeenschap van Gemeente Heerenveen. Met een focus op lokale politiek, nieuws en evenementen, biedt Heerenveen Lokaal een stem aan de inwoners en bevordert het betrokkenheid en participatie. Ons team bestaat uit gepassioneerde individuen die zich inzetten voor transparantie, informatievoorziening en het versterken van de lokale democratie. Samen streven we naar een Heerenveen waar iedereen gehoord wordt en waar we gezamenlijk werken aan een betere toekomst.","url":"https:\/\/heerenveenlokaal.nl\/fy\/author\/heerenveen-lokaal\/"}]}},"_links":{"self":[{"href":"https:\/\/heerenveenlokaal.nl\/fy\/wp-json\/wp\/v2\/posts\/3983","targetHints":{"allow":["GET"]}}],"collection":[{"href":"https:\/\/heerenveenlokaal.nl\/fy\/wp-json\/wp\/v2\/posts"}],"about":[{"href":"https:\/\/heerenveenlokaal.nl\/fy\/wp-json\/wp\/v2\/types\/post"}],"author":[{"embeddable":true,"href":"https:\/\/heerenveenlokaal.nl\/fy\/wp-json\/wp\/v2\/users\/3"}],"replies":[{"embeddable":true,"href":"https:\/\/heerenveenlokaal.nl\/fy\/wp-json\/wp\/v2\/comments?post=3983"}],"version-history":[{"count":18,"href":"https:\/\/heerenveenlokaal.nl\/fy\/wp-json\/wp\/v2\/posts\/3983\/revisions"}],"predecessor-version":[{"id":4003,"href":"https:\/\/heerenveenlokaal.nl\/fy\/wp-json\/wp\/v2\/posts\/3983\/revisions\/4003"}],"wp:featuredmedia":[{"embeddable":true,"href":"https:\/\/heerenveenlokaal.nl\/fy\/wp-json\/wp\/v2\/media\/3987"}],"wp:attachment":[{"href":"https:\/\/heerenveenlokaal.nl\/fy\/wp-json\/wp\/v2\/media?parent=3983"}],"wp:term":[{"taxonomy":"category","embeddable":true,"href":"https:\/\/heerenveenlokaal.nl\/fy\/wp-json\/wp\/v2\/categories?post=3983"},{"taxonomy":"post_tag","embeddable":true,"href":"https:\/\/heerenveenlokaal.nl\/fy\/wp-json\/wp\/v2\/tags?post=3983"}],"curies":[{"name":"wp","href":"https:\/\/api.w.org\/{rel}","templated":true}]}}