{"id":4093,"date":"2025-09-22T09:16:16","date_gmt":"2025-09-22T07:16:16","guid":{"rendered":"https:\/\/heerenveenlokaal.nl\/?p=4093"},"modified":"2025-09-22T09:35:42","modified_gmt":"2025-09-22T07:35:42","slug":"bezoek-sefaat-moskee-heerenveen","status":"publish","type":"post","link":"https:\/\/heerenveenlokaal.nl\/fy\/bezoek-sefaat-moskee-heerenveen\/","title":{"rendered":"Heerenveen Lokaal besykje de \u015eefaatmoskee"},"content":{"rendered":"<div data-elementor-type=\"wp-post\" data-elementor-id=\"4093\" class=\"elementor elementor-4093\" data-elementor-post-type=\"post\">\n\t\t\t\t<div class=\"elementor-element elementor-element-8de7fb2 e-flex e-con-boxed e-con e-parent\" data-id=\"8de7fb2\" data-element_type=\"container\" data-e-type=\"container\">\n\t\t\t\t\t<div class=\"e-con-inner\">\n\t\t\t\t<div class=\"elementor-element elementor-element-2d14194 elementor-widget elementor-widget-heading\" data-id=\"2d14194\" data-element_type=\"widget\" data-e-type=\"widget\" data-widget_type=\"heading.default\">\n\t\t\t\t<div class=\"elementor-widget-container\">\n\t\t\t\t\t<h1 class=\"elementor-heading-title elementor-size-default\">Heerenveen Lokaal besykje de \u015eefaatmoskee<\/h1>\t\t\t\t<\/div>\n\t\t\t\t<\/div>\n\t\t\t\t\t<\/div>\n\t\t\t\t<\/div>\n\t\t<div class=\"elementor-element elementor-element-ff13725 e-flex e-con-boxed e-con e-parent\" data-id=\"ff13725\" data-element_type=\"container\" data-e-type=\"container\">\n\t\t\t\t\t<div class=\"e-con-inner\">\n\t\t\t\t<div class=\"elementor-element elementor-element-15125e2 elementor-widget elementor-widget-heading\" data-id=\"15125e2\" data-element_type=\"widget\" data-e-type=\"widget\" data-widget_type=\"heading.default\">\n\t\t\t\t<div class=\"elementor-widget-container\">\n\t\t\t\t\t<h4 class=\"elementor-heading-title elementor-size-default\">\ud83d\udccd Ferbining, belutsenens en mienskip yn &#039;e praktyk<\/h4>\t\t\t\t<\/div>\n\t\t\t\t<\/div>\n\t\t\t\t\t<\/div>\n\t\t\t\t<\/div>\n\t\t<div class=\"elementor-element elementor-element-538e06a e-flex e-con-boxed e-con e-parent\" data-id=\"538e06a\" data-element_type=\"container\" data-e-type=\"container\">\n\t\t\t\t\t<div class=\"e-con-inner\">\n\t\t\t\t<div class=\"elementor-element elementor-element-dc6802c elementor-widget elementor-widget-image\" data-id=\"dc6802c\" data-element_type=\"widget\" data-e-type=\"widget\" data-widget_type=\"image.default\">\n\t\t\t\t<div class=\"elementor-widget-container\">\n\t\t\t\t\t\t\t\t\t\t\t\t<figure class=\"wp-caption\">\n\t\t\t\t\t\t\t\t\t\t<img fetchpriority=\"high\" decoding=\"async\" width=\"800\" height=\"600\" src=\"https:\/\/heerenveenlokaal.nl\/wp-content\/uploads\/2025\/09\/bezoek-moskee-Heerenveen-e1758525128884-1024x768.webp\" class=\"attachment-large size-large wp-image-4095\" alt=\"Bezoekers genieten van de najaarsbraderie bij de \u015eefaat Moskee in Heerenveen, met kleurrijke kraampjes, gerechten en ontmoetingen in een warme sfeer.\" srcset=\"https:\/\/heerenveenlokaal.nl\/wp-content\/uploads\/2025\/09\/bezoek-moskee-Heerenveen-e1758525128884-1024x768.webp 1024w, https:\/\/heerenveenlokaal.nl\/wp-content\/uploads\/2025\/09\/bezoek-moskee-Heerenveen-e1758525128884-300x225.webp 300w, https:\/\/heerenveenlokaal.nl\/wp-content\/uploads\/2025\/09\/bezoek-moskee-Heerenveen-e1758525128884-768x576.webp 768w, https:\/\/heerenveenlokaal.nl\/wp-content\/uploads\/2025\/09\/bezoek-moskee-Heerenveen-e1758525128884.webp 1200w\" sizes=\"(max-width: 800px) 100vw, 800px\" \/>\t\t\t\t\t\t\t\t\t\t\t<figcaption class=\"widget-image-caption wp-caption-text\">op de foto \u00d6mer Hanedan, Serkan Hanedan en Masite Ersoy Jeltsje vd Schaar en Age Hartsuiker<\/figcaption>\n\t\t\t\t\t\t\t\t\t\t<\/figure>\n\t\t\t\t\t\t\t\t\t<\/div>\n\t\t\t\t<\/div>\n\t\t\t\t\t<\/div>\n\t\t\t\t<\/div>\n\t\t<div class=\"elementor-element elementor-element-3415e43 e-flex e-con-boxed e-con e-parent\" data-id=\"3415e43\" data-element_type=\"container\" data-e-type=\"container\">\n\t\t\t\t\t<div class=\"e-con-inner\">\n\t\t\t\t<div class=\"elementor-element elementor-element-e549972 elementor-widget elementor-widget-text-editor\" data-id=\"e549972\" data-element_type=\"widget\" data-e-type=\"widget\" data-widget_type=\"text-editor.default\">\n\t\t\t\t<div class=\"elementor-widget-container\">\n\t\t\t\t\t\t\t\t\t<p><strong>Sneintemiddei, 21 septimber<\/strong> \u00fas riedsleden Jeltsje van der Schaar, Age Hartsuiker en stypjend fraksjelid Jan de Haan besochten de iepen dei fan de <strong>\u015eefaat Moskee yn It Hearrenfean<\/strong>. It Hearrenfean Lokaal praat graach mei ynwenners fan it Hearrenfean - yn harren strjitte, buert, wyk of doarp - en dizze middei bea in prachtige k\u00e2ns om elkoar te moetsjen.<\/p>\t\t\t\t\t\t\t\t<\/div>\n\t\t\t\t<\/div>\n\t\t\t\t\t<\/div>\n\t\t\t\t<\/div>\n\t\t<div class=\"elementor-element elementor-element-ca2f1c1 e-flex e-con-boxed e-con e-parent\" data-id=\"ca2f1c1\" data-element_type=\"container\" data-e-type=\"container\">\n\t\t\t\t\t<div class=\"e-con-inner\">\n\t\t\t\t<div class=\"elementor-element elementor-element-54b2937 elementor-widget elementor-widget-text-editor\" data-id=\"54b2937\" data-element_type=\"widget\" data-e-type=\"widget\" data-widget_type=\"text-editor.default\">\n\t\t\t\t<div class=\"elementor-widget-container\">\n\t\t\t\t\t\t\t\t\t<h2>Gastfrijenskip en gearkomste<\/h2><p>De doarren fan &#039;e moskee stiene wiid iepen en der hing in sfearfolle sfear yn it b\u00fbtengebiet. <strong>hjerstmerk<\/strong> De lekkerste gerjochten en produkten waarden taret en ferkocht, en lykas altyd waarden wy mei iepen earms \u00fbntfongen troch de gastfrije Turkske mienskip. Wy hawwe in protte kunde moete en nijsgjirrige petearen h\u00e2n oer ferskate \u00fbnderwerpen, lykas <strong>h\u00fasfesting, feiligens, ymmigraasje, wurk en gesinslibben<\/strong>.<\/p><p>Wat \u00fas altyd yndruk makket, is it waarme en hertlike wolkom dat wy hjir krije.<\/p>\t\t\t\t\t\t\t\t<\/div>\n\t\t\t\t<\/div>\n\t\t\t\t\t<\/div>\n\t\t\t\t<\/div>\n\t\t<div class=\"elementor-element elementor-element-570c66b e-flex e-con-boxed e-con e-parent\" data-id=\"570c66b\" data-element_type=\"container\" data-e-type=\"container\">\n\t\t\t\t\t<div class=\"e-con-inner\">\n\t\t\t\t<div class=\"elementor-element elementor-element-f16f35f elementor-widget elementor-widget-text-editor\" data-id=\"f16f35f\" data-element_type=\"widget\" data-e-type=\"widget\" data-widget_type=\"text-editor.default\">\n\t\t\t\t<div class=\"elementor-widget-container\">\n\t\t\t\t\t\t\t\t\t<h2>De rol fan &#039;e \u015eefaatmoskee yn It Hearrenfean<\/h2><p>De \u015eefaatmoskee waard ein jierren &#039;70 stifte troch de Turkske mienskip yn It Hearrenfean, dy&#039;t doe in permaninte plak nedich hie foar gebed en religieuze aktiviteiten. De moskee ferfollet no in folle bredere rol:<\/p><ul><li><p>Deistige en feestlike gebedstsjinsten<\/p><\/li><li><p>Underwiis foar bern en folwoeksenen (lykas Koranlessen)<\/p><\/li><li><p>Kulturele en sosjale aktiviteiten foar famyljes<\/p><\/li><li><p>Gearwurking mei maatskiplike organisaasjes lykas de voedselbank<\/p><\/li><li><p>F\u00fbnssammelingsaksjes foar slachtoffers fan rampen lykas de ierdbevings yn Turkije en Syri\u00eb<\/p><\/li><\/ul>\t\t\t\t\t\t\t\t<\/div>\n\t\t\t\t<\/div>\n\t\t\t\t\t<\/div>\n\t\t\t\t<\/div>\n\t\t<div class=\"elementor-element elementor-element-f108697 e-flex e-con-boxed e-con e-parent\" data-id=\"f108697\" data-element_type=\"container\" data-e-type=\"container\">\n\t\t\t\t\t<div class=\"e-con-inner\">\n\t\t\t\t<div class=\"elementor-element elementor-element-0b093a8 elementor-widget elementor-widget-text-editor\" data-id=\"0b093a8\" data-element_type=\"widget\" data-e-type=\"widget\" data-widget_type=\"text-editor.default\">\n\t\t\t\t<div class=\"elementor-widget-container\">\n\t\t\t\t\t\t\t\t\t<h2>Mienskip tegearre bouwe<\/h2><p>Tidens de iepen dei seagen wy in protte buorlju delkomme, dy&#039;t, lykas wy, genoaten fan it lekkere iten en de freonlike sfear. De moskee draacht troch har aktiviteiten by oan in sterke <strong>sosjale gearhing<\/strong> en lit sjen hoe weardefol it is om byinoar te kommen, inoar te learen kennen en foar inoar te soargjen.<\/p><p>Dit binne wichtige wearden foar Heerenveen Lokaal: <strong>ferbining, belutsenens en mienskip<\/strong>. De \u015eefaat-moskee is in prachtich foarbyld fan hoe&#039;t dizze wearden yn &#039;e praktyk brocht wurde.<\/p>\t\t\t\t\t\t\t\t<\/div>\n\t\t\t\t<\/div>\n\t\t\t\t\t<\/div>\n\t\t\t\t<\/div>\n\t\t<div class=\"elementor-element elementor-element-e79a2f7 e-flex e-con-boxed e-con e-parent\" data-id=\"e79a2f7\" data-element_type=\"container\" data-e-type=\"container\">\n\t\t\t\t\t<div class=\"e-con-inner\">\n\t\t\t\t<div class=\"elementor-element elementor-element-b2839c0 elementor-widget elementor-widget-text-editor\" data-id=\"b2839c0\" data-element_type=\"widget\" data-e-type=\"widget\" data-widget_type=\"text-editor.default\">\n\t\t\t\t<div class=\"elementor-widget-container\">\n\t\t\t\t\t\t\t\t\t<h2>D\u00fbbel genietsje<\/h2><p>Uteinlik, ja, wy namen \u00fas boadskippentassen mei nei h\u00fbs fol mei hearlike tradisjonele gerjochten - it wie d\u00fbbel sa leuk! \ud83d\ude09<\/p>\t\t\t\t\t\t\t\t<\/div>\n\t\t\t\t<\/div>\n\t\t\t\t\t<\/div>\n\t\t\t\t<\/div>\n\t\t<div class=\"elementor-element elementor-element-23251bc e-flex e-con-boxed e-con e-parent\" data-id=\"23251bc\" data-element_type=\"container\" data-e-type=\"container\">\n\t\t\t\t\t<div class=\"e-con-inner\">\n\t\t\t\t<div class=\"elementor-element elementor-element-7ed753d elementor-widget elementor-widget-text-editor\" data-id=\"7ed753d\" data-element_type=\"widget\" data-e-type=\"widget\" data-widget_type=\"text-editor.default\">\n\t\t\t\t<div class=\"elementor-widget-container\">\n\t\t\t\t\t\t\t\t\t<h4><a href=\"https:\/\/heerenveenlokaal.nl\/heerenveen-lokaal-aanwezig-bij-wijken-en-dorpenbijeenkomst-2025\/\">L\u00eas mear oer hoe&#039;t Heerenveen Lokaal wurket oan ferbining en mienskip<\/a><\/h4>\t\t\t\t\t\t\t\t<\/div>\n\t\t\t\t<\/div>\n\t\t\t\t\t<\/div>\n\t\t\t\t<\/div>\n\t\t\t\t<\/div>","protected":false},"excerpt":{"rendered":"<p>Op snein 21 septimber besocht Heerenveen Lokaal de iepen dei yn &#039;e \u015eefaat Moskee yn Heerenveen. In waarm wolkom fan &#039;e Turkske mienskip begroete \u00fas riedsleden doe&#039;t se h\u00fasfesting, wurkgelegenheid en mienskip besprutsen, en genoaten fan hearlike gerjochten op &#039;e hjerstmerk. De moskee lit sjen hoe&#039;t religy, \u00fbnderwiis en sosjale belutsenens gearkomme yn in sterk ferb\u00fbne mienskip.<\/p>","protected":false},"author":3,"featured_media":4095,"comment_status":"closed","ping_status":"open","sticky":false,"template":"","format":"standard","meta":{"_acf_changed":false,"mc4wp_mailchimp_campaign":[],"footnotes":""},"categories":[13],"tags":[221,52,220,245,243,246,244,242],"class_list":["post-4093","post","type-post","status-publish","format-standard","has-post-thumbnail","hentry","category-nieuws","tag-friesland","tag-heerenveen","tag-lokale-politiek","tag-mienskip","tag-sefaat-moskee","tag-sociale-samenhang","tag-turkse-gemeenschap","tag-wijkbezoek"],"acf":[],"yoast_head":"<!-- This site is optimized with the Yoast SEO plugin v27.4 - https:\/\/yoast.com\/product\/yoast-seo-wordpress\/ -->\n<title>Heerenveen Lokaal op bezoek bij de \u015eefaat Moskee - Politiek Heerenveen - Heerenveen Lokaal<\/title>\n<meta name=\"description\" content=\"Heerenveen Lokaal bezoekt de \u015eefaat Moskee tijdens de open dag. Een middag vol ontmoeting, verbinding en heerlijke gerechten in hartje Heerenveen\" \/>\n<meta name=\"robots\" content=\"index, follow, max-snippet:-1, max-image-preview:large, max-video-preview:-1\" \/>\n<link rel=\"canonical\" href=\"https:\/\/heerenveenlokaal.nl\/fy\/bezoek-sefaat-moskee-heerenveen\/\" \/>\n<meta property=\"og:locale\" content=\"en_US\" \/>\n<meta property=\"og:type\" content=\"article\" \/>\n<meta property=\"og:title\" content=\"Heerenveen Lokaal op bezoek bij de \u015eefaat Moskee - Politiek Heerenveen - Heerenveen Lokaal\" \/>\n<meta property=\"og:description\" content=\"Heerenveen Lokaal bezoekt de \u015eefaat Moskee tijdens de open dag. Een middag vol ontmoeting, verbinding en heerlijke gerechten in hartje Heerenveen\" \/>\n<meta property=\"og:url\" content=\"https:\/\/heerenveenlokaal.nl\/fy\/bezoek-sefaat-moskee-heerenveen\/\" \/>\n<meta property=\"og:site_name\" content=\"Politiek Heerenveen - Heerenveen Lokaal\" \/>\n<meta property=\"article:published_time\" content=\"2025-09-22T07:16:16+00:00\" \/>\n<meta property=\"article:modified_time\" content=\"2025-09-22T07:35:42+00:00\" \/>\n<meta property=\"og:image\" content=\"https:\/\/heerenveenlokaal.nl\/wp-content\/uploads\/2025\/09\/bezoek-moskee-Heerenveen-e1758525128884.webp\" \/>\n\t<meta property=\"og:image:width\" content=\"1200\" \/>\n\t<meta property=\"og:image:height\" content=\"900\" \/>\n\t<meta property=\"og:image:type\" content=\"image\/webp\" \/>\n<meta name=\"author\" content=\"Heerenveen Lokaal\" \/>\n<meta name=\"twitter:card\" content=\"summary_large_image\" \/>\n<meta name=\"twitter:label1\" content=\"Skreaun troch\" \/>\n\t<meta name=\"twitter:data1\" content=\"Heerenveen Lokaal\" \/>\n\t<meta name=\"twitter:label2\" content=\"Est. l\u00eastiid\" \/>\n\t<meta name=\"twitter:data2\" content=\"3 minuten\" \/>\n<script type=\"application\/ld+json\" class=\"yoast-schema-graph\">{\"@context\":\"https:\\\/\\\/schema.org\",\"@graph\":[{\"@type\":\"Article\",\"@id\":\"https:\\\/\\\/heerenveenlokaal.nl\\\/bezoek-sefaat-moskee-heerenveen\\\/#article\",\"isPartOf\":{\"@id\":\"https:\\\/\\\/heerenveenlokaal.nl\\\/bezoek-sefaat-moskee-heerenveen\\\/\"},\"author\":{\"name\":\"Heerenveen Lokaal\",\"@id\":\"https:\\\/\\\/heerenveenlokaal.nl\\\/#\\\/schema\\\/person\\\/98668054f6b5255c57eb8070a7495491\"},\"headline\":\"Heerenveen Lokaal op bezoek bij de \u015eefaat Moskee\",\"datePublished\":\"2025-09-22T07:16:16+00:00\",\"dateModified\":\"2025-09-22T07:35:42+00:00\",\"mainEntityOfPage\":{\"@id\":\"https:\\\/\\\/heerenveenlokaal.nl\\\/bezoek-sefaat-moskee-heerenveen\\\/\"},\"wordCount\":369,\"publisher\":{\"@id\":\"https:\\\/\\\/heerenveenlokaal.nl\\\/#organization\"},\"image\":{\"@id\":\"https:\\\/\\\/heerenveenlokaal.nl\\\/bezoek-sefaat-moskee-heerenveen\\\/#primaryimage\"},\"thumbnailUrl\":\"https:\\\/\\\/heerenveenlokaal.nl\\\/wp-content\\\/uploads\\\/2025\\\/09\\\/bezoek-moskee-Heerenveen-e1758525128884.webp\",\"keywords\":[\"friesland\",\"heerenveen\",\"lokale politiek\",\"Mienskip\",\"\u015eefaat Moskee\",\"sociale samenhang\",\"Turkse gemeenschap\",\"wijkbezoek\"],\"articleSection\":[\"Nieuws\"],\"inLanguage\":\"fy\"},{\"@type\":\"WebPage\",\"@id\":\"https:\\\/\\\/heerenveenlokaal.nl\\\/bezoek-sefaat-moskee-heerenveen\\\/\",\"url\":\"https:\\\/\\\/heerenveenlokaal.nl\\\/bezoek-sefaat-moskee-heerenveen\\\/\",\"name\":\"Heerenveen Lokaal op bezoek bij de \u015eefaat Moskee - Politiek Heerenveen - Heerenveen Lokaal\",\"isPartOf\":{\"@id\":\"https:\\\/\\\/heerenveenlokaal.nl\\\/#website\"},\"primaryImageOfPage\":{\"@id\":\"https:\\\/\\\/heerenveenlokaal.nl\\\/bezoek-sefaat-moskee-heerenveen\\\/#primaryimage\"},\"image\":{\"@id\":\"https:\\\/\\\/heerenveenlokaal.nl\\\/bezoek-sefaat-moskee-heerenveen\\\/#primaryimage\"},\"thumbnailUrl\":\"https:\\\/\\\/heerenveenlokaal.nl\\\/wp-content\\\/uploads\\\/2025\\\/09\\\/bezoek-moskee-Heerenveen-e1758525128884.webp\",\"datePublished\":\"2025-09-22T07:16:16+00:00\",\"dateModified\":\"2025-09-22T07:35:42+00:00\",\"description\":\"Heerenveen Lokaal bezoekt de \u015eefaat Moskee tijdens de open dag. Een middag vol ontmoeting, verbinding en heerlijke gerechten in hartje Heerenveen\",\"breadcrumb\":{\"@id\":\"https:\\\/\\\/heerenveenlokaal.nl\\\/bezoek-sefaat-moskee-heerenveen\\\/#breadcrumb\"},\"inLanguage\":\"fy\",\"potentialAction\":[{\"@type\":\"ReadAction\",\"target\":[\"https:\\\/\\\/heerenveenlokaal.nl\\\/bezoek-sefaat-moskee-heerenveen\\\/\"]}]},{\"@type\":\"ImageObject\",\"inLanguage\":\"fy\",\"@id\":\"https:\\\/\\\/heerenveenlokaal.nl\\\/bezoek-sefaat-moskee-heerenveen\\\/#primaryimage\",\"url\":\"https:\\\/\\\/heerenveenlokaal.nl\\\/wp-content\\\/uploads\\\/2025\\\/09\\\/bezoek-moskee-Heerenveen-e1758525128884.webp\",\"contentUrl\":\"https:\\\/\\\/heerenveenlokaal.nl\\\/wp-content\\\/uploads\\\/2025\\\/09\\\/bezoek-moskee-Heerenveen-e1758525128884.webp\",\"width\":1200,\"height\":900,\"caption\":\"op de foto \u00d6mer Hanedan, Serkan Hanedan en Masite Ersoy Jeltsje vd Schaar en Age Hartsuiker\"},{\"@type\":\"BreadcrumbList\",\"@id\":\"https:\\\/\\\/heerenveenlokaal.nl\\\/bezoek-sefaat-moskee-heerenveen\\\/#breadcrumb\",\"itemListElement\":[{\"@type\":\"ListItem\",\"position\":1,\"name\":\"Home\",\"item\":\"https:\\\/\\\/heerenveenlokaal.nl\\\/\"},{\"@type\":\"ListItem\",\"position\":2,\"name\":\"Heerenveen Lokaal op bezoek bij de \u015eefaat Moskee\"}]},{\"@type\":\"WebSite\",\"@id\":\"https:\\\/\\\/heerenveenlokaal.nl\\\/#website\",\"url\":\"https:\\\/\\\/heerenveenlokaal.nl\\\/\",\"name\":\"Politiek Heerenveen - Heerenveen Lokaal\",\"description\":\"\",\"publisher\":{\"@id\":\"https:\\\/\\\/heerenveenlokaal.nl\\\/#organization\"},\"potentialAction\":[{\"@type\":\"SearchAction\",\"target\":{\"@type\":\"EntryPoint\",\"urlTemplate\":\"https:\\\/\\\/heerenveenlokaal.nl\\\/?s={search_term_string}\"},\"query-input\":{\"@type\":\"PropertyValueSpecification\",\"valueRequired\":true,\"valueName\":\"search_term_string\"}}],\"inLanguage\":\"fy\"},{\"@type\":\"Organization\",\"@id\":\"https:\\\/\\\/heerenveenlokaal.nl\\\/#organization\",\"name\":\"Politiek Heerenveen - Heerenveen Lokaal\",\"url\":\"https:\\\/\\\/heerenveenlokaal.nl\\\/\",\"logo\":{\"@type\":\"ImageObject\",\"inLanguage\":\"fy\",\"@id\":\"https:\\\/\\\/heerenveenlokaal.nl\\\/#\\\/schema\\\/logo\\\/image\\\/\",\"url\":\"https:\\\/\\\/heerenveenlokaal.nl\\\/wp-content\\\/uploads\\\/2019\\\/05\\\/cropped-cropped-Logo_Heerenveen_Lokaal_web.jpg\",\"contentUrl\":\"https:\\\/\\\/heerenveenlokaal.nl\\\/wp-content\\\/uploads\\\/2019\\\/05\\\/cropped-cropped-Logo_Heerenveen_Lokaal_web.jpg\",\"width\":512,\"height\":512,\"caption\":\"Politiek Heerenveen - Heerenveen Lokaal\"},\"image\":{\"@id\":\"https:\\\/\\\/heerenveenlokaal.nl\\\/#\\\/schema\\\/logo\\\/image\\\/\"}},{\"@type\":\"Person\",\"@id\":\"https:\\\/\\\/heerenveenlokaal.nl\\\/#\\\/schema\\\/person\\\/98668054f6b5255c57eb8070a7495491\",\"name\":\"Heerenveen Lokaal\",\"image\":{\"@type\":\"ImageObject\",\"inLanguage\":\"fy\",\"@id\":\"https:\\\/\\\/secure.gravatar.com\\\/avatar\\\/a4ce14b15561bb0f6dcbd7344ac3b89389066c949bfe8f9866f9c298f28ef103?s=96&d=mm&r=g\",\"url\":\"https:\\\/\\\/secure.gravatar.com\\\/avatar\\\/a4ce14b15561bb0f6dcbd7344ac3b89389066c949bfe8f9866f9c298f28ef103?s=96&d=mm&r=g\",\"contentUrl\":\"https:\\\/\\\/secure.gravatar.com\\\/avatar\\\/a4ce14b15561bb0f6dcbd7344ac3b89389066c949bfe8f9866f9c298f28ef103?s=96&d=mm&r=g\",\"caption\":\"Heerenveen Lokaal\"},\"description\":\"Heerenveen Lokaal is een dynamisch platform dat zich inzet voor de gemeenschap van Gemeente Heerenveen. Met een focus op lokale politiek, nieuws en evenementen, biedt Heerenveen Lokaal een stem aan de inwoners en bevordert het betrokkenheid en participatie. Ons team bestaat uit gepassioneerde individuen die zich inzetten voor transparantie, informatievoorziening en het versterken van de lokale democratie. Samen streven we naar een Heerenveen waar iedereen gehoord wordt en waar we gezamenlijk werken aan een betere toekomst.\",\"url\":\"https:\\\/\\\/heerenveenlokaal.nl\\\/fy\\\/author\\\/heerenveen-lokaal\\\/\"}]}<\/script>\n<!-- \/ Yoast SEO plugin. -->","yoast_head_json":{"title":"Heerenveen Lokaal op bezoek bij de \u015eefaat Moskee - Politiek Heerenveen - Heerenveen Lokaal","description":"Heerenveen Lokaal bezoekt de \u015eefaat Moskee tijdens de open dag. Een middag vol ontmoeting, verbinding en heerlijke gerechten in hartje Heerenveen","robots":{"index":"index","follow":"follow","max-snippet":"max-snippet:-1","max-image-preview":"max-image-preview:large","max-video-preview":"max-video-preview:-1"},"canonical":"https:\/\/heerenveenlokaal.nl\/fy\/bezoek-sefaat-moskee-heerenveen\/","og_locale":"en_US","og_type":"article","og_title":"Heerenveen Lokaal op bezoek bij de \u015eefaat Moskee - Politiek Heerenveen - Heerenveen Lokaal","og_description":"Heerenveen Lokaal bezoekt de \u015eefaat Moskee tijdens de open dag. Een middag vol ontmoeting, verbinding en heerlijke gerechten in hartje Heerenveen","og_url":"https:\/\/heerenveenlokaal.nl\/fy\/bezoek-sefaat-moskee-heerenveen\/","og_site_name":"Politiek Heerenveen - Heerenveen Lokaal","article_published_time":"2025-09-22T07:16:16+00:00","article_modified_time":"2025-09-22T07:35:42+00:00","og_image":[{"width":1200,"height":900,"url":"https:\/\/heerenveenlokaal.nl\/wp-content\/uploads\/2025\/09\/bezoek-moskee-Heerenveen-e1758525128884.webp","type":"image\/webp"}],"author":"Heerenveen Lokaal","twitter_card":"summary_large_image","twitter_misc":{"Skreaun troch":"Heerenveen Lokaal","Est. l\u00eastiid":"3 minuten"},"schema":{"@context":"https:\/\/schema.org","@graph":[{"@type":"Article","@id":"https:\/\/heerenveenlokaal.nl\/bezoek-sefaat-moskee-heerenveen\/#article","isPartOf":{"@id":"https:\/\/heerenveenlokaal.nl\/bezoek-sefaat-moskee-heerenveen\/"},"author":{"name":"Heerenveen Lokaal","@id":"https:\/\/heerenveenlokaal.nl\/#\/schema\/person\/98668054f6b5255c57eb8070a7495491"},"headline":"Heerenveen Lokaal op bezoek bij de \u015eefaat Moskee","datePublished":"2025-09-22T07:16:16+00:00","dateModified":"2025-09-22T07:35:42+00:00","mainEntityOfPage":{"@id":"https:\/\/heerenveenlokaal.nl\/bezoek-sefaat-moskee-heerenveen\/"},"wordCount":369,"publisher":{"@id":"https:\/\/heerenveenlokaal.nl\/#organization"},"image":{"@id":"https:\/\/heerenveenlokaal.nl\/bezoek-sefaat-moskee-heerenveen\/#primaryimage"},"thumbnailUrl":"https:\/\/heerenveenlokaal.nl\/wp-content\/uploads\/2025\/09\/bezoek-moskee-Heerenveen-e1758525128884.webp","keywords":["friesland","heerenveen","lokale politiek","Mienskip","\u015eefaat Moskee","sociale samenhang","Turkse gemeenschap","wijkbezoek"],"articleSection":["Nieuws"],"inLanguage":"fy"},{"@type":"WebPage","@id":"https:\/\/heerenveenlokaal.nl\/bezoek-sefaat-moskee-heerenveen\/","url":"https:\/\/heerenveenlokaal.nl\/bezoek-sefaat-moskee-heerenveen\/","name":"Heerenveen Lokaal op bezoek bij de \u015eefaat Moskee - Politiek Heerenveen - Heerenveen Lokaal","isPartOf":{"@id":"https:\/\/heerenveenlokaal.nl\/#website"},"primaryImageOfPage":{"@id":"https:\/\/heerenveenlokaal.nl\/bezoek-sefaat-moskee-heerenveen\/#primaryimage"},"image":{"@id":"https:\/\/heerenveenlokaal.nl\/bezoek-sefaat-moskee-heerenveen\/#primaryimage"},"thumbnailUrl":"https:\/\/heerenveenlokaal.nl\/wp-content\/uploads\/2025\/09\/bezoek-moskee-Heerenveen-e1758525128884.webp","datePublished":"2025-09-22T07:16:16+00:00","dateModified":"2025-09-22T07:35:42+00:00","description":"Heerenveen Lokaal bezoekt de \u015eefaat Moskee tijdens de open dag. Een middag vol ontmoeting, verbinding en heerlijke gerechten in hartje Heerenveen","breadcrumb":{"@id":"https:\/\/heerenveenlokaal.nl\/bezoek-sefaat-moskee-heerenveen\/#breadcrumb"},"inLanguage":"fy","potentialAction":[{"@type":"ReadAction","target":["https:\/\/heerenveenlokaal.nl\/bezoek-sefaat-moskee-heerenveen\/"]}]},{"@type":"ImageObject","inLanguage":"fy","@id":"https:\/\/heerenveenlokaal.nl\/bezoek-sefaat-moskee-heerenveen\/#primaryimage","url":"https:\/\/heerenveenlokaal.nl\/wp-content\/uploads\/2025\/09\/bezoek-moskee-Heerenveen-e1758525128884.webp","contentUrl":"https:\/\/heerenveenlokaal.nl\/wp-content\/uploads\/2025\/09\/bezoek-moskee-Heerenveen-e1758525128884.webp","width":1200,"height":900,"caption":"op de foto \u00d6mer Hanedan, Serkan Hanedan en Masite Ersoy Jeltsje vd Schaar en Age Hartsuiker"},{"@type":"BreadcrumbList","@id":"https:\/\/heerenveenlokaal.nl\/bezoek-sefaat-moskee-heerenveen\/#breadcrumb","itemListElement":[{"@type":"ListItem","position":1,"name":"Home","item":"https:\/\/heerenveenlokaal.nl\/"},{"@type":"ListItem","position":2,"name":"Heerenveen Lokaal op bezoek bij de \u015eefaat Moskee"}]},{"@type":"WebSite","@id":"https:\/\/heerenveenlokaal.nl\/#website","url":"https:\/\/heerenveenlokaal.nl\/","name":"Politiek Heerenveen - Heerenveen Lokaal","description":"","publisher":{"@id":"https:\/\/heerenveenlokaal.nl\/#organization"},"potentialAction":[{"@type":"SearchAction","target":{"@type":"EntryPoint","urlTemplate":"https:\/\/heerenveenlokaal.nl\/?s={search_term_string}"},"query-input":{"@type":"PropertyValueSpecification","valueRequired":true,"valueName":"search_term_string"}}],"inLanguage":"fy"},{"@type":"Organization","@id":"https:\/\/heerenveenlokaal.nl\/#organization","name":"Politiek Heerenveen - Heerenveen Lokaal","url":"https:\/\/heerenveenlokaal.nl\/","logo":{"@type":"ImageObject","inLanguage":"fy","@id":"https:\/\/heerenveenlokaal.nl\/#\/schema\/logo\/image\/","url":"https:\/\/heerenveenlokaal.nl\/wp-content\/uploads\/2019\/05\/cropped-cropped-Logo_Heerenveen_Lokaal_web.jpg","contentUrl":"https:\/\/heerenveenlokaal.nl\/wp-content\/uploads\/2019\/05\/cropped-cropped-Logo_Heerenveen_Lokaal_web.jpg","width":512,"height":512,"caption":"Politiek Heerenveen - Heerenveen Lokaal"},"image":{"@id":"https:\/\/heerenveenlokaal.nl\/#\/schema\/logo\/image\/"}},{"@type":"Person","@id":"https:\/\/heerenveenlokaal.nl\/#\/schema\/person\/98668054f6b5255c57eb8070a7495491","name":"It Hearrenfean Lokaal","image":{"@type":"ImageObject","inLanguage":"fy","@id":"https:\/\/secure.gravatar.com\/avatar\/a4ce14b15561bb0f6dcbd7344ac3b89389066c949bfe8f9866f9c298f28ef103?s=96&d=mm&r=g","url":"https:\/\/secure.gravatar.com\/avatar\/a4ce14b15561bb0f6dcbd7344ac3b89389066c949bfe8f9866f9c298f28ef103?s=96&d=mm&r=g","contentUrl":"https:\/\/secure.gravatar.com\/avatar\/a4ce14b15561bb0f6dcbd7344ac3b89389066c949bfe8f9866f9c298f28ef103?s=96&d=mm&r=g","caption":"Heerenveen Lokaal"},"description":"Heerenveen Lokaal is een dynamisch platform dat zich inzet voor de gemeenschap van Gemeente Heerenveen. Met een focus op lokale politiek, nieuws en evenementen, biedt Heerenveen Lokaal een stem aan de inwoners en bevordert het betrokkenheid en participatie. Ons team bestaat uit gepassioneerde individuen die zich inzetten voor transparantie, informatievoorziening en het versterken van de lokale democratie. Samen streven we naar een Heerenveen waar iedereen gehoord wordt en waar we gezamenlijk werken aan een betere toekomst.","url":"https:\/\/heerenveenlokaal.nl\/fy\/author\/heerenveen-lokaal\/"}]}},"_links":{"self":[{"href":"https:\/\/heerenveenlokaal.nl\/fy\/wp-json\/wp\/v2\/posts\/4093","targetHints":{"allow":["GET"]}}],"collection":[{"href":"https:\/\/heerenveenlokaal.nl\/fy\/wp-json\/wp\/v2\/posts"}],"about":[{"href":"https:\/\/heerenveenlokaal.nl\/fy\/wp-json\/wp\/v2\/types\/post"}],"author":[{"embeddable":true,"href":"https:\/\/heerenveenlokaal.nl\/fy\/wp-json\/wp\/v2\/users\/3"}],"replies":[{"embeddable":true,"href":"https:\/\/heerenveenlokaal.nl\/fy\/wp-json\/wp\/v2\/comments?post=4093"}],"version-history":[{"count":13,"href":"https:\/\/heerenveenlokaal.nl\/fy\/wp-json\/wp\/v2\/posts\/4093\/revisions"}],"predecessor-version":[{"id":4109,"href":"https:\/\/heerenveenlokaal.nl\/fy\/wp-json\/wp\/v2\/posts\/4093\/revisions\/4109"}],"wp:featuredmedia":[{"embeddable":true,"href":"https:\/\/heerenveenlokaal.nl\/fy\/wp-json\/wp\/v2\/media\/4095"}],"wp:attachment":[{"href":"https:\/\/heerenveenlokaal.nl\/fy\/wp-json\/wp\/v2\/media?parent=4093"}],"wp:term":[{"taxonomy":"category","embeddable":true,"href":"https:\/\/heerenveenlokaal.nl\/fy\/wp-json\/wp\/v2\/categories?post=4093"},{"taxonomy":"post_tag","embeddable":true,"href":"https:\/\/heerenveenlokaal.nl\/fy\/wp-json\/wp\/v2\/tags?post=4093"}],"curies":[{"name":"wp","href":"https:\/\/api.w.org\/{rel}","templated":true}]}}