{"id":4287,"date":"2025-10-25T13:13:44","date_gmt":"2025-10-25T11:13:44","guid":{"rendered":"https:\/\/heerenveenlokaal.nl\/?p=4287"},"modified":"2025-10-25T13:22:59","modified_gmt":"2025-10-25T11:22:59","slug":"wijkschouw-heerenveen-noord-rozenveld","status":"publish","type":"post","link":"https:\/\/heerenveenlokaal.nl\/fy\/wijkschouw-heerenveen-noord-rozenveld\/","title":{"rendered":"Buertynspeksje Heerenveen Noard: Tegearre mei bewenners yn petear"},"content":{"rendered":"<div data-elementor-type=\"wp-post\" data-elementor-id=\"4287\" class=\"elementor elementor-4287\" data-elementor-post-type=\"post\">\n\t\t\t\t<div class=\"elementor-element elementor-element-59350b3 e-flex e-con-boxed e-con e-parent\" data-id=\"59350b3\" data-element_type=\"container\" data-e-type=\"container\">\n\t\t\t\t\t<div class=\"e-con-inner\">\n\t\t\t\t<div class=\"elementor-element elementor-element-488d845 elementor-widget elementor-widget-heading\" data-id=\"488d845\" data-element_type=\"widget\" data-e-type=\"widget\" data-widget_type=\"heading.default\">\n\t\t\t\t<div class=\"elementor-widget-container\">\n\t\t\t\t\t<h1 class=\"elementor-heading-title elementor-size-default\">It Hearrenfean Lokaal op &#039;e dyk yn it Noarden: knelpunten en k\u00e2nsen<\/h1>\t\t\t\t<\/div>\n\t\t\t\t<\/div>\n\t\t\t\t\t<\/div>\n\t\t\t\t<\/div>\n\t\t<div class=\"elementor-element elementor-element-d7ff53b e-flex e-con-boxed e-con e-parent\" data-id=\"d7ff53b\" data-element_type=\"container\" data-e-type=\"container\">\n\t\t\t\t\t<div class=\"e-con-inner\">\n\t\t\t\t<div class=\"elementor-element elementor-element-7185c5c elementor-widget elementor-widget-image\" data-id=\"7185c5c\" data-element_type=\"widget\" data-e-type=\"widget\" data-widget_type=\"image.default\">\n\t\t\t\t<div class=\"elementor-widget-container\">\n\t\t\t\t\t\t\t\t\t\t\t\t<figure class=\"wp-caption\">\n\t\t\t\t\t\t\t\t\t\t<img fetchpriority=\"high\" decoding=\"async\" width=\"768\" height=\"576\" src=\"https:\/\/heerenveenlokaal.nl\/wp-content\/uploads\/2025\/10\/Wijkschouw-Heerenveen-Noord-3-768x576.jpeg\" class=\"attachment-medium_large size-medium_large wp-image-4284\" alt=\"Heerenveen Lokaal op pad in Heerenveen Noord\" srcset=\"https:\/\/heerenveenlokaal.nl\/wp-content\/uploads\/2025\/10\/Wijkschouw-Heerenveen-Noord-3-768x576.jpeg 768w, https:\/\/heerenveenlokaal.nl\/wp-content\/uploads\/2025\/10\/Wijkschouw-Heerenveen-Noord-3-300x225.jpeg 300w, https:\/\/heerenveenlokaal.nl\/wp-content\/uploads\/2025\/10\/Wijkschouw-Heerenveen-Noord-3-1024x768.jpeg 1024w, https:\/\/heerenveenlokaal.nl\/wp-content\/uploads\/2025\/10\/Wijkschouw-Heerenveen-Noord-3-1536x1152.jpeg 1536w, https:\/\/heerenveenlokaal.nl\/wp-content\/uploads\/2025\/10\/Wijkschouw-Heerenveen-Noord-3.jpeg 1600w\" sizes=\"(max-width: 768px) 100vw, 768px\" \/>\t\t\t\t\t\t\t\t\t\t\t<figcaption class=\"widget-image-caption wp-caption-text\"><\/figcaption>\n\t\t\t\t\t\t\t\t\t\t<\/figure>\n\t\t\t\t\t\t\t\t\t<\/div>\n\t\t\t\t<\/div>\n\t\t\t\t\t<\/div>\n\t\t\t\t<\/div>\n\t\t<div class=\"elementor-element elementor-element-3c4fbbc e-flex e-con-boxed e-con e-parent\" data-id=\"3c4fbbc\" data-element_type=\"container\" data-e-type=\"container\">\n\t\t\t\t\t<div class=\"e-con-inner\">\n\t\t\t\t<div class=\"elementor-element elementor-element-221e251 elementor-widget elementor-widget-text-editor\" data-id=\"221e251\" data-element_type=\"widget\" data-e-type=\"widget\" data-widget_type=\"text-editor.default\">\n\t\t\t\t<div class=\"elementor-widget-container\">\n\t\t\t\t\t\t\t\t\t<p>Hjoed hawwe Heerenveen Lokaal en in ent\u00fbsjaste groep in toer makke nei Heerenveen Noard foar wer in buertynspeksje. Nettsjinsteande it buiige waar - gelokkich hiene wy \u00fas spesjaal printe paraplu&#039;s by \u00fas - binne wy \u00fat Rozenveld wei gien.<\/p>\t\t\t\t\t\t\t\t<\/div>\n\t\t\t\t<\/div>\n\t\t\t\t\t<\/div>\n\t\t\t\t<\/div>\n\t\t<div class=\"elementor-element elementor-element-ad29396 e-flex e-con-boxed e-con e-parent\" data-id=\"ad29396\" data-element_type=\"container\" data-e-type=\"container\">\n\t\t\t\t\t<div class=\"e-con-inner\">\n\t\t\t\t<div class=\"elementor-element elementor-element-f64f1ca elementor-widget elementor-widget-image\" data-id=\"f64f1ca\" data-element_type=\"widget\" data-e-type=\"widget\" data-widget_type=\"image.default\">\n\t\t\t\t<div class=\"elementor-widget-container\">\n\t\t\t\t\t\t\t\t\t\t\t\t<figure class=\"wp-caption\">\n\t\t\t\t\t\t\t\t\t\t<img decoding=\"async\" width=\"768\" height=\"576\" src=\"https:\/\/heerenveenlokaal.nl\/wp-content\/uploads\/2025\/10\/Wijkschouw-Heerenveen-Noord-4-768x576.jpeg\" class=\"attachment-medium_large size-medium_large wp-image-4285\" alt=\"\" srcset=\"https:\/\/heerenveenlokaal.nl\/wp-content\/uploads\/2025\/10\/Wijkschouw-Heerenveen-Noord-4-768x576.jpeg 768w, https:\/\/heerenveenlokaal.nl\/wp-content\/uploads\/2025\/10\/Wijkschouw-Heerenveen-Noord-4-300x225.jpeg 300w, https:\/\/heerenveenlokaal.nl\/wp-content\/uploads\/2025\/10\/Wijkschouw-Heerenveen-Noord-4-1024x768.jpeg 1024w, https:\/\/heerenveenlokaal.nl\/wp-content\/uploads\/2025\/10\/Wijkschouw-Heerenveen-Noord-4-1536x1152.jpeg 1536w, https:\/\/heerenveenlokaal.nl\/wp-content\/uploads\/2025\/10\/Wijkschouw-Heerenveen-Noord-4.jpeg 1600w\" sizes=\"(max-width: 768px) 100vw, 768px\" \/>\t\t\t\t\t\t\t\t\t\t\t<figcaption class=\"widget-image-caption wp-caption-text\"><\/figcaption>\n\t\t\t\t\t\t\t\t\t\t<\/figure>\n\t\t\t\t\t\t\t\t\t<\/div>\n\t\t\t\t<\/div>\n\t\t\t\t\t<\/div>\n\t\t\t\t<\/div>\n\t\t<div class=\"elementor-element elementor-element-2c40dcb e-flex e-con-boxed e-con e-parent\" data-id=\"2c40dcb\" data-element_type=\"container\" data-e-type=\"container\">\n\t\t\t\t\t<div class=\"e-con-inner\">\n\t\t\t\t<div class=\"elementor-element elementor-element-b922cd1 elementor-widget elementor-widget-text-editor\" data-id=\"b922cd1\" data-element_type=\"widget\" data-e-type=\"widget\" data-widget_type=\"text-editor.default\">\n\t\t\t\t<div class=\"elementor-widget-container\">\n\t\t\t\t\t\t\t\t\t<p>Tidens de kuier troch de buert waarden ferskate \u00fbnderwerpen besprutsen: sportfoarsjennings lykas it rugbyfjild, de discgolfbaan, de griene romten, de fytspaden en de situaasje om it busstasjon hinne. Bewenners dielden harren \u00fbnderfiningen en idee\u00ebn oer hoe&#039;t de buert ferbettere, feiliger en oantrekliker makke wurde kin.<br \/><br \/>Wy hawwe in oere troch de buert r\u00fbn en binne altyd bliid om te hearren wat bewenners sizze. Wy sille alle feedback en suggestjes meinimme nei de gemeenteried.<br \/><br \/>Hearrenfean Lokaal tanket elkenien dy&#039;t oanw\u00eazich wie en bydroegen hat. Wy sjogge al \u00fat nei de folgjende buertkontr\u00f4le - tegearre h\u00e2lde wy Hearrenfean s\u00fbn en leefber.<\/p>\t\t\t\t\t\t\t\t<\/div>\n\t\t\t\t<\/div>\n\t\t\t\t\t<\/div>\n\t\t\t\t<\/div>\n\t\t\t\t<\/div>","protected":false},"excerpt":{"rendered":"<p>Hearrenfean Lokaal hat in buertynspeksje \u00fatfierd yn Hearrenfean Noard. Tegearre mei bewenners hawwe wy probleemgebieten besocht en ferbetterings yn &#039;e buert besprutsen.<\/p>","protected":false},"author":3,"featured_media":4284,"comment_status":"closed","ping_status":"open","sticky":false,"template":"","format":"standard","meta":{"_acf_changed":false,"mc4wp_mailchimp_campaign":[],"footnotes":""},"categories":[1],"tags":[54,130,309,261,220,310,192],"class_list":["post-4287","post","type-post","status-publish","format-standard","has-post-thumbnail","hentry","category-uncategorized","tag-heerenveen-lokaal","tag-heerenveen-noord","tag-inwoners","tag-leefbaarheid","tag-lokale-politiek","tag-rozenveld","tag-wijkschouw"],"acf":[],"yoast_head":"<!-- This site is optimized with the Yoast SEO plugin v27.4 - https:\/\/yoast.com\/product\/yoast-seo-wordpress\/ -->\n<title>Wijkschouw Heerenveen Noord: samen in gesprek met inwoners - Politiek Heerenveen - Heerenveen Lokaal<\/title>\n<meta name=\"description\" content=\"Heerenveen Lokaal hield een wijkschouw in Heerenveen Noord. Samen met inwoners bezochten we knelpunten in de wijk en gingen we in gesprek over verbeteringen.\" \/>\n<meta name=\"robots\" content=\"index, follow, max-snippet:-1, max-image-preview:large, max-video-preview:-1\" \/>\n<link rel=\"canonical\" href=\"https:\/\/heerenveenlokaal.nl\/fy\/wijkschouw-heerenveen-noord-rozenveld\/\" \/>\n<meta property=\"og:locale\" content=\"en_US\" \/>\n<meta property=\"og:type\" content=\"article\" \/>\n<meta property=\"og:title\" content=\"Wijkschouw Heerenveen Noord: samen in gesprek met inwoners - Politiek Heerenveen - Heerenveen Lokaal\" \/>\n<meta property=\"og:description\" content=\"Heerenveen Lokaal hield een wijkschouw in Heerenveen Noord. Samen met inwoners bezochten we knelpunten in de wijk en gingen we in gesprek over verbeteringen.\" \/>\n<meta property=\"og:url\" content=\"https:\/\/heerenveenlokaal.nl\/fy\/wijkschouw-heerenveen-noord-rozenveld\/\" \/>\n<meta property=\"og:site_name\" content=\"Politiek Heerenveen - Heerenveen Lokaal\" \/>\n<meta property=\"article:published_time\" content=\"2025-10-25T11:13:44+00:00\" \/>\n<meta property=\"article:modified_time\" content=\"2025-10-25T11:22:59+00:00\" \/>\n<meta property=\"og:image\" content=\"https:\/\/heerenveenlokaal.nl\/wp-content\/uploads\/2025\/10\/Wijkschouw-Heerenveen-Noord-3.jpeg\" \/>\n\t<meta property=\"og:image:width\" content=\"1600\" \/>\n\t<meta property=\"og:image:height\" content=\"1200\" \/>\n\t<meta property=\"og:image:type\" content=\"image\/jpeg\" \/>\n<meta name=\"author\" content=\"Heerenveen Lokaal\" \/>\n<meta name=\"twitter:card\" content=\"summary_large_image\" \/>\n<meta name=\"twitter:label1\" content=\"Skreaun troch\" \/>\n\t<meta name=\"twitter:data1\" content=\"Heerenveen Lokaal\" \/>\n\t<meta name=\"twitter:label2\" content=\"Est. l\u00eastiid\" \/>\n\t<meta name=\"twitter:data2\" content=\"2 minuten\" \/>\n<script type=\"application\/ld+json\" class=\"yoast-schema-graph\">{\"@context\":\"https:\\\/\\\/schema.org\",\"@graph\":[{\"@type\":\"Article\",\"@id\":\"https:\\\/\\\/heerenveenlokaal.nl\\\/wijkschouw-heerenveen-noord-rozenveld\\\/#article\",\"isPartOf\":{\"@id\":\"https:\\\/\\\/heerenveenlokaal.nl\\\/wijkschouw-heerenveen-noord-rozenveld\\\/\"},\"author\":{\"name\":\"Heerenveen Lokaal\",\"@id\":\"https:\\\/\\\/heerenveenlokaal.nl\\\/#\\\/schema\\\/person\\\/98668054f6b5255c57eb8070a7495491\"},\"headline\":\"Wijkschouw Heerenveen Noord: samen in gesprek met inwoners\",\"datePublished\":\"2025-10-25T11:13:44+00:00\",\"dateModified\":\"2025-10-25T11:22:59+00:00\",\"mainEntityOfPage\":{\"@id\":\"https:\\\/\\\/heerenveenlokaal.nl\\\/wijkschouw-heerenveen-noord-rozenveld\\\/\"},\"wordCount\":158,\"publisher\":{\"@id\":\"https:\\\/\\\/heerenveenlokaal.nl\\\/#organization\"},\"image\":{\"@id\":\"https:\\\/\\\/heerenveenlokaal.nl\\\/wijkschouw-heerenveen-noord-rozenveld\\\/#primaryimage\"},\"thumbnailUrl\":\"https:\\\/\\\/heerenveenlokaal.nl\\\/wp-content\\\/uploads\\\/2025\\\/10\\\/Wijkschouw-Heerenveen-Noord-3.jpeg\",\"keywords\":[\"Heerenveen lokaal\",\"heerenveen noord\",\"inwoners\",\"Leefbaarheid\",\"lokale politiek\",\"Rozenveld\",\"wijkschouw\"],\"articleSection\":[\"Uncategorized\"],\"inLanguage\":\"fy\"},{\"@type\":\"WebPage\",\"@id\":\"https:\\\/\\\/heerenveenlokaal.nl\\\/wijkschouw-heerenveen-noord-rozenveld\\\/\",\"url\":\"https:\\\/\\\/heerenveenlokaal.nl\\\/wijkschouw-heerenveen-noord-rozenveld\\\/\",\"name\":\"Wijkschouw Heerenveen Noord: samen in gesprek met inwoners - Politiek Heerenveen - Heerenveen Lokaal\",\"isPartOf\":{\"@id\":\"https:\\\/\\\/heerenveenlokaal.nl\\\/#website\"},\"primaryImageOfPage\":{\"@id\":\"https:\\\/\\\/heerenveenlokaal.nl\\\/wijkschouw-heerenveen-noord-rozenveld\\\/#primaryimage\"},\"image\":{\"@id\":\"https:\\\/\\\/heerenveenlokaal.nl\\\/wijkschouw-heerenveen-noord-rozenveld\\\/#primaryimage\"},\"thumbnailUrl\":\"https:\\\/\\\/heerenveenlokaal.nl\\\/wp-content\\\/uploads\\\/2025\\\/10\\\/Wijkschouw-Heerenveen-Noord-3.jpeg\",\"datePublished\":\"2025-10-25T11:13:44+00:00\",\"dateModified\":\"2025-10-25T11:22:59+00:00\",\"description\":\"Heerenveen Lokaal hield een wijkschouw in Heerenveen Noord. Samen met inwoners bezochten we knelpunten in de wijk en gingen we in gesprek over verbeteringen.\",\"breadcrumb\":{\"@id\":\"https:\\\/\\\/heerenveenlokaal.nl\\\/wijkschouw-heerenveen-noord-rozenveld\\\/#breadcrumb\"},\"inLanguage\":\"fy\",\"potentialAction\":[{\"@type\":\"ReadAction\",\"target\":[\"https:\\\/\\\/heerenveenlokaal.nl\\\/wijkschouw-heerenveen-noord-rozenveld\\\/\"]}]},{\"@type\":\"ImageObject\",\"inLanguage\":\"fy\",\"@id\":\"https:\\\/\\\/heerenveenlokaal.nl\\\/wijkschouw-heerenveen-noord-rozenveld\\\/#primaryimage\",\"url\":\"https:\\\/\\\/heerenveenlokaal.nl\\\/wp-content\\\/uploads\\\/2025\\\/10\\\/Wijkschouw-Heerenveen-Noord-3.jpeg\",\"contentUrl\":\"https:\\\/\\\/heerenveenlokaal.nl\\\/wp-content\\\/uploads\\\/2025\\\/10\\\/Wijkschouw-Heerenveen-Noord-3.jpeg\",\"width\":1600,\"height\":1200,\"caption\":\"Heerenveen Lokaal op pad in Heerenveen Noord\"},{\"@type\":\"BreadcrumbList\",\"@id\":\"https:\\\/\\\/heerenveenlokaal.nl\\\/wijkschouw-heerenveen-noord-rozenveld\\\/#breadcrumb\",\"itemListElement\":[{\"@type\":\"ListItem\",\"position\":1,\"name\":\"Home\",\"item\":\"https:\\\/\\\/heerenveenlokaal.nl\\\/\"},{\"@type\":\"ListItem\",\"position\":2,\"name\":\"Wijkschouw Heerenveen Noord: samen in gesprek met inwoners\"}]},{\"@type\":\"WebSite\",\"@id\":\"https:\\\/\\\/heerenveenlokaal.nl\\\/#website\",\"url\":\"https:\\\/\\\/heerenveenlokaal.nl\\\/\",\"name\":\"Politiek Heerenveen - Heerenveen Lokaal\",\"description\":\"\",\"publisher\":{\"@id\":\"https:\\\/\\\/heerenveenlokaal.nl\\\/#organization\"},\"potentialAction\":[{\"@type\":\"SearchAction\",\"target\":{\"@type\":\"EntryPoint\",\"urlTemplate\":\"https:\\\/\\\/heerenveenlokaal.nl\\\/?s={search_term_string}\"},\"query-input\":{\"@type\":\"PropertyValueSpecification\",\"valueRequired\":true,\"valueName\":\"search_term_string\"}}],\"inLanguage\":\"fy\"},{\"@type\":\"Organization\",\"@id\":\"https:\\\/\\\/heerenveenlokaal.nl\\\/#organization\",\"name\":\"Politiek Heerenveen - Heerenveen Lokaal\",\"url\":\"https:\\\/\\\/heerenveenlokaal.nl\\\/\",\"logo\":{\"@type\":\"ImageObject\",\"inLanguage\":\"fy\",\"@id\":\"https:\\\/\\\/heerenveenlokaal.nl\\\/#\\\/schema\\\/logo\\\/image\\\/\",\"url\":\"https:\\\/\\\/heerenveenlokaal.nl\\\/wp-content\\\/uploads\\\/2019\\\/05\\\/cropped-cropped-Logo_Heerenveen_Lokaal_web.jpg\",\"contentUrl\":\"https:\\\/\\\/heerenveenlokaal.nl\\\/wp-content\\\/uploads\\\/2019\\\/05\\\/cropped-cropped-Logo_Heerenveen_Lokaal_web.jpg\",\"width\":512,\"height\":512,\"caption\":\"Politiek Heerenveen - Heerenveen Lokaal\"},\"image\":{\"@id\":\"https:\\\/\\\/heerenveenlokaal.nl\\\/#\\\/schema\\\/logo\\\/image\\\/\"}},{\"@type\":\"Person\",\"@id\":\"https:\\\/\\\/heerenveenlokaal.nl\\\/#\\\/schema\\\/person\\\/98668054f6b5255c57eb8070a7495491\",\"name\":\"Heerenveen Lokaal\",\"image\":{\"@type\":\"ImageObject\",\"inLanguage\":\"fy\",\"@id\":\"https:\\\/\\\/secure.gravatar.com\\\/avatar\\\/a4ce14b15561bb0f6dcbd7344ac3b89389066c949bfe8f9866f9c298f28ef103?s=96&d=mm&r=g\",\"url\":\"https:\\\/\\\/secure.gravatar.com\\\/avatar\\\/a4ce14b15561bb0f6dcbd7344ac3b89389066c949bfe8f9866f9c298f28ef103?s=96&d=mm&r=g\",\"contentUrl\":\"https:\\\/\\\/secure.gravatar.com\\\/avatar\\\/a4ce14b15561bb0f6dcbd7344ac3b89389066c949bfe8f9866f9c298f28ef103?s=96&d=mm&r=g\",\"caption\":\"Heerenveen Lokaal\"},\"description\":\"Heerenveen Lokaal is een dynamisch platform dat zich inzet voor de gemeenschap van Gemeente Heerenveen. Met een focus op lokale politiek, nieuws en evenementen, biedt Heerenveen Lokaal een stem aan de inwoners en bevordert het betrokkenheid en participatie. Ons team bestaat uit gepassioneerde individuen die zich inzetten voor transparantie, informatievoorziening en het versterken van de lokale democratie. Samen streven we naar een Heerenveen waar iedereen gehoord wordt en waar we gezamenlijk werken aan een betere toekomst.\",\"url\":\"https:\\\/\\\/heerenveenlokaal.nl\\\/fy\\\/author\\\/heerenveen-lokaal\\\/\"}]}<\/script>\n<!-- \/ Yoast SEO plugin. -->","yoast_head_json":{"title":"Wijkschouw Heerenveen Noord: samen in gesprek met inwoners - Politiek Heerenveen - Heerenveen Lokaal","description":"Heerenveen Lokaal hield een wijkschouw in Heerenveen Noord. Samen met inwoners bezochten we knelpunten in de wijk en gingen we in gesprek over verbeteringen.","robots":{"index":"index","follow":"follow","max-snippet":"max-snippet:-1","max-image-preview":"max-image-preview:large","max-video-preview":"max-video-preview:-1"},"canonical":"https:\/\/heerenveenlokaal.nl\/fy\/wijkschouw-heerenveen-noord-rozenveld\/","og_locale":"en_US","og_type":"article","og_title":"Wijkschouw Heerenveen Noord: samen in gesprek met inwoners - Politiek Heerenveen - Heerenveen Lokaal","og_description":"Heerenveen Lokaal hield een wijkschouw in Heerenveen Noord. Samen met inwoners bezochten we knelpunten in de wijk en gingen we in gesprek over verbeteringen.","og_url":"https:\/\/heerenveenlokaal.nl\/fy\/wijkschouw-heerenveen-noord-rozenveld\/","og_site_name":"Politiek Heerenveen - Heerenveen Lokaal","article_published_time":"2025-10-25T11:13:44+00:00","article_modified_time":"2025-10-25T11:22:59+00:00","og_image":[{"width":1600,"height":1200,"url":"https:\/\/heerenveenlokaal.nl\/wp-content\/uploads\/2025\/10\/Wijkschouw-Heerenveen-Noord-3.jpeg","type":"image\/jpeg"}],"author":"Heerenveen Lokaal","twitter_card":"summary_large_image","twitter_misc":{"Skreaun troch":"Heerenveen Lokaal","Est. l\u00eastiid":"2 minuten"},"schema":{"@context":"https:\/\/schema.org","@graph":[{"@type":"Article","@id":"https:\/\/heerenveenlokaal.nl\/wijkschouw-heerenveen-noord-rozenveld\/#article","isPartOf":{"@id":"https:\/\/heerenveenlokaal.nl\/wijkschouw-heerenveen-noord-rozenveld\/"},"author":{"name":"Heerenveen Lokaal","@id":"https:\/\/heerenveenlokaal.nl\/#\/schema\/person\/98668054f6b5255c57eb8070a7495491"},"headline":"Wijkschouw Heerenveen Noord: samen in gesprek met inwoners","datePublished":"2025-10-25T11:13:44+00:00","dateModified":"2025-10-25T11:22:59+00:00","mainEntityOfPage":{"@id":"https:\/\/heerenveenlokaal.nl\/wijkschouw-heerenveen-noord-rozenveld\/"},"wordCount":158,"publisher":{"@id":"https:\/\/heerenveenlokaal.nl\/#organization"},"image":{"@id":"https:\/\/heerenveenlokaal.nl\/wijkschouw-heerenveen-noord-rozenveld\/#primaryimage"},"thumbnailUrl":"https:\/\/heerenveenlokaal.nl\/wp-content\/uploads\/2025\/10\/Wijkschouw-Heerenveen-Noord-3.jpeg","keywords":["Heerenveen lokaal","heerenveen noord","inwoners","Leefbaarheid","lokale politiek","Rozenveld","wijkschouw"],"articleSection":["Uncategorized"],"inLanguage":"fy"},{"@type":"WebPage","@id":"https:\/\/heerenveenlokaal.nl\/wijkschouw-heerenveen-noord-rozenveld\/","url":"https:\/\/heerenveenlokaal.nl\/wijkschouw-heerenveen-noord-rozenveld\/","name":"Wijkschouw Heerenveen Noord: samen in gesprek met inwoners - Politiek Heerenveen - Heerenveen Lokaal","isPartOf":{"@id":"https:\/\/heerenveenlokaal.nl\/#website"},"primaryImageOfPage":{"@id":"https:\/\/heerenveenlokaal.nl\/wijkschouw-heerenveen-noord-rozenveld\/#primaryimage"},"image":{"@id":"https:\/\/heerenveenlokaal.nl\/wijkschouw-heerenveen-noord-rozenveld\/#primaryimage"},"thumbnailUrl":"https:\/\/heerenveenlokaal.nl\/wp-content\/uploads\/2025\/10\/Wijkschouw-Heerenveen-Noord-3.jpeg","datePublished":"2025-10-25T11:13:44+00:00","dateModified":"2025-10-25T11:22:59+00:00","description":"Heerenveen Lokaal hield een wijkschouw in Heerenveen Noord. Samen met inwoners bezochten we knelpunten in de wijk en gingen we in gesprek over verbeteringen.","breadcrumb":{"@id":"https:\/\/heerenveenlokaal.nl\/wijkschouw-heerenveen-noord-rozenveld\/#breadcrumb"},"inLanguage":"fy","potentialAction":[{"@type":"ReadAction","target":["https:\/\/heerenveenlokaal.nl\/wijkschouw-heerenveen-noord-rozenveld\/"]}]},{"@type":"ImageObject","inLanguage":"fy","@id":"https:\/\/heerenveenlokaal.nl\/wijkschouw-heerenveen-noord-rozenveld\/#primaryimage","url":"https:\/\/heerenveenlokaal.nl\/wp-content\/uploads\/2025\/10\/Wijkschouw-Heerenveen-Noord-3.jpeg","contentUrl":"https:\/\/heerenveenlokaal.nl\/wp-content\/uploads\/2025\/10\/Wijkschouw-Heerenveen-Noord-3.jpeg","width":1600,"height":1200,"caption":"Heerenveen Lokaal op pad in Heerenveen Noord"},{"@type":"BreadcrumbList","@id":"https:\/\/heerenveenlokaal.nl\/wijkschouw-heerenveen-noord-rozenveld\/#breadcrumb","itemListElement":[{"@type":"ListItem","position":1,"name":"Home","item":"https:\/\/heerenveenlokaal.nl\/"},{"@type":"ListItem","position":2,"name":"Wijkschouw Heerenveen Noord: samen in gesprek met inwoners"}]},{"@type":"WebSite","@id":"https:\/\/heerenveenlokaal.nl\/#website","url":"https:\/\/heerenveenlokaal.nl\/","name":"Politiek Heerenveen - Heerenveen Lokaal","description":"","publisher":{"@id":"https:\/\/heerenveenlokaal.nl\/#organization"},"potentialAction":[{"@type":"SearchAction","target":{"@type":"EntryPoint","urlTemplate":"https:\/\/heerenveenlokaal.nl\/?s={search_term_string}"},"query-input":{"@type":"PropertyValueSpecification","valueRequired":true,"valueName":"search_term_string"}}],"inLanguage":"fy"},{"@type":"Organization","@id":"https:\/\/heerenveenlokaal.nl\/#organization","name":"Politiek Heerenveen - Heerenveen Lokaal","url":"https:\/\/heerenveenlokaal.nl\/","logo":{"@type":"ImageObject","inLanguage":"fy","@id":"https:\/\/heerenveenlokaal.nl\/#\/schema\/logo\/image\/","url":"https:\/\/heerenveenlokaal.nl\/wp-content\/uploads\/2019\/05\/cropped-cropped-Logo_Heerenveen_Lokaal_web.jpg","contentUrl":"https:\/\/heerenveenlokaal.nl\/wp-content\/uploads\/2019\/05\/cropped-cropped-Logo_Heerenveen_Lokaal_web.jpg","width":512,"height":512,"caption":"Politiek Heerenveen - Heerenveen Lokaal"},"image":{"@id":"https:\/\/heerenveenlokaal.nl\/#\/schema\/logo\/image\/"}},{"@type":"Person","@id":"https:\/\/heerenveenlokaal.nl\/#\/schema\/person\/98668054f6b5255c57eb8070a7495491","name":"It Hearrenfean Lokaal","image":{"@type":"ImageObject","inLanguage":"fy","@id":"https:\/\/secure.gravatar.com\/avatar\/a4ce14b15561bb0f6dcbd7344ac3b89389066c949bfe8f9866f9c298f28ef103?s=96&d=mm&r=g","url":"https:\/\/secure.gravatar.com\/avatar\/a4ce14b15561bb0f6dcbd7344ac3b89389066c949bfe8f9866f9c298f28ef103?s=96&d=mm&r=g","contentUrl":"https:\/\/secure.gravatar.com\/avatar\/a4ce14b15561bb0f6dcbd7344ac3b89389066c949bfe8f9866f9c298f28ef103?s=96&d=mm&r=g","caption":"Heerenveen Lokaal"},"description":"Heerenveen Lokaal is een dynamisch platform dat zich inzet voor de gemeenschap van Gemeente Heerenveen. Met een focus op lokale politiek, nieuws en evenementen, biedt Heerenveen Lokaal een stem aan de inwoners en bevordert het betrokkenheid en participatie. Ons team bestaat uit gepassioneerde individuen die zich inzetten voor transparantie, informatievoorziening en het versterken van de lokale democratie. Samen streven we naar een Heerenveen waar iedereen gehoord wordt en waar we gezamenlijk werken aan een betere toekomst.","url":"https:\/\/heerenveenlokaal.nl\/fy\/author\/heerenveen-lokaal\/"}]}},"_links":{"self":[{"href":"https:\/\/heerenveenlokaal.nl\/fy\/wp-json\/wp\/v2\/posts\/4287","targetHints":{"allow":["GET"]}}],"collection":[{"href":"https:\/\/heerenveenlokaal.nl\/fy\/wp-json\/wp\/v2\/posts"}],"about":[{"href":"https:\/\/heerenveenlokaal.nl\/fy\/wp-json\/wp\/v2\/types\/post"}],"author":[{"embeddable":true,"href":"https:\/\/heerenveenlokaal.nl\/fy\/wp-json\/wp\/v2\/users\/3"}],"replies":[{"embeddable":true,"href":"https:\/\/heerenveenlokaal.nl\/fy\/wp-json\/wp\/v2\/comments?post=4287"}],"version-history":[{"count":13,"href":"https:\/\/heerenveenlokaal.nl\/fy\/wp-json\/wp\/v2\/posts\/4287\/revisions"}],"predecessor-version":[{"id":4300,"href":"https:\/\/heerenveenlokaal.nl\/fy\/wp-json\/wp\/v2\/posts\/4287\/revisions\/4300"}],"wp:featuredmedia":[{"embeddable":true,"href":"https:\/\/heerenveenlokaal.nl\/fy\/wp-json\/wp\/v2\/media\/4284"}],"wp:attachment":[{"href":"https:\/\/heerenveenlokaal.nl\/fy\/wp-json\/wp\/v2\/media?parent=4287"}],"wp:term":[{"taxonomy":"category","embeddable":true,"href":"https:\/\/heerenveenlokaal.nl\/fy\/wp-json\/wp\/v2\/categories?post=4287"},{"taxonomy":"post_tag","embeddable":true,"href":"https:\/\/heerenveenlokaal.nl\/fy\/wp-json\/wp\/v2\/tags?post=4287"}],"curies":[{"name":"wp","href":"https:\/\/api.w.org\/{rel}","templated":true}]}}