{"id":465,"date":"2019-05-27T09:01:31","date_gmt":"2019-05-27T08:01:31","guid":{"rendered":"https:\/\/heerenveenlokaal.nl\/?p=465"},"modified":"2019-05-27T09:01:31","modified_gmt":"2019-05-27T08:01:31","slug":"dit-wordt-het-centrum-van-de-heerenveense-gemeenschap","status":"publish","type":"post","link":"https:\/\/heerenveenlokaal.nl\/fy\/dit-wordt-het-centrum-van-de-heerenveense-gemeenschap\/","title":{"rendered":"Dit wurdt it sintrum fan &#039;e mienskip fan It Hearrenfean"},"content":{"rendered":"<p class=\"has-text-align-left\">Sneon 25 maaie wie net allinnich in histoaryske dei foar de lokale en \u00fbn\u00f4fhinklike polityk yn &#039;e gemeente Hearrenfean, mar ek foar de ynwenners fan Hearrenfean. Hearrenfean Lokaal, s\u00fbnt 1996 woartele yn &#039;e lokale en \u00fbn\u00f4fhinklike polityk yn Hearrenfean, hat in grassroots-oanpak.<\/p>\n\n\n\n<p>De grutskalige G1000-boargertop hat no alle partijen sjen litten hoe&#039;t dit wurket. Op sneon 25 maaie hawwe 118 ynwenners fan &#039;e gemeente Hearrenfean in boargerbeslissing nommen oer de takomst fan it stedssintrum fan Hearrenfean. Nei&#039;t dizze boargertop ferline jier beg\u00fbn wie, hawwe in protte ent\u00fbsjaste minsken moannenlang gearwurke om ta it boargerbeslissing te kommen. Dielnimmers waarden \u00fatnoege om mei te dwaan troch lotting, dus der wie gjin foar\u00f4f selektearre groep minsken.<br \/> Wy wiene ferrast troch de skalberens fan &#039;e ferskate tema&#039;s, d\u00ear&#039;t griene romten en kultuer in promininte rol krigen hawwe, neist it fisioen\u00eare wurk fan oaren. Fan it stasjon oant it stedsplein, it Lindengrachtkanaal, it Ernst van Harenplein, ensafuorthinne, it hiele stedssintrum waard oanpakt. Fan tagonklikens, Kultuerh\u00fbs (kultureel sintrum), toerisme, \u00fbnderfiningen en aktiviteiten yn it stedssintrum.<br \/> Foar mear ynformaasje, sjoch <a href=\"http:\/\/www.G1000Heerenveen.nl\/burgerbesluit\">www.G1000Heerenveen.nl\/burgerbesluit<\/a>\u00a0 Hjir kinne jo l\u00eaze wat de boargerried besletten hat.<br \/>It Hearrenfean Lokaal hat in f\u00fbneminteel besl\u00fat nommen om har riedslid, Age Hartsuiker, net ta te stean yn &#039;e panielen, wurkgroepen en \u00fateinlik de boargerried. As bestjoerder dy&#039;t letter oer riedsaken stimme sil, moatte jo yn dit ferb\u00e2n \u00fbn\u00f4fhinklik w\u00eaze kinne. Oars komme jo, nei \u00fas miening, yn in situaasje d\u00ear&#039;t de slachter syn eigen fleis ynspektearret. Objektyf harkjen nei en observearjen fan safolle mooglik wurkmominten fan &#039;e boargerlieding hat \u00fas sjen litten hoe gedreven \u00fas ynwenners binne. It hat it belang fan grassrootswurk yn it lokale bestjoer bef\u00eastige. Wy hawwe fertrouwen yn \u00fas ynwenners. Sy kinne ferstannige en goed ynformearre besluten nimme. Dizze keuzes sille it Hearrenfean Lokaal begeliede yn &#039;e diskusjes dy&#039;t s\u00fbnder mis folgje sille. It Hearrenfean Lokaal is fan betinken dat de gemeenteried de 47 foarstellen dy&#039;t troch de boargerriedsstimming goedkard binne ien foar ien trochstjoere moat nei it bestjoer. It bestjoer moat de romte krije om alles \u00fat te wurkjen en yn in programma en tiidsline te ferwurkjen. Op sneon 25 maaie hat de Boargerried ek de monitoaringsgroep oprjochte. It bestjoer en de gemeenteried moatte dizze groep bel\u00fbke by de fierdere \u00fbntwikkeling fan &#039;e foarstellen.<br \/> In prachtige dei foar lokale demokrasy en \u00fbn\u00f4fhinklike lokale polityk. In ferlykber proses is oan &#039;e gong yn Jubbega om it sintrum yn Jubbega 3 te renovearjen.<sup>en<\/sup> Sl\u00fat. Us moaie doarpen yn &#039;e gemeente It Hearrenfean binne perfekt yn steat om har eigen keuzes te meitsjen.<br \/> As it oan \u00fas lei, soene der noch folle mear fan dizze mominten komme.<\/p>\n\n\n\n<p>It Hearrenfean Lokaal<\/p>","protected":false},"excerpt":{"rendered":"<p>Zaterdag 25 mei was niet alleen een historische dag voor de lokale en onafhankelijke politiek in de gemeente Heerenveen maar ook voor de inwoners van Heerenveen. Heerenveen Lokaal geworteld in de lokale en onafhankelijke politiek van Heerenveen al vanaf 1996 heeft als belangrijkste thema het werken van onder af. De grote burgertop G1000 heeft nu [&hellip;]<\/p>\n","protected":false},"author":3,"featured_media":616,"comment_status":"closed","ping_status":"closed","sticky":false,"template":"","format":"standard","meta":{"_acf_changed":false,"mc4wp_mailchimp_campaign":[],"footnotes":""},"categories":[13],"tags":[40,53],"class_list":["post-465","post","type-post","status-publish","format-standard","has-post-thumbnail","hentry","category-nieuws","tag-g1000","tag-heerenveen-centrum"],"acf":[],"yoast_head":"<!-- This site is optimized with the Yoast SEO plugin v27.4 - https:\/\/yoast.com\/product\/yoast-seo-wordpress\/ -->\n<title>Dit wordt het centrum van de Heerenveense gemeenschap - Politiek Heerenveen - Heerenveen Lokaal<\/title>\n<meta name=\"description\" content=\"Heerenveen Lokaal geworteld in de lokale en onafhankelijke politiek van Heerenveen al vanaf 1996 heeft als belangrijkste thema samenwerken.\" \/>\n<meta name=\"robots\" content=\"index, follow, max-snippet:-1, max-image-preview:large, max-video-preview:-1\" \/>\n<link rel=\"canonical\" href=\"https:\/\/heerenveenlokaal.nl\/fy\/dit-wordt-het-centrum-van-de-heerenveense-gemeenschap\/\" \/>\n<meta property=\"og:locale\" content=\"en_US\" \/>\n<meta property=\"og:type\" content=\"article\" \/>\n<meta property=\"og:title\" content=\"Dit wordt het centrum van de Heerenveense gemeenschap - Politiek Heerenveen - Heerenveen Lokaal\" \/>\n<meta property=\"og:description\" content=\"Heerenveen Lokaal geworteld in de lokale en onafhankelijke politiek van Heerenveen al vanaf 1996 heeft als belangrijkste thema samenwerken.\" \/>\n<meta property=\"og:url\" content=\"https:\/\/heerenveenlokaal.nl\/fy\/dit-wordt-het-centrum-van-de-heerenveense-gemeenschap\/\" \/>\n<meta property=\"og:site_name\" content=\"Politiek Heerenveen - Heerenveen Lokaal\" \/>\n<meta property=\"article:published_time\" content=\"2019-05-27T08:01:31+00:00\" \/>\n<meta property=\"og:image\" content=\"https:\/\/heerenveenlokaal.nl\/wp-content\/uploads\/2019\/05\/IMG-20190526-WA0015.jpg\" \/>\n\t<meta property=\"og:image:width\" content=\"1600\" \/>\n\t<meta property=\"og:image:height\" content=\"1200\" \/>\n\t<meta property=\"og:image:type\" content=\"image\/jpeg\" \/>\n<meta name=\"author\" content=\"Heerenveen Lokaal\" \/>\n<meta name=\"twitter:card\" content=\"summary_large_image\" \/>\n<meta name=\"twitter:label1\" content=\"Skreaun troch\" \/>\n\t<meta name=\"twitter:data1\" content=\"Heerenveen Lokaal\" \/>\n\t<meta name=\"twitter:label2\" content=\"Est. l\u00eastiid\" \/>\n\t<meta name=\"twitter:data2\" content=\"3 minuten\" \/>\n<script type=\"application\/ld+json\" class=\"yoast-schema-graph\">{\"@context\":\"https:\\\/\\\/schema.org\",\"@graph\":[{\"@type\":\"Article\",\"@id\":\"https:\\\/\\\/heerenveenlokaal.nl\\\/dit-wordt-het-centrum-van-de-heerenveense-gemeenschap\\\/#article\",\"isPartOf\":{\"@id\":\"https:\\\/\\\/heerenveenlokaal.nl\\\/dit-wordt-het-centrum-van-de-heerenveense-gemeenschap\\\/\"},\"author\":{\"name\":\"Heerenveen Lokaal\",\"@id\":\"https:\\\/\\\/heerenveenlokaal.nl\\\/#\\\/schema\\\/person\\\/98668054f6b5255c57eb8070a7495491\"},\"headline\":\"Dit wordt het centrum van de Heerenveense gemeenschap\",\"datePublished\":\"2019-05-27T08:01:31+00:00\",\"mainEntityOfPage\":{\"@id\":\"https:\\\/\\\/heerenveenlokaal.nl\\\/dit-wordt-het-centrum-van-de-heerenveense-gemeenschap\\\/\"},\"wordCount\":458,\"publisher\":{\"@id\":\"https:\\\/\\\/heerenveenlokaal.nl\\\/#organization\"},\"image\":{\"@id\":\"https:\\\/\\\/heerenveenlokaal.nl\\\/dit-wordt-het-centrum-van-de-heerenveense-gemeenschap\\\/#primaryimage\"},\"thumbnailUrl\":\"https:\\\/\\\/heerenveenlokaal.nl\\\/wp-content\\\/uploads\\\/2019\\\/05\\\/IMG-20190526-WA0015.webp\",\"keywords\":[\"G1000\",\"Heerenveen centrum\"],\"articleSection\":[\"Nieuws\"],\"inLanguage\":\"fy\"},{\"@type\":\"WebPage\",\"@id\":\"https:\\\/\\\/heerenveenlokaal.nl\\\/dit-wordt-het-centrum-van-de-heerenveense-gemeenschap\\\/\",\"url\":\"https:\\\/\\\/heerenveenlokaal.nl\\\/dit-wordt-het-centrum-van-de-heerenveense-gemeenschap\\\/\",\"name\":\"Dit wordt het centrum van de Heerenveense gemeenschap - Politiek Heerenveen - Heerenveen Lokaal\",\"isPartOf\":{\"@id\":\"https:\\\/\\\/heerenveenlokaal.nl\\\/#website\"},\"primaryImageOfPage\":{\"@id\":\"https:\\\/\\\/heerenveenlokaal.nl\\\/dit-wordt-het-centrum-van-de-heerenveense-gemeenschap\\\/#primaryimage\"},\"image\":{\"@id\":\"https:\\\/\\\/heerenveenlokaal.nl\\\/dit-wordt-het-centrum-van-de-heerenveense-gemeenschap\\\/#primaryimage\"},\"thumbnailUrl\":\"https:\\\/\\\/heerenveenlokaal.nl\\\/wp-content\\\/uploads\\\/2019\\\/05\\\/IMG-20190526-WA0015.webp\",\"datePublished\":\"2019-05-27T08:01:31+00:00\",\"description\":\"Heerenveen Lokaal geworteld in de lokale en onafhankelijke politiek van Heerenveen al vanaf 1996 heeft als belangrijkste thema samenwerken.\",\"breadcrumb\":{\"@id\":\"https:\\\/\\\/heerenveenlokaal.nl\\\/dit-wordt-het-centrum-van-de-heerenveense-gemeenschap\\\/#breadcrumb\"},\"inLanguage\":\"fy\",\"potentialAction\":[{\"@type\":\"ReadAction\",\"target\":[\"https:\\\/\\\/heerenveenlokaal.nl\\\/dit-wordt-het-centrum-van-de-heerenveense-gemeenschap\\\/\"]}]},{\"@type\":\"ImageObject\",\"inLanguage\":\"fy\",\"@id\":\"https:\\\/\\\/heerenveenlokaal.nl\\\/dit-wordt-het-centrum-van-de-heerenveense-gemeenschap\\\/#primaryimage\",\"url\":\"https:\\\/\\\/heerenveenlokaal.nl\\\/wp-content\\\/uploads\\\/2019\\\/05\\\/IMG-20190526-WA0015.webp\",\"contentUrl\":\"https:\\\/\\\/heerenveenlokaal.nl\\\/wp-content\\\/uploads\\\/2019\\\/05\\\/IMG-20190526-WA0015.webp\",\"width\":1600,\"height\":1200,\"caption\":\"G1000 Heerenveen Lokaal\"},{\"@type\":\"BreadcrumbList\",\"@id\":\"https:\\\/\\\/heerenveenlokaal.nl\\\/dit-wordt-het-centrum-van-de-heerenveense-gemeenschap\\\/#breadcrumb\",\"itemListElement\":[{\"@type\":\"ListItem\",\"position\":1,\"name\":\"Home\",\"item\":\"https:\\\/\\\/heerenveenlokaal.nl\\\/\"},{\"@type\":\"ListItem\",\"position\":2,\"name\":\"Dit wordt het centrum van de Heerenveense gemeenschap\"}]},{\"@type\":\"WebSite\",\"@id\":\"https:\\\/\\\/heerenveenlokaal.nl\\\/#website\",\"url\":\"https:\\\/\\\/heerenveenlokaal.nl\\\/\",\"name\":\"Politiek Heerenveen - Heerenveen Lokaal\",\"description\":\"\",\"publisher\":{\"@id\":\"https:\\\/\\\/heerenveenlokaal.nl\\\/#organization\"},\"potentialAction\":[{\"@type\":\"SearchAction\",\"target\":{\"@type\":\"EntryPoint\",\"urlTemplate\":\"https:\\\/\\\/heerenveenlokaal.nl\\\/?s={search_term_string}\"},\"query-input\":{\"@type\":\"PropertyValueSpecification\",\"valueRequired\":true,\"valueName\":\"search_term_string\"}}],\"inLanguage\":\"fy\"},{\"@type\":\"Organization\",\"@id\":\"https:\\\/\\\/heerenveenlokaal.nl\\\/#organization\",\"name\":\"Politiek Heerenveen - Heerenveen Lokaal\",\"url\":\"https:\\\/\\\/heerenveenlokaal.nl\\\/\",\"logo\":{\"@type\":\"ImageObject\",\"inLanguage\":\"fy\",\"@id\":\"https:\\\/\\\/heerenveenlokaal.nl\\\/#\\\/schema\\\/logo\\\/image\\\/\",\"url\":\"https:\\\/\\\/heerenveenlokaal.nl\\\/wp-content\\\/uploads\\\/2019\\\/05\\\/cropped-cropped-Logo_Heerenveen_Lokaal_web.jpg\",\"contentUrl\":\"https:\\\/\\\/heerenveenlokaal.nl\\\/wp-content\\\/uploads\\\/2019\\\/05\\\/cropped-cropped-Logo_Heerenveen_Lokaal_web.jpg\",\"width\":512,\"height\":512,\"caption\":\"Politiek Heerenveen - Heerenveen Lokaal\"},\"image\":{\"@id\":\"https:\\\/\\\/heerenveenlokaal.nl\\\/#\\\/schema\\\/logo\\\/image\\\/\"}},{\"@type\":\"Person\",\"@id\":\"https:\\\/\\\/heerenveenlokaal.nl\\\/#\\\/schema\\\/person\\\/98668054f6b5255c57eb8070a7495491\",\"name\":\"Heerenveen Lokaal\",\"image\":{\"@type\":\"ImageObject\",\"inLanguage\":\"fy\",\"@id\":\"https:\\\/\\\/secure.gravatar.com\\\/avatar\\\/a4ce14b15561bb0f6dcbd7344ac3b89389066c949bfe8f9866f9c298f28ef103?s=96&d=mm&r=g\",\"url\":\"https:\\\/\\\/secure.gravatar.com\\\/avatar\\\/a4ce14b15561bb0f6dcbd7344ac3b89389066c949bfe8f9866f9c298f28ef103?s=96&d=mm&r=g\",\"contentUrl\":\"https:\\\/\\\/secure.gravatar.com\\\/avatar\\\/a4ce14b15561bb0f6dcbd7344ac3b89389066c949bfe8f9866f9c298f28ef103?s=96&d=mm&r=g\",\"caption\":\"Heerenveen Lokaal\"},\"description\":\"Heerenveen Lokaal is een dynamisch platform dat zich inzet voor de gemeenschap van Gemeente Heerenveen. Met een focus op lokale politiek, nieuws en evenementen, biedt Heerenveen Lokaal een stem aan de inwoners en bevordert het betrokkenheid en participatie. Ons team bestaat uit gepassioneerde individuen die zich inzetten voor transparantie, informatievoorziening en het versterken van de lokale democratie. Samen streven we naar een Heerenveen waar iedereen gehoord wordt en waar we gezamenlijk werken aan een betere toekomst.\",\"url\":\"https:\\\/\\\/heerenveenlokaal.nl\\\/fy\\\/author\\\/heerenveen-lokaal\\\/\"}]}<\/script>\n<!-- \/ Yoast SEO plugin. -->","yoast_head_json":{"title":"Dit wordt het centrum van de Heerenveense gemeenschap - Politiek Heerenveen - Heerenveen Lokaal","description":"Heerenveen Lokaal geworteld in de lokale en onafhankelijke politiek van Heerenveen al vanaf 1996 heeft als belangrijkste thema samenwerken.","robots":{"index":"index","follow":"follow","max-snippet":"max-snippet:-1","max-image-preview":"max-image-preview:large","max-video-preview":"max-video-preview:-1"},"canonical":"https:\/\/heerenveenlokaal.nl\/fy\/dit-wordt-het-centrum-van-de-heerenveense-gemeenschap\/","og_locale":"en_US","og_type":"article","og_title":"Dit wordt het centrum van de Heerenveense gemeenschap - Politiek Heerenveen - Heerenveen Lokaal","og_description":"Heerenveen Lokaal geworteld in de lokale en onafhankelijke politiek van Heerenveen al vanaf 1996 heeft als belangrijkste thema samenwerken.","og_url":"https:\/\/heerenveenlokaal.nl\/fy\/dit-wordt-het-centrum-van-de-heerenveense-gemeenschap\/","og_site_name":"Politiek Heerenveen - Heerenveen Lokaal","article_published_time":"2019-05-27T08:01:31+00:00","og_image":[{"width":1600,"height":1200,"url":"https:\/\/heerenveenlokaal.nl\/wp-content\/uploads\/2019\/05\/IMG-20190526-WA0015.jpg","type":"image\/jpeg"}],"author":"Heerenveen Lokaal","twitter_card":"summary_large_image","twitter_misc":{"Skreaun troch":"Heerenveen Lokaal","Est. l\u00eastiid":"3 minuten"},"schema":{"@context":"https:\/\/schema.org","@graph":[{"@type":"Article","@id":"https:\/\/heerenveenlokaal.nl\/dit-wordt-het-centrum-van-de-heerenveense-gemeenschap\/#article","isPartOf":{"@id":"https:\/\/heerenveenlokaal.nl\/dit-wordt-het-centrum-van-de-heerenveense-gemeenschap\/"},"author":{"name":"Heerenveen Lokaal","@id":"https:\/\/heerenveenlokaal.nl\/#\/schema\/person\/98668054f6b5255c57eb8070a7495491"},"headline":"Dit wordt het centrum van de Heerenveense gemeenschap","datePublished":"2019-05-27T08:01:31+00:00","mainEntityOfPage":{"@id":"https:\/\/heerenveenlokaal.nl\/dit-wordt-het-centrum-van-de-heerenveense-gemeenschap\/"},"wordCount":458,"publisher":{"@id":"https:\/\/heerenveenlokaal.nl\/#organization"},"image":{"@id":"https:\/\/heerenveenlokaal.nl\/dit-wordt-het-centrum-van-de-heerenveense-gemeenschap\/#primaryimage"},"thumbnailUrl":"https:\/\/heerenveenlokaal.nl\/wp-content\/uploads\/2019\/05\/IMG-20190526-WA0015.webp","keywords":["G1000","Heerenveen centrum"],"articleSection":["Nieuws"],"inLanguage":"fy"},{"@type":"WebPage","@id":"https:\/\/heerenveenlokaal.nl\/dit-wordt-het-centrum-van-de-heerenveense-gemeenschap\/","url":"https:\/\/heerenveenlokaal.nl\/dit-wordt-het-centrum-van-de-heerenveense-gemeenschap\/","name":"Dit wordt het centrum van de Heerenveense gemeenschap - Politiek Heerenveen - Heerenveen Lokaal","isPartOf":{"@id":"https:\/\/heerenveenlokaal.nl\/#website"},"primaryImageOfPage":{"@id":"https:\/\/heerenveenlokaal.nl\/dit-wordt-het-centrum-van-de-heerenveense-gemeenschap\/#primaryimage"},"image":{"@id":"https:\/\/heerenveenlokaal.nl\/dit-wordt-het-centrum-van-de-heerenveense-gemeenschap\/#primaryimage"},"thumbnailUrl":"https:\/\/heerenveenlokaal.nl\/wp-content\/uploads\/2019\/05\/IMG-20190526-WA0015.webp","datePublished":"2019-05-27T08:01:31+00:00","description":"Heerenveen Lokaal geworteld in de lokale en onafhankelijke politiek van Heerenveen al vanaf 1996 heeft als belangrijkste thema samenwerken.","breadcrumb":{"@id":"https:\/\/heerenveenlokaal.nl\/dit-wordt-het-centrum-van-de-heerenveense-gemeenschap\/#breadcrumb"},"inLanguage":"fy","potentialAction":[{"@type":"ReadAction","target":["https:\/\/heerenveenlokaal.nl\/dit-wordt-het-centrum-van-de-heerenveense-gemeenschap\/"]}]},{"@type":"ImageObject","inLanguage":"fy","@id":"https:\/\/heerenveenlokaal.nl\/dit-wordt-het-centrum-van-de-heerenveense-gemeenschap\/#primaryimage","url":"https:\/\/heerenveenlokaal.nl\/wp-content\/uploads\/2019\/05\/IMG-20190526-WA0015.webp","contentUrl":"https:\/\/heerenveenlokaal.nl\/wp-content\/uploads\/2019\/05\/IMG-20190526-WA0015.webp","width":1600,"height":1200,"caption":"G1000 Heerenveen Lokaal"},{"@type":"BreadcrumbList","@id":"https:\/\/heerenveenlokaal.nl\/dit-wordt-het-centrum-van-de-heerenveense-gemeenschap\/#breadcrumb","itemListElement":[{"@type":"ListItem","position":1,"name":"Home","item":"https:\/\/heerenveenlokaal.nl\/"},{"@type":"ListItem","position":2,"name":"Dit wordt het centrum van de Heerenveense gemeenschap"}]},{"@type":"WebSite","@id":"https:\/\/heerenveenlokaal.nl\/#website","url":"https:\/\/heerenveenlokaal.nl\/","name":"Politiek Heerenveen - Heerenveen Lokaal","description":"","publisher":{"@id":"https:\/\/heerenveenlokaal.nl\/#organization"},"potentialAction":[{"@type":"SearchAction","target":{"@type":"EntryPoint","urlTemplate":"https:\/\/heerenveenlokaal.nl\/?s={search_term_string}"},"query-input":{"@type":"PropertyValueSpecification","valueRequired":true,"valueName":"search_term_string"}}],"inLanguage":"fy"},{"@type":"Organization","@id":"https:\/\/heerenveenlokaal.nl\/#organization","name":"Politiek Heerenveen - Heerenveen Lokaal","url":"https:\/\/heerenveenlokaal.nl\/","logo":{"@type":"ImageObject","inLanguage":"fy","@id":"https:\/\/heerenveenlokaal.nl\/#\/schema\/logo\/image\/","url":"https:\/\/heerenveenlokaal.nl\/wp-content\/uploads\/2019\/05\/cropped-cropped-Logo_Heerenveen_Lokaal_web.jpg","contentUrl":"https:\/\/heerenveenlokaal.nl\/wp-content\/uploads\/2019\/05\/cropped-cropped-Logo_Heerenveen_Lokaal_web.jpg","width":512,"height":512,"caption":"Politiek Heerenveen - Heerenveen Lokaal"},"image":{"@id":"https:\/\/heerenveenlokaal.nl\/#\/schema\/logo\/image\/"}},{"@type":"Person","@id":"https:\/\/heerenveenlokaal.nl\/#\/schema\/person\/98668054f6b5255c57eb8070a7495491","name":"It Hearrenfean Lokaal","image":{"@type":"ImageObject","inLanguage":"fy","@id":"https:\/\/secure.gravatar.com\/avatar\/a4ce14b15561bb0f6dcbd7344ac3b89389066c949bfe8f9866f9c298f28ef103?s=96&d=mm&r=g","url":"https:\/\/secure.gravatar.com\/avatar\/a4ce14b15561bb0f6dcbd7344ac3b89389066c949bfe8f9866f9c298f28ef103?s=96&d=mm&r=g","contentUrl":"https:\/\/secure.gravatar.com\/avatar\/a4ce14b15561bb0f6dcbd7344ac3b89389066c949bfe8f9866f9c298f28ef103?s=96&d=mm&r=g","caption":"Heerenveen Lokaal"},"description":"Heerenveen Lokaal is een dynamisch platform dat zich inzet voor de gemeenschap van Gemeente Heerenveen. Met een focus op lokale politiek, nieuws en evenementen, biedt Heerenveen Lokaal een stem aan de inwoners en bevordert het betrokkenheid en participatie. Ons team bestaat uit gepassioneerde individuen die zich inzetten voor transparantie, informatievoorziening en het versterken van de lokale democratie. Samen streven we naar een Heerenveen waar iedereen gehoord wordt en waar we gezamenlijk werken aan een betere toekomst.","url":"https:\/\/heerenveenlokaal.nl\/fy\/author\/heerenveen-lokaal\/"}]}},"_links":{"self":[{"href":"https:\/\/heerenveenlokaal.nl\/fy\/wp-json\/wp\/v2\/posts\/465","targetHints":{"allow":["GET"]}}],"collection":[{"href":"https:\/\/heerenveenlokaal.nl\/fy\/wp-json\/wp\/v2\/posts"}],"about":[{"href":"https:\/\/heerenveenlokaal.nl\/fy\/wp-json\/wp\/v2\/types\/post"}],"author":[{"embeddable":true,"href":"https:\/\/heerenveenlokaal.nl\/fy\/wp-json\/wp\/v2\/users\/3"}],"replies":[{"embeddable":true,"href":"https:\/\/heerenveenlokaal.nl\/fy\/wp-json\/wp\/v2\/comments?post=465"}],"version-history":[{"count":0,"href":"https:\/\/heerenveenlokaal.nl\/fy\/wp-json\/wp\/v2\/posts\/465\/revisions"}],"wp:featuredmedia":[{"embeddable":true,"href":"https:\/\/heerenveenlokaal.nl\/fy\/wp-json\/wp\/v2\/media\/616"}],"wp:attachment":[{"href":"https:\/\/heerenveenlokaal.nl\/fy\/wp-json\/wp\/v2\/media?parent=465"}],"wp:term":[{"taxonomy":"category","embeddable":true,"href":"https:\/\/heerenveenlokaal.nl\/fy\/wp-json\/wp\/v2\/categories?post=465"},{"taxonomy":"post_tag","embeddable":true,"href":"https:\/\/heerenveenlokaal.nl\/fy\/wp-json\/wp\/v2\/tags?post=465"}],"curies":[{"name":"wp","href":"https:\/\/api.w.org\/{rel}","templated":true}]}}