{"id":679,"date":"2019-12-19T16:01:40","date_gmt":"2019-12-19T15:01:40","guid":{"rendered":"https:\/\/heerenveenlokaal.nl\/?p=679"},"modified":"2019-12-19T16:01:40","modified_gmt":"2019-12-19T15:01:40","slug":"nee-tegen-tariefsverhoging-afval","status":"publish","type":"post","link":"https:\/\/heerenveenlokaal.nl\/fy\/nee-tegen-tariefsverhoging-afval\/","title":{"rendered":"Nee tsjin ferhegingen fan \u00f4ffalpersintaazjes"},"content":{"rendered":"<h4 class=\"wp-block-heading\">Us ynwenners hawwe enoarme miljeuwinst berikt.<\/h4>\n\n\n\n<p>It kolleezje hat in grut tekoart. It <a rel=\"noreferrer noopener\" aria-label=\"kolleezje (iepent yn in nij ljepbl\u00ead)\" href=\"https:\/\/www.heerenveen.nl\/bestuur\/jaap-van-veen\/\" target=\"_blank\">universiteit<\/a> hat in flater makke yn &#039;e miening fan \u00fas ynwenners. Heerenveen Lokaal stipet neisortering fan \u00f4ffal, mar dit moat foardielich w\u00eaze foar alle partijen, benammen it miljeu.<br \/>No, hoe mear \u00f4ffal jo skiede, hoe mear jo betelje! Wis, \u00fas h\u00fash\u00e2ldlike begrutting moat op oarder w\u00eaze, mar as in tekoart \u00fbntstiet troch ferkearde oannames en skattingen, kinne jo it \u00fas ynwenners net de skuld jaan. <br \/>De nije maatregel dy&#039;t nommen is troch de boargemaster en weth\u00e2lders docht gjin goed, foaral net foar it miljeu.<br \/>Hearrenfean Lokaal hat d\u00earom yn prinsipe tsjin de taryfferheging foar h\u00fash\u00e2ldlik \u00f4ffal stimd.<\/p>","protected":false},"excerpt":{"rendered":"<p>Onze inwoners hebben een enorme milieuwinst behaald. Het college heeft een groot tekort. Het college heeft zich vergist in onze inwoners. Heerenveen Lokaal is een voorstander van na-scheiden van afval, maar dit moet voor alle partijen en zeker voor het milieu winst opleveren.Nu is het hoe meer afval u scheidt hoe meer u betaalt! Inderdaad [&hellip;]<\/p>\n","protected":false},"author":3,"featured_media":685,"comment_status":"closed","ping_status":"closed","sticky":false,"template":"","format":"standard","meta":{"_acf_changed":false,"mc4wp_mailchimp_campaign":[],"footnotes":""},"categories":[13],"tags":[16,17],"class_list":["post-679","post","type-post","status-publish","format-standard","has-post-thumbnail","hentry","category-nieuws","tag-afval-scheiden","tag-afval-tarief"],"acf":[],"yoast_head":"<!-- This site is optimized with the Yoast SEO plugin v27.4 - https:\/\/yoast.com\/product\/yoast-seo-wordpress\/ -->\n<title>Nee tegen tariefsverhoging afval - Politiek Heerenveen - Heerenveen Lokaal<\/title>\n<meta name=\"description\" content=\"Heerenveen Lokaal is een voorstander van nascheiden van afval, maar dit moet voor alle partijen en zeker voor het milieu, winst opleveren.\" \/>\n<meta name=\"robots\" content=\"index, follow, max-snippet:-1, max-image-preview:large, max-video-preview:-1\" \/>\n<link rel=\"canonical\" href=\"https:\/\/heerenveenlokaal.nl\/fy\/nee-tegen-tariefsverhoging-afval\/\" \/>\n<meta property=\"og:locale\" content=\"en_US\" \/>\n<meta property=\"og:type\" content=\"article\" \/>\n<meta property=\"og:title\" content=\"Nee tegen tariefsverhoging afval - Politiek Heerenveen - Heerenveen Lokaal\" \/>\n<meta property=\"og:description\" content=\"Heerenveen Lokaal is een voorstander van nascheiden van afval, maar dit moet voor alle partijen en zeker voor het milieu, winst opleveren.\" \/>\n<meta property=\"og:url\" content=\"https:\/\/heerenveenlokaal.nl\/fy\/nee-tegen-tariefsverhoging-afval\/\" \/>\n<meta property=\"og:site_name\" content=\"Politiek Heerenveen - Heerenveen Lokaal\" \/>\n<meta property=\"article:published_time\" content=\"2019-12-19T15:01:40+00:00\" \/>\n<meta property=\"og:image\" content=\"https:\/\/heerenveenlokaal.nl\/wp-content\/uploads\/2019\/12\/containers.jpg\" \/>\n\t<meta property=\"og:image:width\" content=\"269\" \/>\n\t<meta property=\"og:image:height\" content=\"179\" \/>\n\t<meta property=\"og:image:type\" content=\"image\/jpeg\" \/>\n<meta name=\"author\" content=\"Heerenveen Lokaal\" \/>\n<meta name=\"twitter:card\" content=\"summary_large_image\" \/>\n<meta name=\"twitter:label1\" content=\"Skreaun troch\" \/>\n\t<meta name=\"twitter:data1\" content=\"Heerenveen Lokaal\" \/>\n\t<meta name=\"twitter:label2\" content=\"Est. l\u00eastiid\" \/>\n\t<meta name=\"twitter:data2\" content=\"1 min\u00fat\" \/>\n<script type=\"application\/ld+json\" class=\"yoast-schema-graph\">{\"@context\":\"https:\\\/\\\/schema.org\",\"@graph\":[{\"@type\":\"Article\",\"@id\":\"https:\\\/\\\/heerenveenlokaal.nl\\\/nee-tegen-tariefsverhoging-afval\\\/#article\",\"isPartOf\":{\"@id\":\"https:\\\/\\\/heerenveenlokaal.nl\\\/nee-tegen-tariefsverhoging-afval\\\/\"},\"author\":{\"name\":\"Heerenveen Lokaal\",\"@id\":\"https:\\\/\\\/heerenveenlokaal.nl\\\/#\\\/schema\\\/person\\\/98668054f6b5255c57eb8070a7495491\"},\"headline\":\"Nee tegen tariefsverhoging afval\",\"datePublished\":\"2019-12-19T15:01:40+00:00\",\"mainEntityOfPage\":{\"@id\":\"https:\\\/\\\/heerenveenlokaal.nl\\\/nee-tegen-tariefsverhoging-afval\\\/\"},\"wordCount\":116,\"publisher\":{\"@id\":\"https:\\\/\\\/heerenveenlokaal.nl\\\/#organization\"},\"image\":{\"@id\":\"https:\\\/\\\/heerenveenlokaal.nl\\\/nee-tegen-tariefsverhoging-afval\\\/#primaryimage\"},\"thumbnailUrl\":\"https:\\\/\\\/heerenveenlokaal.nl\\\/wp-content\\\/uploads\\\/2019\\\/12\\\/containers.webp\",\"keywords\":[\"afval scheiden\",\"afval tarief\"],\"articleSection\":[\"Nieuws\"],\"inLanguage\":\"fy\"},{\"@type\":\"WebPage\",\"@id\":\"https:\\\/\\\/heerenveenlokaal.nl\\\/nee-tegen-tariefsverhoging-afval\\\/\",\"url\":\"https:\\\/\\\/heerenveenlokaal.nl\\\/nee-tegen-tariefsverhoging-afval\\\/\",\"name\":\"Nee tegen tariefsverhoging afval - Politiek Heerenveen - Heerenveen Lokaal\",\"isPartOf\":{\"@id\":\"https:\\\/\\\/heerenveenlokaal.nl\\\/#website\"},\"primaryImageOfPage\":{\"@id\":\"https:\\\/\\\/heerenveenlokaal.nl\\\/nee-tegen-tariefsverhoging-afval\\\/#primaryimage\"},\"image\":{\"@id\":\"https:\\\/\\\/heerenveenlokaal.nl\\\/nee-tegen-tariefsverhoging-afval\\\/#primaryimage\"},\"thumbnailUrl\":\"https:\\\/\\\/heerenveenlokaal.nl\\\/wp-content\\\/uploads\\\/2019\\\/12\\\/containers.webp\",\"datePublished\":\"2019-12-19T15:01:40+00:00\",\"description\":\"Heerenveen Lokaal is een voorstander van nascheiden van afval, maar dit moet voor alle partijen en zeker voor het milieu, winst opleveren.\",\"breadcrumb\":{\"@id\":\"https:\\\/\\\/heerenveenlokaal.nl\\\/nee-tegen-tariefsverhoging-afval\\\/#breadcrumb\"},\"inLanguage\":\"fy\",\"potentialAction\":[{\"@type\":\"ReadAction\",\"target\":[\"https:\\\/\\\/heerenveenlokaal.nl\\\/nee-tegen-tariefsverhoging-afval\\\/\"]}]},{\"@type\":\"ImageObject\",\"inLanguage\":\"fy\",\"@id\":\"https:\\\/\\\/heerenveenlokaal.nl\\\/nee-tegen-tariefsverhoging-afval\\\/#primaryimage\",\"url\":\"https:\\\/\\\/heerenveenlokaal.nl\\\/wp-content\\\/uploads\\\/2019\\\/12\\\/containers.webp\",\"contentUrl\":\"https:\\\/\\\/heerenveenlokaal.nl\\\/wp-content\\\/uploads\\\/2019\\\/12\\\/containers.webp\",\"width\":269,\"height\":179,\"caption\":\"Heerenveen Lokaal geen afval tarief verhoging\"},{\"@type\":\"BreadcrumbList\",\"@id\":\"https:\\\/\\\/heerenveenlokaal.nl\\\/nee-tegen-tariefsverhoging-afval\\\/#breadcrumb\",\"itemListElement\":[{\"@type\":\"ListItem\",\"position\":1,\"name\":\"Home\",\"item\":\"https:\\\/\\\/heerenveenlokaal.nl\\\/\"},{\"@type\":\"ListItem\",\"position\":2,\"name\":\"Nee tegen tariefsverhoging afval\"}]},{\"@type\":\"WebSite\",\"@id\":\"https:\\\/\\\/heerenveenlokaal.nl\\\/#website\",\"url\":\"https:\\\/\\\/heerenveenlokaal.nl\\\/\",\"name\":\"Politiek Heerenveen - Heerenveen Lokaal\",\"description\":\"\",\"publisher\":{\"@id\":\"https:\\\/\\\/heerenveenlokaal.nl\\\/#organization\"},\"potentialAction\":[{\"@type\":\"SearchAction\",\"target\":{\"@type\":\"EntryPoint\",\"urlTemplate\":\"https:\\\/\\\/heerenveenlokaal.nl\\\/?s={search_term_string}\"},\"query-input\":{\"@type\":\"PropertyValueSpecification\",\"valueRequired\":true,\"valueName\":\"search_term_string\"}}],\"inLanguage\":\"fy\"},{\"@type\":\"Organization\",\"@id\":\"https:\\\/\\\/heerenveenlokaal.nl\\\/#organization\",\"name\":\"Politiek Heerenveen - Heerenveen Lokaal\",\"url\":\"https:\\\/\\\/heerenveenlokaal.nl\\\/\",\"logo\":{\"@type\":\"ImageObject\",\"inLanguage\":\"fy\",\"@id\":\"https:\\\/\\\/heerenveenlokaal.nl\\\/#\\\/schema\\\/logo\\\/image\\\/\",\"url\":\"https:\\\/\\\/heerenveenlokaal.nl\\\/wp-content\\\/uploads\\\/2019\\\/05\\\/cropped-cropped-Logo_Heerenveen_Lokaal_web.jpg\",\"contentUrl\":\"https:\\\/\\\/heerenveenlokaal.nl\\\/wp-content\\\/uploads\\\/2019\\\/05\\\/cropped-cropped-Logo_Heerenveen_Lokaal_web.jpg\",\"width\":512,\"height\":512,\"caption\":\"Politiek Heerenveen - Heerenveen Lokaal\"},\"image\":{\"@id\":\"https:\\\/\\\/heerenveenlokaal.nl\\\/#\\\/schema\\\/logo\\\/image\\\/\"}},{\"@type\":\"Person\",\"@id\":\"https:\\\/\\\/heerenveenlokaal.nl\\\/#\\\/schema\\\/person\\\/98668054f6b5255c57eb8070a7495491\",\"name\":\"Heerenveen Lokaal\",\"image\":{\"@type\":\"ImageObject\",\"inLanguage\":\"fy\",\"@id\":\"https:\\\/\\\/secure.gravatar.com\\\/avatar\\\/a4ce14b15561bb0f6dcbd7344ac3b89389066c949bfe8f9866f9c298f28ef103?s=96&d=mm&r=g\",\"url\":\"https:\\\/\\\/secure.gravatar.com\\\/avatar\\\/a4ce14b15561bb0f6dcbd7344ac3b89389066c949bfe8f9866f9c298f28ef103?s=96&d=mm&r=g\",\"contentUrl\":\"https:\\\/\\\/secure.gravatar.com\\\/avatar\\\/a4ce14b15561bb0f6dcbd7344ac3b89389066c949bfe8f9866f9c298f28ef103?s=96&d=mm&r=g\",\"caption\":\"Heerenveen Lokaal\"},\"description\":\"Heerenveen Lokaal is een dynamisch platform dat zich inzet voor de gemeenschap van Gemeente Heerenveen. Met een focus op lokale politiek, nieuws en evenementen, biedt Heerenveen Lokaal een stem aan de inwoners en bevordert het betrokkenheid en participatie. Ons team bestaat uit gepassioneerde individuen die zich inzetten voor transparantie, informatievoorziening en het versterken van de lokale democratie. Samen streven we naar een Heerenveen waar iedereen gehoord wordt en waar we gezamenlijk werken aan een betere toekomst.\",\"url\":\"https:\\\/\\\/heerenveenlokaal.nl\\\/fy\\\/author\\\/heerenveen-lokaal\\\/\"}]}<\/script>\n<!-- \/ Yoast SEO plugin. -->","yoast_head_json":{"title":"Nee tegen tariefsverhoging afval - Politiek Heerenveen - Heerenveen Lokaal","description":"Heerenveen Lokaal is een voorstander van nascheiden van afval, maar dit moet voor alle partijen en zeker voor het milieu, winst opleveren.","robots":{"index":"index","follow":"follow","max-snippet":"max-snippet:-1","max-image-preview":"max-image-preview:large","max-video-preview":"max-video-preview:-1"},"canonical":"https:\/\/heerenveenlokaal.nl\/fy\/nee-tegen-tariefsverhoging-afval\/","og_locale":"en_US","og_type":"article","og_title":"Nee tegen tariefsverhoging afval - Politiek Heerenveen - Heerenveen Lokaal","og_description":"Heerenveen Lokaal is een voorstander van nascheiden van afval, maar dit moet voor alle partijen en zeker voor het milieu, winst opleveren.","og_url":"https:\/\/heerenveenlokaal.nl\/fy\/nee-tegen-tariefsverhoging-afval\/","og_site_name":"Politiek Heerenveen - Heerenveen Lokaal","article_published_time":"2019-12-19T15:01:40+00:00","og_image":[{"width":269,"height":179,"url":"https:\/\/heerenveenlokaal.nl\/wp-content\/uploads\/2019\/12\/containers.jpg","type":"image\/jpeg"}],"author":"Heerenveen Lokaal","twitter_card":"summary_large_image","twitter_misc":{"Skreaun troch":"Heerenveen Lokaal","Est. l\u00eastiid":"1 min\u00fat"},"schema":{"@context":"https:\/\/schema.org","@graph":[{"@type":"Article","@id":"https:\/\/heerenveenlokaal.nl\/nee-tegen-tariefsverhoging-afval\/#article","isPartOf":{"@id":"https:\/\/heerenveenlokaal.nl\/nee-tegen-tariefsverhoging-afval\/"},"author":{"name":"Heerenveen Lokaal","@id":"https:\/\/heerenveenlokaal.nl\/#\/schema\/person\/98668054f6b5255c57eb8070a7495491"},"headline":"Nee tegen tariefsverhoging afval","datePublished":"2019-12-19T15:01:40+00:00","mainEntityOfPage":{"@id":"https:\/\/heerenveenlokaal.nl\/nee-tegen-tariefsverhoging-afval\/"},"wordCount":116,"publisher":{"@id":"https:\/\/heerenveenlokaal.nl\/#organization"},"image":{"@id":"https:\/\/heerenveenlokaal.nl\/nee-tegen-tariefsverhoging-afval\/#primaryimage"},"thumbnailUrl":"https:\/\/heerenveenlokaal.nl\/wp-content\/uploads\/2019\/12\/containers.webp","keywords":["afval scheiden","afval tarief"],"articleSection":["Nieuws"],"inLanguage":"fy"},{"@type":"WebPage","@id":"https:\/\/heerenveenlokaal.nl\/nee-tegen-tariefsverhoging-afval\/","url":"https:\/\/heerenveenlokaal.nl\/nee-tegen-tariefsverhoging-afval\/","name":"Nee tegen tariefsverhoging afval - Politiek Heerenveen - Heerenveen Lokaal","isPartOf":{"@id":"https:\/\/heerenveenlokaal.nl\/#website"},"primaryImageOfPage":{"@id":"https:\/\/heerenveenlokaal.nl\/nee-tegen-tariefsverhoging-afval\/#primaryimage"},"image":{"@id":"https:\/\/heerenveenlokaal.nl\/nee-tegen-tariefsverhoging-afval\/#primaryimage"},"thumbnailUrl":"https:\/\/heerenveenlokaal.nl\/wp-content\/uploads\/2019\/12\/containers.webp","datePublished":"2019-12-19T15:01:40+00:00","description":"Heerenveen Lokaal is een voorstander van nascheiden van afval, maar dit moet voor alle partijen en zeker voor het milieu, winst opleveren.","breadcrumb":{"@id":"https:\/\/heerenveenlokaal.nl\/nee-tegen-tariefsverhoging-afval\/#breadcrumb"},"inLanguage":"fy","potentialAction":[{"@type":"ReadAction","target":["https:\/\/heerenveenlokaal.nl\/nee-tegen-tariefsverhoging-afval\/"]}]},{"@type":"ImageObject","inLanguage":"fy","@id":"https:\/\/heerenveenlokaal.nl\/nee-tegen-tariefsverhoging-afval\/#primaryimage","url":"https:\/\/heerenveenlokaal.nl\/wp-content\/uploads\/2019\/12\/containers.webp","contentUrl":"https:\/\/heerenveenlokaal.nl\/wp-content\/uploads\/2019\/12\/containers.webp","width":269,"height":179,"caption":"Heerenveen Lokaal geen afval tarief verhoging"},{"@type":"BreadcrumbList","@id":"https:\/\/heerenveenlokaal.nl\/nee-tegen-tariefsverhoging-afval\/#breadcrumb","itemListElement":[{"@type":"ListItem","position":1,"name":"Home","item":"https:\/\/heerenveenlokaal.nl\/"},{"@type":"ListItem","position":2,"name":"Nee tegen tariefsverhoging afval"}]},{"@type":"WebSite","@id":"https:\/\/heerenveenlokaal.nl\/#website","url":"https:\/\/heerenveenlokaal.nl\/","name":"Politiek Heerenveen - Heerenveen Lokaal","description":"","publisher":{"@id":"https:\/\/heerenveenlokaal.nl\/#organization"},"potentialAction":[{"@type":"SearchAction","target":{"@type":"EntryPoint","urlTemplate":"https:\/\/heerenveenlokaal.nl\/?s={search_term_string}"},"query-input":{"@type":"PropertyValueSpecification","valueRequired":true,"valueName":"search_term_string"}}],"inLanguage":"fy"},{"@type":"Organization","@id":"https:\/\/heerenveenlokaal.nl\/#organization","name":"Politiek Heerenveen - Heerenveen Lokaal","url":"https:\/\/heerenveenlokaal.nl\/","logo":{"@type":"ImageObject","inLanguage":"fy","@id":"https:\/\/heerenveenlokaal.nl\/#\/schema\/logo\/image\/","url":"https:\/\/heerenveenlokaal.nl\/wp-content\/uploads\/2019\/05\/cropped-cropped-Logo_Heerenveen_Lokaal_web.jpg","contentUrl":"https:\/\/heerenveenlokaal.nl\/wp-content\/uploads\/2019\/05\/cropped-cropped-Logo_Heerenveen_Lokaal_web.jpg","width":512,"height":512,"caption":"Politiek Heerenveen - Heerenveen Lokaal"},"image":{"@id":"https:\/\/heerenveenlokaal.nl\/#\/schema\/logo\/image\/"}},{"@type":"Person","@id":"https:\/\/heerenveenlokaal.nl\/#\/schema\/person\/98668054f6b5255c57eb8070a7495491","name":"It Hearrenfean Lokaal","image":{"@type":"ImageObject","inLanguage":"fy","@id":"https:\/\/secure.gravatar.com\/avatar\/a4ce14b15561bb0f6dcbd7344ac3b89389066c949bfe8f9866f9c298f28ef103?s=96&d=mm&r=g","url":"https:\/\/secure.gravatar.com\/avatar\/a4ce14b15561bb0f6dcbd7344ac3b89389066c949bfe8f9866f9c298f28ef103?s=96&d=mm&r=g","contentUrl":"https:\/\/secure.gravatar.com\/avatar\/a4ce14b15561bb0f6dcbd7344ac3b89389066c949bfe8f9866f9c298f28ef103?s=96&d=mm&r=g","caption":"Heerenveen Lokaal"},"description":"Heerenveen Lokaal is een dynamisch platform dat zich inzet voor de gemeenschap van Gemeente Heerenveen. Met een focus op lokale politiek, nieuws en evenementen, biedt Heerenveen Lokaal een stem aan de inwoners en bevordert het betrokkenheid en participatie. Ons team bestaat uit gepassioneerde individuen die zich inzetten voor transparantie, informatievoorziening en het versterken van de lokale democratie. Samen streven we naar een Heerenveen waar iedereen gehoord wordt en waar we gezamenlijk werken aan een betere toekomst.","url":"https:\/\/heerenveenlokaal.nl\/fy\/author\/heerenveen-lokaal\/"}]}},"_links":{"self":[{"href":"https:\/\/heerenveenlokaal.nl\/fy\/wp-json\/wp\/v2\/posts\/679","targetHints":{"allow":["GET"]}}],"collection":[{"href":"https:\/\/heerenveenlokaal.nl\/fy\/wp-json\/wp\/v2\/posts"}],"about":[{"href":"https:\/\/heerenveenlokaal.nl\/fy\/wp-json\/wp\/v2\/types\/post"}],"author":[{"embeddable":true,"href":"https:\/\/heerenveenlokaal.nl\/fy\/wp-json\/wp\/v2\/users\/3"}],"replies":[{"embeddable":true,"href":"https:\/\/heerenveenlokaal.nl\/fy\/wp-json\/wp\/v2\/comments?post=679"}],"version-history":[{"count":0,"href":"https:\/\/heerenveenlokaal.nl\/fy\/wp-json\/wp\/v2\/posts\/679\/revisions"}],"wp:featuredmedia":[{"embeddable":true,"href":"https:\/\/heerenveenlokaal.nl\/fy\/wp-json\/wp\/v2\/media\/685"}],"wp:attachment":[{"href":"https:\/\/heerenveenlokaal.nl\/fy\/wp-json\/wp\/v2\/media?parent=679"}],"wp:term":[{"taxonomy":"category","embeddable":true,"href":"https:\/\/heerenveenlokaal.nl\/fy\/wp-json\/wp\/v2\/categories?post=679"},{"taxonomy":"post_tag","embeddable":true,"href":"https:\/\/heerenveenlokaal.nl\/fy\/wp-json\/wp\/v2\/tags?post=679"}],"curies":[{"name":"wp","href":"https:\/\/api.w.org\/{rel}","templated":true}]}}