{"id":715,"date":"2020-06-19T18:11:32","date_gmt":"2020-06-19T17:11:32","guid":{"rendered":"https:\/\/heerenveenlokaal.nl\/?p=715"},"modified":"2020-06-19T18:11:32","modified_gmt":"2020-06-19T17:11:32","slug":"niet-over-1-nacht-ijs-gaan","status":"publish","type":"post","link":"https:\/\/heerenveenlokaal.nl\/fy\/niet-over-1-nacht-ijs-gaan\/","title":{"rendered":"Net te hastich yn dingen"},"content":{"rendered":"<p>Hearrenfean Lokaal, de lokale partij fan Hearrenfean, sil op moandei 22 juny tidens de riedsgearkomste in moasje yntsjinje \u00fbnder it agindapunt &quot;Herstelplan Thialf&quot;, w\u00earyn&#039;t frege wurdt om de beneaming fan in projektmanager.<\/p>\n\n\n\n<p>Dizze projektmanager, dy&#039;t \u00fbn\u00f4fhinklik hannelet, moat alle (merk)partijen en belanghawwenden byinoar bringe om foarstellen te \u00fbntwikkeljen dy&#039;t de wurking fan Thialf, en d\u00earmei ek de iishockeybaan, ferbetterje en der winst fan meitsje ynstee fan ferlies. Dit moat de gemeenteried in d\u00fadlik en goed \u00fbnderboud foarstel jaan, sadat in goed besl\u00fat nommen wurde kin. Sa&#039;n projektmanager kin fluch en effektyf wurkje en syn resultaten prompt oan de gemeenteried presintearje.<\/p>\n\n\n\n<p>It foarstel fan &#039;e ried jout net gen\u00f4ch d\u00fadlikens om foar of tsjin it herstelplan te stimmen. Wylst de prim\u00eare fokus leit op it r\u00eaden fan Thialf, wol Heerenveen Lokaal in rotsf\u00easte takomst foar Thialf en de iishockeybaan.<\/p>\n\n\n\n<p>Hearrenfean Lokaal wol mear opsjes as dy&#039;t op it stuit yn it riedsfoarstel foarsteld binne om in ienmalige bydrage te leverjen en in struktureel eksploitaasjetekoart te garandearjen.<\/p>\n\n\n\n<p>De moasje sl\u00fat naadloos oan by en stipet de foarstellen dy&#039;t yn Provinsjale Ried troch de PvdA en CDA oannommen binne.<\/p>\n\n\n\n<p>Hjir\u00fbnder fine jo de tekst fan &#039;e moasje:<\/p>\n\n\n\n<p><\/p>\n\n\n\n<p><strong>Moasje <\/strong>neffens artikel 36 fan it reglement fan oarder foar de gearkomste fan &#039;e gemeenteried fan Hearrenfean<\/p>\n\n\n\n<p><strong>Troch: <\/strong>Age Hartsuiker<br \/>Oan: De foarsitter fan &#039;e Ried<\/p>\n\n\n\n<p>Agindapunt:<br \/>Underwerp: Net te hastich mei dingen omgean<br \/><br \/><\/p>\n\n\n\n<p>De riedsgearkomste op: 22 juny 2020<\/p>\n\n\n\n<p>Merkt op dat:<\/p>\n\n\n\n<ul class=\"wp-block-list\"><li>Der wurdt foarsteld om aktiviteiten te \u00fbndersykjen dy&#039;t rjochte binne op it fierder ferbetterjen fan de wurking fan Thialf en de iishockeyhal om de mooglikheden te ferbetterjen en de algemiene wurking fan Thialf te fersterkjen.<\/li><li>it foarstel fan &#039;e ried freget om in ienmalige finansjele bydrage en in gar\u00e2nsje foar in strukturele eksploitaasjekost.<\/li><li>De gemeente Hearrenfean is eigener fan en finansiert de iishockeyhal, en Thialf BV is ferantwurdlik foar de eksploitaasje.<\/li><li>De iishockeyhal as rekreatyf iisbaan genereart op it stuit net gen\u00f4ch om de operaasjes fan Thialf op oarder te bringen of (foldwaande) oan te foljen.<\/li><li>mooglikheden om in substansjele bydrage te leverjen fan\u00fat de Iishockeyhal binne net yn in bredere kontekst \u00fbndersocht.<\/li><\/ul>\n\n\n\n<p>Mei it each op it feit dat:<\/p>\n\n\n\n<ul class=\"wp-block-list\"><li>Thialf, mei syn 400-meter iisbaan, is \u00fas grutskens, lykas de iishockeybaan mei \u00fas ferneamde iishockeyteam.<\/li><li>in soad idee\u00ebn, k\u00e2nsen en mooglikheden wurde foarsteld foar in strukturele ferbettering fan &#039;e eksploitaasje fan Thialf en de iishockeybaan.<\/li><li>it is wichtich om in goed \u00fbnderboud besl\u00fat te nimmen oer de takomst fan Thialf, ynklusyf de iishockeyhal, w\u00earyn alle k\u00e2nsen en mooglikheden \u00fbndersocht binne.<\/li><li>It herstelplan biedt gjin brede basis foar in besl\u00fat om ienmalige en strukturele stipe te jaan oan Thialf-operaasjes.<\/li><li>In projektmanager kin derfoar soargje dat alle (merk)partijen en \u00f4fdielingen byinoar brocht wurde om fan\u00fat in \u00fbn\u00f4fhinklik perspektyf te besk\u00f4gjen wat de sterkste opsjes binne foar it ferbetterjen fan de algemiene wurking fan Thialf (ynklusyf de iishockeyhal)<\/li><\/ul>\n\n\n\n<p>Fersyket it bestjoer \/ ynstruearret it bestjoer:<\/p>\n\n\n\n<ul class=\"wp-block-list\"><li>In projektmanager oanstelle mei de taak om alle (merk)partijen en segminten byinoar te bringen en, fan\u00fat in \u00fbn\u00f4fhinklik perspektyf, de sterkste mooglikheden en opsjes te \u00fbndersiikjen foar de algemiene eksploitaasje fan Thialf, en dus de iishockeybaan.<\/li><\/ul>\n\n\n\n<p>Yntsjinne troch: Heereveen Lokaal<\/p>","protected":false},"excerpt":{"rendered":"<p>Heerenveen Lokaal, de lokale partij van Heerenveen, zal maandag 22 juni, tijdens de raadsvergadering, bij het agendapunt &#8220;Herstelplan Thialf&#8221; een motie indienen waarbij wij vragen een kwartiermaker aan te stellen. Deze kwartiermaker moet vanuit een onafhankelijke positie alle (markt)partijen en geledingen bij elkaar brengen om tot voorstellen te komen welke de exploitatie van Thialf en [&hellip;]<\/p>\n","protected":false},"author":3,"featured_media":717,"comment_status":"closed","ping_status":"closed","sticky":false,"template":"","format":"standard","meta":{"_acf_changed":false,"mc4wp_mailchimp_campaign":[],"footnotes":""},"categories":[13],"tags":[100,102],"class_list":["post-715","post","type-post","status-publish","format-standard","has-post-thumbnail","hentry","category-nieuws","tag-thialf","tag-topsportijshal"],"acf":[],"yoast_head":"<!-- This site is optimized with the Yoast SEO plugin v27.4 - https:\/\/yoast.com\/product\/yoast-seo-wordpress\/ -->\n<title>Niet over 1 nacht ijs gaan - Politiek Heerenveen - Heerenveen Lokaal<\/title>\n<meta name=\"description\" content=\"Heerenveen Lokaal gaat niet over 1 nacht ijs in het besluit om van de ijshockeyhal een niet alleen een breedtesporthal te maken.\" \/>\n<meta name=\"robots\" content=\"index, follow, max-snippet:-1, max-image-preview:large, max-video-preview:-1\" \/>\n<link rel=\"canonical\" href=\"https:\/\/heerenveenlokaal.nl\/fy\/niet-over-1-nacht-ijs-gaan\/\" \/>\n<meta property=\"og:locale\" content=\"en_US\" \/>\n<meta property=\"og:type\" content=\"article\" \/>\n<meta property=\"og:title\" content=\"Niet over 1 nacht ijs gaan - Politiek Heerenveen - Heerenveen Lokaal\" \/>\n<meta property=\"og:description\" content=\"Heerenveen Lokaal gaat niet over 1 nacht ijs in het besluit om van de ijshockeyhal een niet alleen een breedtesporthal te maken.\" \/>\n<meta property=\"og:url\" content=\"https:\/\/heerenveenlokaal.nl\/fy\/niet-over-1-nacht-ijs-gaan\/\" \/>\n<meta property=\"og:site_name\" content=\"Politiek Heerenveen - Heerenveen Lokaal\" \/>\n<meta property=\"article:published_time\" content=\"2020-06-19T17:11:32+00:00\" \/>\n<meta property=\"og:image\" content=\"https:\/\/heerenveenlokaal.nl\/wp-content\/uploads\/2020\/06\/ijshockeyhal-heerenveen-lokaal.jpg\" \/>\n\t<meta property=\"og:image:width\" content=\"1120\" \/>\n\t<meta property=\"og:image:height\" content=\"744\" \/>\n\t<meta property=\"og:image:type\" content=\"image\/jpeg\" \/>\n<meta name=\"author\" content=\"Heerenveen Lokaal\" \/>\n<meta name=\"twitter:card\" content=\"summary_large_image\" \/>\n<meta name=\"twitter:label1\" content=\"Skreaun troch\" \/>\n\t<meta name=\"twitter:data1\" content=\"Heerenveen Lokaal\" \/>\n\t<meta name=\"twitter:label2\" content=\"Est. l\u00eastiid\" \/>\n\t<meta name=\"twitter:data2\" content=\"3 minuten\" \/>\n<script type=\"application\/ld+json\" class=\"yoast-schema-graph\">{\"@context\":\"https:\\\/\\\/schema.org\",\"@graph\":[{\"@type\":\"Article\",\"@id\":\"https:\\\/\\\/heerenveenlokaal.nl\\\/niet-over-1-nacht-ijs-gaan\\\/#article\",\"isPartOf\":{\"@id\":\"https:\\\/\\\/heerenveenlokaal.nl\\\/niet-over-1-nacht-ijs-gaan\\\/\"},\"author\":{\"name\":\"Heerenveen Lokaal\",\"@id\":\"https:\\\/\\\/heerenveenlokaal.nl\\\/#\\\/schema\\\/person\\\/98668054f6b5255c57eb8070a7495491\"},\"headline\":\"Niet over 1 nacht ijs gaan\",\"datePublished\":\"2020-06-19T17:11:32+00:00\",\"mainEntityOfPage\":{\"@id\":\"https:\\\/\\\/heerenveenlokaal.nl\\\/niet-over-1-nacht-ijs-gaan\\\/\"},\"wordCount\":1035,\"publisher\":{\"@id\":\"https:\\\/\\\/heerenveenlokaal.nl\\\/#organization\"},\"image\":{\"@id\":\"https:\\\/\\\/heerenveenlokaal.nl\\\/niet-over-1-nacht-ijs-gaan\\\/#primaryimage\"},\"thumbnailUrl\":\"https:\\\/\\\/heerenveenlokaal.nl\\\/wp-content\\\/uploads\\\/2020\\\/06\\\/ijshockeyhal-heerenveen-lokaal.webp\",\"keywords\":[\"thialf\",\"topsportijshal\"],\"articleSection\":[\"Nieuws\"],\"inLanguage\":\"fy\"},{\"@type\":\"WebPage\",\"@id\":\"https:\\\/\\\/heerenveenlokaal.nl\\\/niet-over-1-nacht-ijs-gaan\\\/\",\"url\":\"https:\\\/\\\/heerenveenlokaal.nl\\\/niet-over-1-nacht-ijs-gaan\\\/\",\"name\":\"Niet over 1 nacht ijs gaan - Politiek Heerenveen - Heerenveen Lokaal\",\"isPartOf\":{\"@id\":\"https:\\\/\\\/heerenveenlokaal.nl\\\/#website\"},\"primaryImageOfPage\":{\"@id\":\"https:\\\/\\\/heerenveenlokaal.nl\\\/niet-over-1-nacht-ijs-gaan\\\/#primaryimage\"},\"image\":{\"@id\":\"https:\\\/\\\/heerenveenlokaal.nl\\\/niet-over-1-nacht-ijs-gaan\\\/#primaryimage\"},\"thumbnailUrl\":\"https:\\\/\\\/heerenveenlokaal.nl\\\/wp-content\\\/uploads\\\/2020\\\/06\\\/ijshockeyhal-heerenveen-lokaal.webp\",\"datePublished\":\"2020-06-19T17:11:32+00:00\",\"description\":\"Heerenveen Lokaal gaat niet over 1 nacht ijs in het besluit om van de ijshockeyhal een niet alleen een breedtesporthal te maken.\",\"breadcrumb\":{\"@id\":\"https:\\\/\\\/heerenveenlokaal.nl\\\/niet-over-1-nacht-ijs-gaan\\\/#breadcrumb\"},\"inLanguage\":\"fy\",\"potentialAction\":[{\"@type\":\"ReadAction\",\"target\":[\"https:\\\/\\\/heerenveenlokaal.nl\\\/niet-over-1-nacht-ijs-gaan\\\/\"]}]},{\"@type\":\"ImageObject\",\"inLanguage\":\"fy\",\"@id\":\"https:\\\/\\\/heerenveenlokaal.nl\\\/niet-over-1-nacht-ijs-gaan\\\/#primaryimage\",\"url\":\"https:\\\/\\\/heerenveenlokaal.nl\\\/wp-content\\\/uploads\\\/2020\\\/06\\\/ijshockeyhal-heerenveen-lokaal.webp\",\"contentUrl\":\"https:\\\/\\\/heerenveenlokaal.nl\\\/wp-content\\\/uploads\\\/2020\\\/06\\\/ijshockeyhal-heerenveen-lokaal.webp\",\"width\":1120,\"height\":744,\"caption\":\"heerenveen lokaal\"},{\"@type\":\"BreadcrumbList\",\"@id\":\"https:\\\/\\\/heerenveenlokaal.nl\\\/niet-over-1-nacht-ijs-gaan\\\/#breadcrumb\",\"itemListElement\":[{\"@type\":\"ListItem\",\"position\":1,\"name\":\"Home\",\"item\":\"https:\\\/\\\/heerenveenlokaal.nl\\\/\"},{\"@type\":\"ListItem\",\"position\":2,\"name\":\"Niet over 1 nacht ijs gaan\"}]},{\"@type\":\"WebSite\",\"@id\":\"https:\\\/\\\/heerenveenlokaal.nl\\\/#website\",\"url\":\"https:\\\/\\\/heerenveenlokaal.nl\\\/\",\"name\":\"Politiek Heerenveen - Heerenveen Lokaal\",\"description\":\"\",\"publisher\":{\"@id\":\"https:\\\/\\\/heerenveenlokaal.nl\\\/#organization\"},\"potentialAction\":[{\"@type\":\"SearchAction\",\"target\":{\"@type\":\"EntryPoint\",\"urlTemplate\":\"https:\\\/\\\/heerenveenlokaal.nl\\\/?s={search_term_string}\"},\"query-input\":{\"@type\":\"PropertyValueSpecification\",\"valueRequired\":true,\"valueName\":\"search_term_string\"}}],\"inLanguage\":\"fy\"},{\"@type\":\"Organization\",\"@id\":\"https:\\\/\\\/heerenveenlokaal.nl\\\/#organization\",\"name\":\"Politiek Heerenveen - Heerenveen Lokaal\",\"url\":\"https:\\\/\\\/heerenveenlokaal.nl\\\/\",\"logo\":{\"@type\":\"ImageObject\",\"inLanguage\":\"fy\",\"@id\":\"https:\\\/\\\/heerenveenlokaal.nl\\\/#\\\/schema\\\/logo\\\/image\\\/\",\"url\":\"https:\\\/\\\/heerenveenlokaal.nl\\\/wp-content\\\/uploads\\\/2019\\\/05\\\/cropped-cropped-Logo_Heerenveen_Lokaal_web.jpg\",\"contentUrl\":\"https:\\\/\\\/heerenveenlokaal.nl\\\/wp-content\\\/uploads\\\/2019\\\/05\\\/cropped-cropped-Logo_Heerenveen_Lokaal_web.jpg\",\"width\":512,\"height\":512,\"caption\":\"Politiek Heerenveen - Heerenveen Lokaal\"},\"image\":{\"@id\":\"https:\\\/\\\/heerenveenlokaal.nl\\\/#\\\/schema\\\/logo\\\/image\\\/\"}},{\"@type\":\"Person\",\"@id\":\"https:\\\/\\\/heerenveenlokaal.nl\\\/#\\\/schema\\\/person\\\/98668054f6b5255c57eb8070a7495491\",\"name\":\"Heerenveen Lokaal\",\"image\":{\"@type\":\"ImageObject\",\"inLanguage\":\"fy\",\"@id\":\"https:\\\/\\\/secure.gravatar.com\\\/avatar\\\/a4ce14b15561bb0f6dcbd7344ac3b89389066c949bfe8f9866f9c298f28ef103?s=96&d=mm&r=g\",\"url\":\"https:\\\/\\\/secure.gravatar.com\\\/avatar\\\/a4ce14b15561bb0f6dcbd7344ac3b89389066c949bfe8f9866f9c298f28ef103?s=96&d=mm&r=g\",\"contentUrl\":\"https:\\\/\\\/secure.gravatar.com\\\/avatar\\\/a4ce14b15561bb0f6dcbd7344ac3b89389066c949bfe8f9866f9c298f28ef103?s=96&d=mm&r=g\",\"caption\":\"Heerenveen Lokaal\"},\"description\":\"Heerenveen Lokaal is een dynamisch platform dat zich inzet voor de gemeenschap van Gemeente Heerenveen. Met een focus op lokale politiek, nieuws en evenementen, biedt Heerenveen Lokaal een stem aan de inwoners en bevordert het betrokkenheid en participatie. Ons team bestaat uit gepassioneerde individuen die zich inzetten voor transparantie, informatievoorziening en het versterken van de lokale democratie. Samen streven we naar een Heerenveen waar iedereen gehoord wordt en waar we gezamenlijk werken aan een betere toekomst.\",\"url\":\"https:\\\/\\\/heerenveenlokaal.nl\\\/fy\\\/author\\\/heerenveen-lokaal\\\/\"}]}<\/script>\n<!-- \/ Yoast SEO plugin. -->","yoast_head_json":{"title":"Niet over 1 nacht ijs gaan - Politiek Heerenveen - Heerenveen Lokaal","description":"Heerenveen Lokaal gaat niet over 1 nacht ijs in het besluit om van de ijshockeyhal een niet alleen een breedtesporthal te maken.","robots":{"index":"index","follow":"follow","max-snippet":"max-snippet:-1","max-image-preview":"max-image-preview:large","max-video-preview":"max-video-preview:-1"},"canonical":"https:\/\/heerenveenlokaal.nl\/fy\/niet-over-1-nacht-ijs-gaan\/","og_locale":"en_US","og_type":"article","og_title":"Niet over 1 nacht ijs gaan - Politiek Heerenveen - Heerenveen Lokaal","og_description":"Heerenveen Lokaal gaat niet over 1 nacht ijs in het besluit om van de ijshockeyhal een niet alleen een breedtesporthal te maken.","og_url":"https:\/\/heerenveenlokaal.nl\/fy\/niet-over-1-nacht-ijs-gaan\/","og_site_name":"Politiek Heerenveen - Heerenveen Lokaal","article_published_time":"2020-06-19T17:11:32+00:00","og_image":[{"width":1120,"height":744,"url":"https:\/\/heerenveenlokaal.nl\/wp-content\/uploads\/2020\/06\/ijshockeyhal-heerenveen-lokaal.jpg","type":"image\/jpeg"}],"author":"Heerenveen Lokaal","twitter_card":"summary_large_image","twitter_misc":{"Skreaun troch":"Heerenveen Lokaal","Est. l\u00eastiid":"3 minuten"},"schema":{"@context":"https:\/\/schema.org","@graph":[{"@type":"Article","@id":"https:\/\/heerenveenlokaal.nl\/niet-over-1-nacht-ijs-gaan\/#article","isPartOf":{"@id":"https:\/\/heerenveenlokaal.nl\/niet-over-1-nacht-ijs-gaan\/"},"author":{"name":"Heerenveen Lokaal","@id":"https:\/\/heerenveenlokaal.nl\/#\/schema\/person\/98668054f6b5255c57eb8070a7495491"},"headline":"Niet over 1 nacht ijs gaan","datePublished":"2020-06-19T17:11:32+00:00","mainEntityOfPage":{"@id":"https:\/\/heerenveenlokaal.nl\/niet-over-1-nacht-ijs-gaan\/"},"wordCount":1035,"publisher":{"@id":"https:\/\/heerenveenlokaal.nl\/#organization"},"image":{"@id":"https:\/\/heerenveenlokaal.nl\/niet-over-1-nacht-ijs-gaan\/#primaryimage"},"thumbnailUrl":"https:\/\/heerenveenlokaal.nl\/wp-content\/uploads\/2020\/06\/ijshockeyhal-heerenveen-lokaal.webp","keywords":["thialf","topsportijshal"],"articleSection":["Nieuws"],"inLanguage":"fy"},{"@type":"WebPage","@id":"https:\/\/heerenveenlokaal.nl\/niet-over-1-nacht-ijs-gaan\/","url":"https:\/\/heerenveenlokaal.nl\/niet-over-1-nacht-ijs-gaan\/","name":"Niet over 1 nacht ijs gaan - Politiek Heerenveen - Heerenveen Lokaal","isPartOf":{"@id":"https:\/\/heerenveenlokaal.nl\/#website"},"primaryImageOfPage":{"@id":"https:\/\/heerenveenlokaal.nl\/niet-over-1-nacht-ijs-gaan\/#primaryimage"},"image":{"@id":"https:\/\/heerenveenlokaal.nl\/niet-over-1-nacht-ijs-gaan\/#primaryimage"},"thumbnailUrl":"https:\/\/heerenveenlokaal.nl\/wp-content\/uploads\/2020\/06\/ijshockeyhal-heerenveen-lokaal.webp","datePublished":"2020-06-19T17:11:32+00:00","description":"Heerenveen Lokaal gaat niet over 1 nacht ijs in het besluit om van de ijshockeyhal een niet alleen een breedtesporthal te maken.","breadcrumb":{"@id":"https:\/\/heerenveenlokaal.nl\/niet-over-1-nacht-ijs-gaan\/#breadcrumb"},"inLanguage":"fy","potentialAction":[{"@type":"ReadAction","target":["https:\/\/heerenveenlokaal.nl\/niet-over-1-nacht-ijs-gaan\/"]}]},{"@type":"ImageObject","inLanguage":"fy","@id":"https:\/\/heerenveenlokaal.nl\/niet-over-1-nacht-ijs-gaan\/#primaryimage","url":"https:\/\/heerenveenlokaal.nl\/wp-content\/uploads\/2020\/06\/ijshockeyhal-heerenveen-lokaal.webp","contentUrl":"https:\/\/heerenveenlokaal.nl\/wp-content\/uploads\/2020\/06\/ijshockeyhal-heerenveen-lokaal.webp","width":1120,"height":744,"caption":"heerenveen lokaal"},{"@type":"BreadcrumbList","@id":"https:\/\/heerenveenlokaal.nl\/niet-over-1-nacht-ijs-gaan\/#breadcrumb","itemListElement":[{"@type":"ListItem","position":1,"name":"Home","item":"https:\/\/heerenveenlokaal.nl\/"},{"@type":"ListItem","position":2,"name":"Niet over 1 nacht ijs gaan"}]},{"@type":"WebSite","@id":"https:\/\/heerenveenlokaal.nl\/#website","url":"https:\/\/heerenveenlokaal.nl\/","name":"Politiek Heerenveen - Heerenveen Lokaal","description":"","publisher":{"@id":"https:\/\/heerenveenlokaal.nl\/#organization"},"potentialAction":[{"@type":"SearchAction","target":{"@type":"EntryPoint","urlTemplate":"https:\/\/heerenveenlokaal.nl\/?s={search_term_string}"},"query-input":{"@type":"PropertyValueSpecification","valueRequired":true,"valueName":"search_term_string"}}],"inLanguage":"fy"},{"@type":"Organization","@id":"https:\/\/heerenveenlokaal.nl\/#organization","name":"Politiek Heerenveen - Heerenveen Lokaal","url":"https:\/\/heerenveenlokaal.nl\/","logo":{"@type":"ImageObject","inLanguage":"fy","@id":"https:\/\/heerenveenlokaal.nl\/#\/schema\/logo\/image\/","url":"https:\/\/heerenveenlokaal.nl\/wp-content\/uploads\/2019\/05\/cropped-cropped-Logo_Heerenveen_Lokaal_web.jpg","contentUrl":"https:\/\/heerenveenlokaal.nl\/wp-content\/uploads\/2019\/05\/cropped-cropped-Logo_Heerenveen_Lokaal_web.jpg","width":512,"height":512,"caption":"Politiek Heerenveen - Heerenveen Lokaal"},"image":{"@id":"https:\/\/heerenveenlokaal.nl\/#\/schema\/logo\/image\/"}},{"@type":"Person","@id":"https:\/\/heerenveenlokaal.nl\/#\/schema\/person\/98668054f6b5255c57eb8070a7495491","name":"It Hearrenfean Lokaal","image":{"@type":"ImageObject","inLanguage":"fy","@id":"https:\/\/secure.gravatar.com\/avatar\/a4ce14b15561bb0f6dcbd7344ac3b89389066c949bfe8f9866f9c298f28ef103?s=96&d=mm&r=g","url":"https:\/\/secure.gravatar.com\/avatar\/a4ce14b15561bb0f6dcbd7344ac3b89389066c949bfe8f9866f9c298f28ef103?s=96&d=mm&r=g","contentUrl":"https:\/\/secure.gravatar.com\/avatar\/a4ce14b15561bb0f6dcbd7344ac3b89389066c949bfe8f9866f9c298f28ef103?s=96&d=mm&r=g","caption":"Heerenveen Lokaal"},"description":"Heerenveen Lokaal is een dynamisch platform dat zich inzet voor de gemeenschap van Gemeente Heerenveen. Met een focus op lokale politiek, nieuws en evenementen, biedt Heerenveen Lokaal een stem aan de inwoners en bevordert het betrokkenheid en participatie. Ons team bestaat uit gepassioneerde individuen die zich inzetten voor transparantie, informatievoorziening en het versterken van de lokale democratie. Samen streven we naar een Heerenveen waar iedereen gehoord wordt en waar we gezamenlijk werken aan een betere toekomst.","url":"https:\/\/heerenveenlokaal.nl\/fy\/author\/heerenveen-lokaal\/"}]}},"_links":{"self":[{"href":"https:\/\/heerenveenlokaal.nl\/fy\/wp-json\/wp\/v2\/posts\/715","targetHints":{"allow":["GET"]}}],"collection":[{"href":"https:\/\/heerenveenlokaal.nl\/fy\/wp-json\/wp\/v2\/posts"}],"about":[{"href":"https:\/\/heerenveenlokaal.nl\/fy\/wp-json\/wp\/v2\/types\/post"}],"author":[{"embeddable":true,"href":"https:\/\/heerenveenlokaal.nl\/fy\/wp-json\/wp\/v2\/users\/3"}],"replies":[{"embeddable":true,"href":"https:\/\/heerenveenlokaal.nl\/fy\/wp-json\/wp\/v2\/comments?post=715"}],"version-history":[{"count":0,"href":"https:\/\/heerenveenlokaal.nl\/fy\/wp-json\/wp\/v2\/posts\/715\/revisions"}],"wp:featuredmedia":[{"embeddable":true,"href":"https:\/\/heerenveenlokaal.nl\/fy\/wp-json\/wp\/v2\/media\/717"}],"wp:attachment":[{"href":"https:\/\/heerenveenlokaal.nl\/fy\/wp-json\/wp\/v2\/media?parent=715"}],"wp:term":[{"taxonomy":"category","embeddable":true,"href":"https:\/\/heerenveenlokaal.nl\/fy\/wp-json\/wp\/v2\/categories?post=715"},{"taxonomy":"post_tag","embeddable":true,"href":"https:\/\/heerenveenlokaal.nl\/fy\/wp-json\/wp\/v2\/tags?post=715"}],"curies":[{"name":"wp","href":"https:\/\/api.w.org\/{rel}","templated":true}]}}