{"id":911,"date":"2021-04-28T07:36:57","date_gmt":"2021-04-28T06:36:57","guid":{"rendered":"https:\/\/heerenveenlokaal.nl\/?p=911"},"modified":"2021-04-28T07:36:57","modified_gmt":"2021-04-28T06:36:57","slug":"samen-met-dorpen-en-wijken","status":"publish","type":"post","link":"https:\/\/heerenveenlokaal.nl\/fy\/samen-met-dorpen-en-wijken\/","title":{"rendered":"Tegearre mei doarpen en buerten"},"content":{"rendered":"<p>Hearrenfean Lokaal \u00fbntwikkelt syn belied tegearre mei Doarpen en Buerten. Wy binne gjin nasjonale politike partij. Us idee\u00ebn komme fan &#039;e minsken om \u00fas hinne, \u00fat doarpen en buerten. Tegearre mei jo jouwe wy foarm oan it politike belied fan Hearrenfean Lokaal.<\/p>\n\n\n\n<figure class=\"wp-block-embed is-type-video is-provider-youtube wp-block-embed-youtube wp-embed-aspect-16-9 wp-has-aspect-ratio\"><div class=\"wp-block-embed__wrapper\">\n<iframe title=\"Doarpen en buerten dogge it sels\" width=\"800\" height=\"450\" src=\"https:\/\/www.youtube.com\/embed\/ODASUX--4-4?feature=oembed\" frameborder=\"0\" allow=\"accelerometer; autoplay; clipboard-write; encrypted-media; gyroscope; picture-in-picture\" allowfullscreen><\/iframe>\n<\/div><figcaption><a href=\"https:\/\/heerenveenlokaal.nl\/age-hartsuiker\/\">Age Hartsuiker Heerenveen Lokaal<\/a><\/figcaption><\/figure>","protected":false},"excerpt":{"rendered":"<p>Hearrenfean Lokaal \u00fbntwikkelt syn belied tegearre mei Doarpen en Buerten. Wy binne gjin nasjonale politike partij. Us idee\u00ebn komme fan &#039;e minsken om \u00fas hinne, \u00fat doarpen en buerten. Tegearre mei jo jouwe wy foarm oan it politike belied fan Hearrenfean Lokaal.<\/p>","protected":false},"author":3,"featured_media":921,"comment_status":"closed","ping_status":"closed","sticky":false,"template":"","format":"standard","meta":{"_acf_changed":false,"mc4wp_mailchimp_campaign":[],"footnotes":""},"categories":[13],"tags":[78],"class_list":["post-911","post","type-post","status-publish","format-standard","has-post-thumbnail","hentry","category-nieuws","tag-politiek-heerenveen"],"acf":[],"yoast_head":"<!-- This site is optimized with the Yoast SEO plugin v27.4 - https:\/\/yoast.com\/product\/yoast-seo-wordpress\/ -->\n<title>Samen met Dorpen en Wijken - Politiek Heerenveen - Heerenveen Lokaal<\/title>\n<meta name=\"description\" content=\"Samen met dorpen en wijken maakt Heerenveen Lokaal haar beleid. Wil jij dit mee ondersteunen? Wij zijn geen landelijke partij.\" \/>\n<meta name=\"robots\" content=\"index, follow, max-snippet:-1, max-image-preview:large, max-video-preview:-1\" \/>\n<link rel=\"canonical\" href=\"https:\/\/heerenveenlokaal.nl\/fy\/samen-met-dorpen-en-wijken\/\" \/>\n<meta property=\"og:locale\" content=\"en_US\" \/>\n<meta property=\"og:type\" content=\"article\" \/>\n<meta property=\"og:title\" content=\"Samen met Dorpen en Wijken - Politiek Heerenveen - Heerenveen Lokaal\" \/>\n<meta property=\"og:description\" content=\"Samen met dorpen en wijken maakt Heerenveen Lokaal haar beleid. Wil jij dit mee ondersteunen? Wij zijn geen landelijke partij.\" \/>\n<meta property=\"og:url\" content=\"https:\/\/heerenveenlokaal.nl\/fy\/samen-met-dorpen-en-wijken\/\" \/>\n<meta property=\"og:site_name\" content=\"Politiek Heerenveen - Heerenveen Lokaal\" \/>\n<meta property=\"article:published_time\" content=\"2021-04-28T06:36:57+00:00\" \/>\n<meta property=\"og:image\" content=\"https:\/\/heerenveenlokaal.nl\/wp-content\/uploads\/2021\/04\/Heerenveen-Lokaal-samen-met-dorpen-en-wijken-1024x589.png\" \/>\n\t<meta property=\"og:image:width\" content=\"1024\" \/>\n\t<meta property=\"og:image:height\" content=\"589\" \/>\n\t<meta property=\"og:image:type\" content=\"image\/png\" \/>\n<meta name=\"author\" content=\"Heerenveen Lokaal\" \/>\n<meta name=\"twitter:card\" content=\"summary_large_image\" \/>\n<meta name=\"twitter:label1\" content=\"Skreaun troch\" \/>\n\t<meta name=\"twitter:data1\" content=\"Heerenveen Lokaal\" \/>\n\t<meta name=\"twitter:label2\" content=\"Est. l\u00eastiid\" \/>\n\t<meta name=\"twitter:data2\" content=\"1 min\u00fat\" \/>\n<script type=\"application\/ld+json\" class=\"yoast-schema-graph\">{\"@context\":\"https:\\\/\\\/schema.org\",\"@graph\":[{\"@type\":\"Article\",\"@id\":\"https:\\\/\\\/heerenveenlokaal.nl\\\/samen-met-dorpen-en-wijken\\\/#article\",\"isPartOf\":{\"@id\":\"https:\\\/\\\/heerenveenlokaal.nl\\\/samen-met-dorpen-en-wijken\\\/\"},\"author\":{\"name\":\"Heerenveen Lokaal\",\"@id\":\"https:\\\/\\\/heerenveenlokaal.nl\\\/#\\\/schema\\\/person\\\/98668054f6b5255c57eb8070a7495491\"},\"headline\":\"Samen met Dorpen en Wijken\",\"datePublished\":\"2021-04-28T06:36:57+00:00\",\"mainEntityOfPage\":{\"@id\":\"https:\\\/\\\/heerenveenlokaal.nl\\\/samen-met-dorpen-en-wijken\\\/\"},\"wordCount\":55,\"publisher\":{\"@id\":\"https:\\\/\\\/heerenveenlokaal.nl\\\/#organization\"},\"image\":{\"@id\":\"https:\\\/\\\/heerenveenlokaal.nl\\\/samen-met-dorpen-en-wijken\\\/#primaryimage\"},\"thumbnailUrl\":\"https:\\\/\\\/heerenveenlokaal.nl\\\/wp-content\\\/uploads\\\/2021\\\/04\\\/Heerenveen-Lokaal-samen-met-dorpen-en-wijken.webp\",\"keywords\":[\"politiek heerenveen\"],\"articleSection\":[\"Nieuws\"],\"inLanguage\":\"fy\"},{\"@type\":\"WebPage\",\"@id\":\"https:\\\/\\\/heerenveenlokaal.nl\\\/samen-met-dorpen-en-wijken\\\/\",\"url\":\"https:\\\/\\\/heerenveenlokaal.nl\\\/samen-met-dorpen-en-wijken\\\/\",\"name\":\"Samen met Dorpen en Wijken - Politiek Heerenveen - Heerenveen Lokaal\",\"isPartOf\":{\"@id\":\"https:\\\/\\\/heerenveenlokaal.nl\\\/#website\"},\"primaryImageOfPage\":{\"@id\":\"https:\\\/\\\/heerenveenlokaal.nl\\\/samen-met-dorpen-en-wijken\\\/#primaryimage\"},\"image\":{\"@id\":\"https:\\\/\\\/heerenveenlokaal.nl\\\/samen-met-dorpen-en-wijken\\\/#primaryimage\"},\"thumbnailUrl\":\"https:\\\/\\\/heerenveenlokaal.nl\\\/wp-content\\\/uploads\\\/2021\\\/04\\\/Heerenveen-Lokaal-samen-met-dorpen-en-wijken.webp\",\"datePublished\":\"2021-04-28T06:36:57+00:00\",\"description\":\"Samen met dorpen en wijken maakt Heerenveen Lokaal haar beleid. Wil jij dit mee ondersteunen? Wij zijn geen landelijke partij.\",\"breadcrumb\":{\"@id\":\"https:\\\/\\\/heerenveenlokaal.nl\\\/samen-met-dorpen-en-wijken\\\/#breadcrumb\"},\"inLanguage\":\"fy\",\"potentialAction\":[{\"@type\":\"ReadAction\",\"target\":[\"https:\\\/\\\/heerenveenlokaal.nl\\\/samen-met-dorpen-en-wijken\\\/\"]}]},{\"@type\":\"ImageObject\",\"inLanguage\":\"fy\",\"@id\":\"https:\\\/\\\/heerenveenlokaal.nl\\\/samen-met-dorpen-en-wijken\\\/#primaryimage\",\"url\":\"https:\\\/\\\/heerenveenlokaal.nl\\\/wp-content\\\/uploads\\\/2021\\\/04\\\/Heerenveen-Lokaal-samen-met-dorpen-en-wijken.webp\",\"contentUrl\":\"https:\\\/\\\/heerenveenlokaal.nl\\\/wp-content\\\/uploads\\\/2021\\\/04\\\/Heerenveen-Lokaal-samen-met-dorpen-en-wijken.webp\",\"width\":1920,\"height\":1104,\"caption\":\"Dorpen en wijken van Heerenveen - Heerenveen Lokaal\"},{\"@type\":\"BreadcrumbList\",\"@id\":\"https:\\\/\\\/heerenveenlokaal.nl\\\/samen-met-dorpen-en-wijken\\\/#breadcrumb\",\"itemListElement\":[{\"@type\":\"ListItem\",\"position\":1,\"name\":\"Home\",\"item\":\"https:\\\/\\\/heerenveenlokaal.nl\\\/\"},{\"@type\":\"ListItem\",\"position\":2,\"name\":\"Samen met Dorpen en Wijken\"}]},{\"@type\":\"WebSite\",\"@id\":\"https:\\\/\\\/heerenveenlokaal.nl\\\/#website\",\"url\":\"https:\\\/\\\/heerenveenlokaal.nl\\\/\",\"name\":\"Politiek Heerenveen - Heerenveen Lokaal\",\"description\":\"\",\"publisher\":{\"@id\":\"https:\\\/\\\/heerenveenlokaal.nl\\\/#organization\"},\"potentialAction\":[{\"@type\":\"SearchAction\",\"target\":{\"@type\":\"EntryPoint\",\"urlTemplate\":\"https:\\\/\\\/heerenveenlokaal.nl\\\/?s={search_term_string}\"},\"query-input\":{\"@type\":\"PropertyValueSpecification\",\"valueRequired\":true,\"valueName\":\"search_term_string\"}}],\"inLanguage\":\"fy\"},{\"@type\":\"Organization\",\"@id\":\"https:\\\/\\\/heerenveenlokaal.nl\\\/#organization\",\"name\":\"Politiek Heerenveen - Heerenveen Lokaal\",\"url\":\"https:\\\/\\\/heerenveenlokaal.nl\\\/\",\"logo\":{\"@type\":\"ImageObject\",\"inLanguage\":\"fy\",\"@id\":\"https:\\\/\\\/heerenveenlokaal.nl\\\/#\\\/schema\\\/logo\\\/image\\\/\",\"url\":\"https:\\\/\\\/heerenveenlokaal.nl\\\/wp-content\\\/uploads\\\/2019\\\/05\\\/cropped-cropped-Logo_Heerenveen_Lokaal_web.jpg\",\"contentUrl\":\"https:\\\/\\\/heerenveenlokaal.nl\\\/wp-content\\\/uploads\\\/2019\\\/05\\\/cropped-cropped-Logo_Heerenveen_Lokaal_web.jpg\",\"width\":512,\"height\":512,\"caption\":\"Politiek Heerenveen - Heerenveen Lokaal\"},\"image\":{\"@id\":\"https:\\\/\\\/heerenveenlokaal.nl\\\/#\\\/schema\\\/logo\\\/image\\\/\"}},{\"@type\":\"Person\",\"@id\":\"https:\\\/\\\/heerenveenlokaal.nl\\\/#\\\/schema\\\/person\\\/98668054f6b5255c57eb8070a7495491\",\"name\":\"Heerenveen Lokaal\",\"image\":{\"@type\":\"ImageObject\",\"inLanguage\":\"fy\",\"@id\":\"https:\\\/\\\/secure.gravatar.com\\\/avatar\\\/a4ce14b15561bb0f6dcbd7344ac3b89389066c949bfe8f9866f9c298f28ef103?s=96&d=mm&r=g\",\"url\":\"https:\\\/\\\/secure.gravatar.com\\\/avatar\\\/a4ce14b15561bb0f6dcbd7344ac3b89389066c949bfe8f9866f9c298f28ef103?s=96&d=mm&r=g\",\"contentUrl\":\"https:\\\/\\\/secure.gravatar.com\\\/avatar\\\/a4ce14b15561bb0f6dcbd7344ac3b89389066c949bfe8f9866f9c298f28ef103?s=96&d=mm&r=g\",\"caption\":\"Heerenveen Lokaal\"},\"description\":\"Heerenveen Lokaal is een dynamisch platform dat zich inzet voor de gemeenschap van Gemeente Heerenveen. Met een focus op lokale politiek, nieuws en evenementen, biedt Heerenveen Lokaal een stem aan de inwoners en bevordert het betrokkenheid en participatie. Ons team bestaat uit gepassioneerde individuen die zich inzetten voor transparantie, informatievoorziening en het versterken van de lokale democratie. Samen streven we naar een Heerenveen waar iedereen gehoord wordt en waar we gezamenlijk werken aan een betere toekomst.\",\"url\":\"https:\\\/\\\/heerenveenlokaal.nl\\\/fy\\\/author\\\/heerenveen-lokaal\\\/\"}]}<\/script>\n<!-- \/ Yoast SEO plugin. -->","yoast_head_json":{"title":"Samen met Dorpen en Wijken - Politiek Heerenveen - Heerenveen Lokaal","description":"Samen met dorpen en wijken maakt Heerenveen Lokaal haar beleid. Wil jij dit mee ondersteunen? Wij zijn geen landelijke partij.","robots":{"index":"index","follow":"follow","max-snippet":"max-snippet:-1","max-image-preview":"max-image-preview:large","max-video-preview":"max-video-preview:-1"},"canonical":"https:\/\/heerenveenlokaal.nl\/fy\/samen-met-dorpen-en-wijken\/","og_locale":"en_US","og_type":"article","og_title":"Samen met Dorpen en Wijken - Politiek Heerenveen - Heerenveen Lokaal","og_description":"Samen met dorpen en wijken maakt Heerenveen Lokaal haar beleid. Wil jij dit mee ondersteunen? Wij zijn geen landelijke partij.","og_url":"https:\/\/heerenveenlokaal.nl\/fy\/samen-met-dorpen-en-wijken\/","og_site_name":"Politiek Heerenveen - Heerenveen Lokaal","article_published_time":"2021-04-28T06:36:57+00:00","og_image":[{"width":1024,"height":589,"url":"https:\/\/heerenveenlokaal.nl\/wp-content\/uploads\/2021\/04\/Heerenveen-Lokaal-samen-met-dorpen-en-wijken-1024x589.png","type":"image\/png"}],"author":"Heerenveen Lokaal","twitter_card":"summary_large_image","twitter_misc":{"Skreaun troch":"Heerenveen Lokaal","Est. l\u00eastiid":"1 min\u00fat"},"schema":{"@context":"https:\/\/schema.org","@graph":[{"@type":"Article","@id":"https:\/\/heerenveenlokaal.nl\/samen-met-dorpen-en-wijken\/#article","isPartOf":{"@id":"https:\/\/heerenveenlokaal.nl\/samen-met-dorpen-en-wijken\/"},"author":{"name":"Heerenveen Lokaal","@id":"https:\/\/heerenveenlokaal.nl\/#\/schema\/person\/98668054f6b5255c57eb8070a7495491"},"headline":"Samen met Dorpen en Wijken","datePublished":"2021-04-28T06:36:57+00:00","mainEntityOfPage":{"@id":"https:\/\/heerenveenlokaal.nl\/samen-met-dorpen-en-wijken\/"},"wordCount":55,"publisher":{"@id":"https:\/\/heerenveenlokaal.nl\/#organization"},"image":{"@id":"https:\/\/heerenveenlokaal.nl\/samen-met-dorpen-en-wijken\/#primaryimage"},"thumbnailUrl":"https:\/\/heerenveenlokaal.nl\/wp-content\/uploads\/2021\/04\/Heerenveen-Lokaal-samen-met-dorpen-en-wijken.webp","keywords":["politiek heerenveen"],"articleSection":["Nieuws"],"inLanguage":"fy"},{"@type":"WebPage","@id":"https:\/\/heerenveenlokaal.nl\/samen-met-dorpen-en-wijken\/","url":"https:\/\/heerenveenlokaal.nl\/samen-met-dorpen-en-wijken\/","name":"Samen met Dorpen en Wijken - Politiek Heerenveen - Heerenveen Lokaal","isPartOf":{"@id":"https:\/\/heerenveenlokaal.nl\/#website"},"primaryImageOfPage":{"@id":"https:\/\/heerenveenlokaal.nl\/samen-met-dorpen-en-wijken\/#primaryimage"},"image":{"@id":"https:\/\/heerenveenlokaal.nl\/samen-met-dorpen-en-wijken\/#primaryimage"},"thumbnailUrl":"https:\/\/heerenveenlokaal.nl\/wp-content\/uploads\/2021\/04\/Heerenveen-Lokaal-samen-met-dorpen-en-wijken.webp","datePublished":"2021-04-28T06:36:57+00:00","description":"Samen met dorpen en wijken maakt Heerenveen Lokaal haar beleid. Wil jij dit mee ondersteunen? Wij zijn geen landelijke partij.","breadcrumb":{"@id":"https:\/\/heerenveenlokaal.nl\/samen-met-dorpen-en-wijken\/#breadcrumb"},"inLanguage":"fy","potentialAction":[{"@type":"ReadAction","target":["https:\/\/heerenveenlokaal.nl\/samen-met-dorpen-en-wijken\/"]}]},{"@type":"ImageObject","inLanguage":"fy","@id":"https:\/\/heerenveenlokaal.nl\/samen-met-dorpen-en-wijken\/#primaryimage","url":"https:\/\/heerenveenlokaal.nl\/wp-content\/uploads\/2021\/04\/Heerenveen-Lokaal-samen-met-dorpen-en-wijken.webp","contentUrl":"https:\/\/heerenveenlokaal.nl\/wp-content\/uploads\/2021\/04\/Heerenveen-Lokaal-samen-met-dorpen-en-wijken.webp","width":1920,"height":1104,"caption":"Dorpen en wijken van Heerenveen - Heerenveen Lokaal"},{"@type":"BreadcrumbList","@id":"https:\/\/heerenveenlokaal.nl\/samen-met-dorpen-en-wijken\/#breadcrumb","itemListElement":[{"@type":"ListItem","position":1,"name":"Home","item":"https:\/\/heerenveenlokaal.nl\/"},{"@type":"ListItem","position":2,"name":"Samen met Dorpen en Wijken"}]},{"@type":"WebSite","@id":"https:\/\/heerenveenlokaal.nl\/#website","url":"https:\/\/heerenveenlokaal.nl\/","name":"Politiek Heerenveen - Heerenveen Lokaal","description":"","publisher":{"@id":"https:\/\/heerenveenlokaal.nl\/#organization"},"potentialAction":[{"@type":"SearchAction","target":{"@type":"EntryPoint","urlTemplate":"https:\/\/heerenveenlokaal.nl\/?s={search_term_string}"},"query-input":{"@type":"PropertyValueSpecification","valueRequired":true,"valueName":"search_term_string"}}],"inLanguage":"fy"},{"@type":"Organization","@id":"https:\/\/heerenveenlokaal.nl\/#organization","name":"Politiek Heerenveen - Heerenveen Lokaal","url":"https:\/\/heerenveenlokaal.nl\/","logo":{"@type":"ImageObject","inLanguage":"fy","@id":"https:\/\/heerenveenlokaal.nl\/#\/schema\/logo\/image\/","url":"https:\/\/heerenveenlokaal.nl\/wp-content\/uploads\/2019\/05\/cropped-cropped-Logo_Heerenveen_Lokaal_web.jpg","contentUrl":"https:\/\/heerenveenlokaal.nl\/wp-content\/uploads\/2019\/05\/cropped-cropped-Logo_Heerenveen_Lokaal_web.jpg","width":512,"height":512,"caption":"Politiek Heerenveen - Heerenveen Lokaal"},"image":{"@id":"https:\/\/heerenveenlokaal.nl\/#\/schema\/logo\/image\/"}},{"@type":"Person","@id":"https:\/\/heerenveenlokaal.nl\/#\/schema\/person\/98668054f6b5255c57eb8070a7495491","name":"It Hearrenfean Lokaal","image":{"@type":"ImageObject","inLanguage":"fy","@id":"https:\/\/secure.gravatar.com\/avatar\/a4ce14b15561bb0f6dcbd7344ac3b89389066c949bfe8f9866f9c298f28ef103?s=96&d=mm&r=g","url":"https:\/\/secure.gravatar.com\/avatar\/a4ce14b15561bb0f6dcbd7344ac3b89389066c949bfe8f9866f9c298f28ef103?s=96&d=mm&r=g","contentUrl":"https:\/\/secure.gravatar.com\/avatar\/a4ce14b15561bb0f6dcbd7344ac3b89389066c949bfe8f9866f9c298f28ef103?s=96&d=mm&r=g","caption":"Heerenveen Lokaal"},"description":"Heerenveen Lokaal is een dynamisch platform dat zich inzet voor de gemeenschap van Gemeente Heerenveen. Met een focus op lokale politiek, nieuws en evenementen, biedt Heerenveen Lokaal een stem aan de inwoners en bevordert het betrokkenheid en participatie. Ons team bestaat uit gepassioneerde individuen die zich inzetten voor transparantie, informatievoorziening en het versterken van de lokale democratie. Samen streven we naar een Heerenveen waar iedereen gehoord wordt en waar we gezamenlijk werken aan een betere toekomst.","url":"https:\/\/heerenveenlokaal.nl\/fy\/author\/heerenveen-lokaal\/"}]}},"_links":{"self":[{"href":"https:\/\/heerenveenlokaal.nl\/fy\/wp-json\/wp\/v2\/posts\/911","targetHints":{"allow":["GET"]}}],"collection":[{"href":"https:\/\/heerenveenlokaal.nl\/fy\/wp-json\/wp\/v2\/posts"}],"about":[{"href":"https:\/\/heerenveenlokaal.nl\/fy\/wp-json\/wp\/v2\/types\/post"}],"author":[{"embeddable":true,"href":"https:\/\/heerenveenlokaal.nl\/fy\/wp-json\/wp\/v2\/users\/3"}],"replies":[{"embeddable":true,"href":"https:\/\/heerenveenlokaal.nl\/fy\/wp-json\/wp\/v2\/comments?post=911"}],"version-history":[{"count":0,"href":"https:\/\/heerenveenlokaal.nl\/fy\/wp-json\/wp\/v2\/posts\/911\/revisions"}],"wp:featuredmedia":[{"embeddable":true,"href":"https:\/\/heerenveenlokaal.nl\/fy\/wp-json\/wp\/v2\/media\/921"}],"wp:attachment":[{"href":"https:\/\/heerenveenlokaal.nl\/fy\/wp-json\/wp\/v2\/media?parent=911"}],"wp:term":[{"taxonomy":"category","embeddable":true,"href":"https:\/\/heerenveenlokaal.nl\/fy\/wp-json\/wp\/v2\/categories?post=911"},{"taxonomy":"post_tag","embeddable":true,"href":"https:\/\/heerenveenlokaal.nl\/fy\/wp-json\/wp\/v2\/tags?post=911"}],"curies":[{"name":"wp","href":"https:\/\/api.w.org\/{rel}","templated":true}]}}